{"id":87350,"date":"2026-09-01T10:40:37","date_gmt":"2026-09-01T07:40:37","guid":{"rendered":"https:\/\/www.pelastusopisto.fi\/?p=87350"},"modified":"2026-09-01T10:40:41","modified_gmt":"2026-09-01T07:40:41","slug":"pelastusopisto-tasapainottaa-talouttaan","status":"publish","type":"post","link":"https:\/\/www.pelastusopisto.fi\/sv\/uutisia\/pelastusopisto-tasapainottaa-talouttaan\/","title":{"rendered":"Pelastusopisto tasapainottaa talouttaan"},"content":{"rendered":"\n<p class=\"wp-block-paragraph\">Pelastusopisto on p\u00e4\u00e4tt\u00e4nyt yhteistoimintamenettelyss\u00e4 useita talouden tasapainottamiseen t\u00e4ht\u00e4\u00e4vi\u00e4 toimenpiteit\u00e4 tuottavuusohjelman mukaisesti. Pelastusopiston tavoitteena on sopeuttaa toimintaa valtionhallinnon tuottavuus- ja s\u00e4\u00e4st\u00f6tavoitteisiin sek\u00e4 varmistaa Pelastusopiston lakis\u00e4\u00e4teisten teht\u00e4vien hoitaminen my\u00f6s tulevina vuosina olemassa olevalla rahoituksella.<\/p>\n\n\n\n<p class=\"wp-block-paragraph\">Neuvottelujen taustalla ovat valtionhallinnon tuottavuusohjelma ja Pelastusopiston tulevien vuosien rahoitukseen kohdistuvat s\u00e4\u00e4st\u00f6t. Pelastusopiston kehysrahoitusta leikataan lis\u00e4\u00e4 vuodesta 2027 alkaen noin 450 000 euroa vuodessa. Kokonaisuudessaan vuoden 2027 rahoitus on noin 600 000 euroa pienempi kuin vuonna 2026.<\/p>\n\n\n\n<p class=\"wp-block-paragraph\">Vuoden 2027 rahoitukseen Pelastusopistolle on jo osoitettu yhteens\u00e4 noin 1,4 miljoonan euron tuottavuustoimenpiteet, joita on k\u00e4sitelty osin jo aiemmissa yhteistoimintamenettelyiss\u00e4 ja joiden toimeenpano jatkuu edelleen. Kokonaisuutena s\u00e4\u00e4st\u00f6t edellytt\u00e4v\u00e4t merkitt\u00e4vi\u00e4 tuottavuustoimia, koska rahoitus ei en\u00e4\u00e4 kata toimintamenoja, yleiskustannusten korotuksia eik\u00e4 tarvittavia investointeja.<\/p>\n\n\n\n<p class=\"wp-block-paragraph\">Lopullinen tuottavuusohjelman toimeenpanop\u00e4\u00e4t\u00f6s sis\u00e4lt\u00e4\u00e4 sek\u00e4 laajoja toimintatapojen uudistamisia ett\u00e4 henkil\u00f6st\u00f6\u00f6n ja ulkopuolisiin tukipalveluihin kohdistuvia muutoksia. P\u00e4\u00e4t\u00f6ksess\u00e4 on muun muassa henkil\u00f6st\u00f6etuuksia, hallinto- ja tukipalvelujen j\u00e4rjest\u00e4mist\u00e4, opetustoiminnan resursointia sek\u00e4 er\u00e4iden toimintojen supistamista tai uudelleenj\u00e4rjestely\u00e4 koskevia toimenpiteit\u00e4.<\/p>\n\n\n\n<p class=\"wp-block-paragraph\">Pelastusopisto pyrkii ensisijaisesti toteuttamaan henkil\u00f6st\u00f6m\u00e4\u00e4r\u00e4n v\u00e4hent\u00e4mist\u00e4 el\u00e4k\u00f6itymisten ja m\u00e4\u00e4r\u00e4aikaisten palvelussuhteiden p\u00e4\u00e4ttymisten kautta. Osa toimenpiteist\u00e4 voi kuitenkin johtaa henkil\u00f6st\u00f6vaikutuksiin, mukaan lukien virkojen v\u00e4hent\u00e4miseen tilanteissa, joissa teht\u00e4v\u00e4t ovat pysyv\u00e4sti v\u00e4hentyneet tai p\u00e4\u00e4ttyneet kokonaan.<\/p>\n\n\n\n<p class=\"wp-block-paragraph\">Yhteistoimintamenettely on ollut osa talouden tasapainottamisen valmistelua. Neuvottelujen aikana on haettu n\u00e4kemyksi\u00e4 my\u00f6s henkil\u00f6st\u00f6lt\u00e4 sek\u00e4 vaihtoehtoisia ratkaisuja. Toimeenpano aloitetaan heti.<\/p>\n\n\n\n<p class=\"wp-block-paragraph\">Tulevien vuosien rahoitusn\u00e4kym\u00e4 on edelleen ep\u00e4vakaa, ja Pelastusopiston on varauduttava my\u00f6s uusiin lis\u00e4rahoitusleikkauksiin. T\u00e4m\u00e4 tarkoittaa, ett\u00e4 toiminnan supistamista ja uusien s\u00e4\u00e4st\u00f6mahdollisuuksien etsimist\u00e4 on jatkettava m\u00e4\u00e4r\u00e4tietoisesti my\u00f6s tulevina vuosina.<\/p>\n\n\n\n<p class=\"wp-block-paragraph\"><strong>Lis\u00e4tietoja:<\/strong><\/p>\n\n\n\n<p class=\"wp-block-paragraph\">Mervi Paakkinen,<br>rehtori<br>029 545 3470<\/p>\n\n\n\n<p class=\"wp-block-paragraph\">Kaarina Halonen,<br>hallintojohtaja<br>029 545 3437<\/p>\n\n\n\n<p class=\"wp-block-paragraph\">S\u00e4hk\u00f6postit ovat etunimi.sukunimi@pelastusopisto.fi<\/p>\n\n\n\n<p class=\"wp-block-paragraph\"><\/p>\n","protected":false},"excerpt":{"rendered":"<p>Pelastusopisto on p\u00e4\u00e4tt\u00e4nyt yhteistoimintamenettelyss\u00e4 useita talouden tasapainottamiseen t\u00e4ht\u00e4\u00e4vi\u00e4 toimenpiteit\u00e4 tuottavuusohjelman [&hellip;]<\/p>\n","protected":false},"author":65,"featured_media":87352,"comment_status":"closed","ping_status":"closed","sticky":false,"template":"","format":"standard","meta":{"_acf_changed":false,"_genesis_hide_title":false,"_genesis_hide_breadcrumbs":false,"_genesis_hide_singular_image":false,"_genesis_hide_footer_widgets":false,"_genesis_custom_body_class":"","_genesis_custom_post_class":"","_genesis_layout":"","footnotes":""},"categories":[91],"tags":[],"class_list":["post-87350","post","type-post","status-publish","format-standard","has-post-thumbnail","category-uutisia","entry"],"acf":[],"gutentor_comment":0,"yoast_head":"<!-- This site is optimized with the Yoast SEO plugin v28.3 - https:\/\/yoast.com\/product\/yoast-seo-wordpress\/ -->\n<title>Pelastusopisto tasapainottaa talouttaan - Pelastusopisto<\/title>\n<meta name=\"robots\" content=\"index, follow, max-snippet:-1, max-image-preview:large, max-video-preview:-1\" \/>\n<link rel=\"canonical\" href=\"https:\/\/www.pelastusopisto.fi\/sv\/uutisia\/pelastusopisto-tasapainottaa-talouttaan\/\" \/>\n<meta property=\"og:locale\" content=\"sv_SE\" \/>\n<meta property=\"og:type\" content=\"article\" \/>\n<meta property=\"og:title\" content=\"Pelastusopisto tasapainottaa talouttaan - Pelastusopisto\" \/>\n<meta property=\"og:description\" content=\"Pelastusopisto on p\u00e4\u00e4tt\u00e4nyt yhteistoimintamenettelyss\u00e4 useita talouden tasapainottamiseen t\u00e4ht\u00e4\u00e4vi\u00e4 toimenpiteit\u00e4 tuottavuusohjelman [&hellip;]\" \/>\n<meta property=\"og:url\" content=\"https:\/\/www.pelastusopisto.fi\/sv\/uutisia\/pelastusopisto-tasapainottaa-talouttaan\/\" \/>\n<meta property=\"og:site_name\" content=\"Pelastusopisto\" \/>\n<meta property=\"article:publisher\" content=\"https:\/\/www.facebook.com\/Pelastusopisto\/\" \/>\n<meta property=\"article:published_time\" content=\"2026-09-01T07:40:37+00:00\" \/>\n<meta property=\"article:modified_time\" content=\"2026-09-01T07:40:41+00:00\" \/>\n<meta property=\"og:image\" content=\"https:\/\/www.pelastusopisto.fi\/wp-content\/uploads\/ilmakuva-kampus-peo-8-2024-2_net.jpg\" \/>\n\t<meta property=\"og:image:width\" content=\"1200\" \/>\n\t<meta property=\"og:image:height\" content=\"800\" \/>\n\t<meta property=\"og:image:type\" content=\"image\/jpeg\" \/>\n<meta name=\"author\" content=\"Virve Kyll\u00f6nen\" \/>\n<meta name=\"twitter:card\" content=\"summary_large_image\" \/>\n<meta name=\"twitter:creator\" content=\"@Pelastusopisto\" \/>\n<meta name=\"twitter:site\" content=\"@Pelastusopisto\" \/>\n<meta name=\"twitter:label1\" content=\"Skriven av\" \/>\n\t<meta name=\"twitter:data1\" content=\"Virve Kyll\u00f6nen\" \/>\n\t<meta name=\"twitter:label2\" content=\"Ber\u00e4knad l\u00e4stid\" \/>\n\t<meta name=\"twitter:data2\" content=\"2 minuter\" \/>\n<script type=\"application\/ld+json\" class=\"yoast-schema-graph\">{\"@context\":\"https:\\\/\\\/schema.org\",\"@graph\":[{\"@type\":\"Article\",\"@id\":\"https:\\\/\\\/www.pelastusopisto.fi\\\/sv\\\/uutisia\\\/pelastusopisto-tasapainottaa-talouttaan\\\/#article\",\"isPartOf\":{\"@id\":\"https:\\\/\\\/www.pelastusopisto.fi\\\/sv\\\/uutisia\\\/pelastusopisto-tasapainottaa-talouttaan\\\/\"},\"author\":{\"name\":\"Virve Kyll\u00f6nen\",\"@id\":\"https:\\\/\\\/www.pelastusopisto.fi\\\/sv\\\/#\\\/schema\\\/person\\\/5f3474c0d0f844f798a8e940f44d5a43\"},\"headline\":\"Pelastusopisto tasapainottaa talouttaan\",\"datePublished\":\"2026-09-01T07:40:37+00:00\",\"dateModified\":\"2026-09-01T07:40:41+00:00\",\"mainEntityOfPage\":{\"@id\":\"https:\\\/\\\/www.pelastusopisto.fi\\\/sv\\\/uutisia\\\/pelastusopisto-tasapainottaa-talouttaan\\\/\"},\"wordCount\":297,\"publisher\":{\"@id\":\"https:\\\/\\\/www.pelastusopisto.fi\\\/sv\\\/#organization\"},\"image\":{\"@id\":\"https:\\\/\\\/www.pelastusopisto.fi\\\/sv\\\/uutisia\\\/pelastusopisto-tasapainottaa-talouttaan\\\/#primaryimage\"},\"thumbnailUrl\":\"https:\\\/\\\/www.pelastusopisto.fi\\\/wp-content\\\/uploads\\\/ilmakuva-kampus-peo-8-2024-2_net.jpg\",\"articleSection\":[\"Uutisia\"],\"inLanguage\":\"sv-SE\"},{\"@type\":\"WebPage\",\"@id\":\"https:\\\/\\\/www.pelastusopisto.fi\\\/sv\\\/uutisia\\\/pelastusopisto-tasapainottaa-talouttaan\\\/\",\"url\":\"https:\\\/\\\/www.pelastusopisto.fi\\\/sv\\\/uutisia\\\/pelastusopisto-tasapainottaa-talouttaan\\\/\",\"name\":\"Pelastusopisto tasapainottaa talouttaan - Pelastusopisto\",\"isPartOf\":{\"@id\":\"https:\\\/\\\/www.pelastusopisto.fi\\\/sv\\\/#website\"},\"primaryImageOfPage\":{\"@id\":\"https:\\\/\\\/www.pelastusopisto.fi\\\/sv\\\/uutisia\\\/pelastusopisto-tasapainottaa-talouttaan\\\/#primaryimage\"},\"image\":{\"@id\":\"https:\\\/\\\/www.pelastusopisto.fi\\\/sv\\\/uutisia\\\/pelastusopisto-tasapainottaa-talouttaan\\\/#primaryimage\"},\"thumbnailUrl\":\"https:\\\/\\\/www.pelastusopisto.fi\\\/wp-content\\\/uploads\\\/ilmakuva-kampus-peo-8-2024-2_net.jpg\",\"datePublished\":\"2026-09-01T07:40:37+00:00\",\"dateModified\":\"2026-09-01T07:40:41+00:00\",\"breadcrumb\":{\"@id\":\"https:\\\/\\\/www.pelastusopisto.fi\\\/sv\\\/uutisia\\\/pelastusopisto-tasapainottaa-talouttaan\\\/#breadcrumb\"},\"inLanguage\":\"sv-SE\",\"potentialAction\":[{\"@type\":\"ReadAction\",\"target\":[\"https:\\\/\\\/www.pelastusopisto.fi\\\/sv\\\/uutisia\\\/pelastusopisto-tasapainottaa-talouttaan\\\/\"]}]},{\"@type\":\"ImageObject\",\"inLanguage\":\"sv-SE\",\"@id\":\"https:\\\/\\\/www.pelastusopisto.fi\\\/sv\\\/uutisia\\\/pelastusopisto-tasapainottaa-talouttaan\\\/#primaryimage\",\"url\":\"https:\\\/\\\/www.pelastusopisto.fi\\\/wp-content\\\/uploads\\\/ilmakuva-kampus-peo-8-2024-2_net.jpg\",\"contentUrl\":\"https:\\\/\\\/www.pelastusopisto.fi\\\/wp-content\\\/uploads\\\/ilmakuva-kampus-peo-8-2024-2_net.jpg\",\"width\":1200,\"height\":800,\"caption\":\"Pelastusopiston kampusalue ilmasta kuvattuna.\"},{\"@type\":\"BreadcrumbList\",\"@id\":\"https:\\\/\\\/www.pelastusopisto.fi\\\/sv\\\/uutisia\\\/pelastusopisto-tasapainottaa-talouttaan\\\/#breadcrumb\",\"itemListElement\":[{\"@type\":\"ListItem\",\"position\":1,\"name\":\"Home\",\"item\":\"https:\\\/\\\/www.pelastusopisto.fi\\\/sv\\\/\"},{\"@type\":\"ListItem\",\"position\":2,\"name\":\"Pelastusopisto tasapainottaa talouttaan\"}]},{\"@type\":\"WebSite\",\"@id\":\"https:\\\/\\\/www.pelastusopisto.fi\\\/sv\\\/#website\",\"url\":\"https:\\\/\\\/www.pelastusopisto.fi\\\/sv\\\/\",\"name\":\"Pelastusopisto\",\"description\":\"\",\"publisher\":{\"@id\":\"https:\\\/\\\/www.pelastusopisto.fi\\\/sv\\\/#organization\"},\"potentialAction\":[{\"@type\":\"SearchAction\",\"target\":{\"@type\":\"EntryPoint\",\"urlTemplate\":\"https:\\\/\\\/www.pelastusopisto.fi\\\/sv\\\/?s={search_term_string}\"},\"query-input\":{\"@type\":\"PropertyValueSpecification\",\"valueRequired\":true,\"valueName\":\"search_term_string\"}}],\"inLanguage\":\"sv-SE\"},{\"@type\":\"Organization\",\"@id\":\"https:\\\/\\\/www.pelastusopisto.fi\\\/sv\\\/#organization\",\"name\":\"Pelastusopisto\",\"url\":\"https:\\\/\\\/www.pelastusopisto.fi\\\/sv\\\/\",\"logo\":{\"@type\":\"ImageObject\",\"inLanguage\":\"sv-SE\",\"@id\":\"https:\\\/\\\/www.pelastusopisto.fi\\\/sv\\\/#\\\/schema\\\/logo\\\/image\\\/\",\"url\":\"https:\\\/\\\/www.pelastusopisto.fi\\\/wp-content\\\/uploads\\\/pelastusopisto-logo-net.png\",\"contentUrl\":\"https:\\\/\\\/www.pelastusopisto.fi\\\/wp-content\\\/uploads\\\/pelastusopisto-logo-net.png\",\"width\":387,\"height\":71,\"caption\":\"Pelastusopisto\"},\"image\":{\"@id\":\"https:\\\/\\\/www.pelastusopisto.fi\\\/sv\\\/#\\\/schema\\\/logo\\\/image\\\/\"},\"sameAs\":[\"https:\\\/\\\/www.facebook.com\\\/Pelastusopisto\\\/\",\"https:\\\/\\\/x.com\\\/Pelastusopisto\",\"https:\\\/\\\/www.instagram.com\\\/pelastusopisto\\\/\",\"https:\\\/\\\/fi.linkedin.com\\\/school\\\/pelastusopisto\\\/\",\"https:\\\/\\\/www.youtube.com\\\/channel\\\/UCQjXYneFsnDYnJtZBfr9Ajg\"]},{\"@type\":\"Person\",\"@id\":\"https:\\\/\\\/www.pelastusopisto.fi\\\/sv\\\/#\\\/schema\\\/person\\\/5f3474c0d0f844f798a8e940f44d5a43\",\"name\":\"Virve Kyll\u00f6nen\",\"url\":\"https:\\\/\\\/www.pelastusopisto.fi\\\/sv\\\/author\\\/virv-kyll\\\/\"}]}<\/script>\n<!-- \/ Yoast SEO plugin. -->","yoast_head_json":{"title":"Pelastusopisto tasapainottaa talouttaan - Pelastusopisto","robots":{"index":"index","follow":"follow","max-snippet":"max-snippet:-1","max-image-preview":"max-image-preview:large","max-video-preview":"max-video-preview:-1"},"canonical":"https:\/\/www.pelastusopisto.fi\/sv\/uutisia\/pelastusopisto-tasapainottaa-talouttaan\/","og_locale":"sv_SE","og_type":"article","og_title":"Pelastusopisto tasapainottaa talouttaan - Pelastusopisto","og_description":"Pelastusopisto on p\u00e4\u00e4tt\u00e4nyt yhteistoimintamenettelyss\u00e4 useita talouden tasapainottamiseen t\u00e4ht\u00e4\u00e4vi\u00e4 toimenpiteit\u00e4 tuottavuusohjelman [&hellip;]","og_url":"https:\/\/www.pelastusopisto.fi\/sv\/uutisia\/pelastusopisto-tasapainottaa-talouttaan\/","og_site_name":"Pelastusopisto","article_publisher":"https:\/\/www.facebook.com\/Pelastusopisto\/","article_published_time":"2026-09-01T07:40:37+00:00","article_modified_time":"2026-09-01T07:40:41+00:00","og_image":[{"width":1200,"height":800,"url":"https:\/\/www.pelastusopisto.fi\/wp-content\/uploads\/ilmakuva-kampus-peo-8-2024-2_net.jpg","type":"image\/jpeg"}],"author":"Virve Kyll\u00f6nen","twitter_card":"summary_large_image","twitter_creator":"@Pelastusopisto","twitter_site":"@Pelastusopisto","twitter_misc":{"Skriven av":"Virve Kyll\u00f6nen","Ber\u00e4knad l\u00e4stid":"2 minuter"},"schema":{"@context":"https:\/\/schema.org","@graph":[{"@type":"Article","@id":"https:\/\/www.pelastusopisto.fi\/sv\/uutisia\/pelastusopisto-tasapainottaa-talouttaan\/#article","isPartOf":{"@id":"https:\/\/www.pelastusopisto.fi\/sv\/uutisia\/pelastusopisto-tasapainottaa-talouttaan\/"},"author":{"name":"Virve Kyll\u00f6nen","@id":"https:\/\/www.pelastusopisto.fi\/sv\/#\/schema\/person\/5f3474c0d0f844f798a8e940f44d5a43"},"headline":"Pelastusopisto tasapainottaa talouttaan","datePublished":"2026-09-01T07:40:37+00:00","dateModified":"2026-09-01T07:40:41+00:00","mainEntityOfPage":{"@id":"https:\/\/www.pelastusopisto.fi\/sv\/uutisia\/pelastusopisto-tasapainottaa-talouttaan\/"},"wordCount":297,"publisher":{"@id":"https:\/\/www.pelastusopisto.fi\/sv\/#organization"},"image":{"@id":"https:\/\/www.pelastusopisto.fi\/sv\/uutisia\/pelastusopisto-tasapainottaa-talouttaan\/#primaryimage"},"thumbnailUrl":"https:\/\/www.pelastusopisto.fi\/wp-content\/uploads\/ilmakuva-kampus-peo-8-2024-2_net.jpg","articleSection":["Uutisia"],"inLanguage":"sv-SE"},{"@type":"WebPage","@id":"https:\/\/www.pelastusopisto.fi\/sv\/uutisia\/pelastusopisto-tasapainottaa-talouttaan\/","url":"https:\/\/www.pelastusopisto.fi\/sv\/uutisia\/pelastusopisto-tasapainottaa-talouttaan\/","name":"Pelastusopisto tasapainottaa talouttaan - Pelastusopisto","isPartOf":{"@id":"https:\/\/www.pelastusopisto.fi\/sv\/#website"},"primaryImageOfPage":{"@id":"https:\/\/www.pelastusopisto.fi\/sv\/uutisia\/pelastusopisto-tasapainottaa-talouttaan\/#primaryimage"},"image":{"@id":"https:\/\/www.pelastusopisto.fi\/sv\/uutisia\/pelastusopisto-tasapainottaa-talouttaan\/#primaryimage"},"thumbnailUrl":"https:\/\/www.pelastusopisto.fi\/wp-content\/uploads\/ilmakuva-kampus-peo-8-2024-2_net.jpg","datePublished":"2026-09-01T07:40:37+00:00","dateModified":"2026-09-01T07:40:41+00:00","breadcrumb":{"@id":"https:\/\/www.pelastusopisto.fi\/sv\/uutisia\/pelastusopisto-tasapainottaa-talouttaan\/#breadcrumb"},"inLanguage":"sv-SE","potentialAction":[{"@type":"ReadAction","target":["https:\/\/www.pelastusopisto.fi\/sv\/uutisia\/pelastusopisto-tasapainottaa-talouttaan\/"]}]},{"@type":"ImageObject","inLanguage":"sv-SE","@id":"https:\/\/www.pelastusopisto.fi\/sv\/uutisia\/pelastusopisto-tasapainottaa-talouttaan\/#primaryimage","url":"https:\/\/www.pelastusopisto.fi\/wp-content\/uploads\/ilmakuva-kampus-peo-8-2024-2_net.jpg","contentUrl":"https:\/\/www.pelastusopisto.fi\/wp-content\/uploads\/ilmakuva-kampus-peo-8-2024-2_net.jpg","width":1200,"height":800,"caption":"Pelastusopiston kampusalue ilmasta kuvattuna."},{"@type":"BreadcrumbList","@id":"https:\/\/www.pelastusopisto.fi\/sv\/uutisia\/pelastusopisto-tasapainottaa-talouttaan\/#breadcrumb","itemListElement":[{"@type":"ListItem","position":1,"name":"Home","item":"https:\/\/www.pelastusopisto.fi\/sv\/"},{"@type":"ListItem","position":2,"name":"Pelastusopisto tasapainottaa talouttaan"}]},{"@type":"WebSite","@id":"https:\/\/www.pelastusopisto.fi\/sv\/#website","url":"https:\/\/www.pelastusopisto.fi\/sv\/","name":"Pelastusopisto","description":"","publisher":{"@id":"https:\/\/www.pelastusopisto.fi\/sv\/#organization"},"potentialAction":[{"@type":"SearchAction","target":{"@type":"EntryPoint","urlTemplate":"https:\/\/www.pelastusopisto.fi\/sv\/?s={search_term_string}"},"query-input":{"@type":"PropertyValueSpecification","valueRequired":true,"valueName":"search_term_string"}}],"inLanguage":"sv-SE"},{"@type":"Organization","@id":"https:\/\/www.pelastusopisto.fi\/sv\/#organization","name":"Pelastusopisto","url":"https:\/\/www.pelastusopisto.fi\/sv\/","logo":{"@type":"ImageObject","inLanguage":"sv-SE","@id":"https:\/\/www.pelastusopisto.fi\/sv\/#\/schema\/logo\/image\/","url":"https:\/\/www.pelastusopisto.fi\/wp-content\/uploads\/pelastusopisto-logo-net.png","contentUrl":"https:\/\/www.pelastusopisto.fi\/wp-content\/uploads\/pelastusopisto-logo-net.png","width":387,"height":71,"caption":"Pelastusopisto"},"image":{"@id":"https:\/\/www.pelastusopisto.fi\/sv\/#\/schema\/logo\/image\/"},"sameAs":["https:\/\/www.facebook.com\/Pelastusopisto\/","https:\/\/x.com\/Pelastusopisto","https:\/\/www.instagram.com\/pelastusopisto\/","https:\/\/fi.linkedin.com\/school\/pelastusopisto\/","https:\/\/www.youtube.com\/channel\/UCQjXYneFsnDYnJtZBfr9Ajg"]},{"@type":"Person","@id":"https:\/\/www.pelastusopisto.fi\/sv\/#\/schema\/person\/5f3474c0d0f844f798a8e940f44d5a43","name":"Virve Kyll\u00f6nen","url":"https:\/\/www.pelastusopisto.fi\/sv\/author\/virv-kyll\/"}]}},"featured_image_src":"https:\/\/www.pelastusopisto.fi\/wp-content\/uploads\/ilmakuva-kampus-peo-8-2024-2_net-600x400.jpg","featured_image_src_square":"https:\/\/www.pelastusopisto.fi\/wp-content\/uploads\/ilmakuva-kampus-peo-8-2024-2_net-600x600.jpg","author_info":{"display_name":"Virve Kyll\u00f6nen","author_link":"https:\/\/www.pelastusopisto.fi\/sv\/author\/virv-kyll\/"},"_links":{"self":[{"href":"https:\/\/www.pelastusopisto.fi\/sv\/wp-json\/wp\/v2\/posts\/87350","targetHints":{"allow":["GET"]}}],"collection":[{"href":"https:\/\/www.pelastusopisto.fi\/sv\/wp-json\/wp\/v2\/posts"}],"about":[{"href":"https:\/\/www.pelastusopisto.fi\/sv\/wp-json\/wp\/v2\/types\/post"}],"author":[{"embeddable":true,"href":"https:\/\/www.pelastusopisto.fi\/sv\/wp-json\/wp\/v2\/users\/65"}],"replies":[{"embeddable":true,"href":"https:\/\/www.pelastusopisto.fi\/sv\/wp-json\/wp\/v2\/comments?post=87350"}],"version-history":[{"count":1,"href":"https:\/\/www.pelastusopisto.fi\/sv\/wp-json\/wp\/v2\/posts\/87350\/revisions"}],"predecessor-version":[{"id":87351,"href":"https:\/\/www.pelastusopisto.fi\/sv\/wp-json\/wp\/v2\/posts\/87350\/revisions\/87351"}],"wp:featuredmedia":[{"embeddable":true,"href":"https:\/\/www.pelastusopisto.fi\/sv\/wp-json\/wp\/v2\/media\/87352"}],"wp:attachment":[{"href":"https:\/\/www.pelastusopisto.fi\/sv\/wp-json\/wp\/v2\/media?parent=87350"}],"wp:term":[{"taxonomy":"category","embeddable":true,"href":"https:\/\/www.pelastusopisto.fi\/sv\/wp-json\/wp\/v2\/categories?post=87350"},{"taxonomy":"post_tag","embeddable":true,"href":"https:\/\/www.pelastusopisto.fi\/sv\/wp-json\/wp\/v2\/tags?post=87350"}],"curies":[{"name":"wp","href":"https:\/\/api.w.org\/{rel}","templated":true}]}}