{"id":85012,"date":"2026-03-17T09:47:10","date_gmt":"2026-03-17T07:47:10","guid":{"rendered":"https:\/\/www.pelastusopisto.fi\/?p=85012"},"modified":"2026-03-17T09:47:11","modified_gmt":"2026-03-17T07:47:11","slug":"raportti-paallystotutkinnon-tyoelamavastaavuudesta-on-julkaistu","status":"publish","type":"post","link":"https:\/\/www.pelastusopisto.fi\/sv\/tutkimuksen-tiedotteet\/raportti-paallystotutkinnon-tyoelamavastaavuudesta-on-julkaistu\/","title":{"rendered":"Raportti p\u00e4\u00e4llyst\u00f6tutkinnon ty\u00f6el\u00e4m\u00e4vastaavuudesta on julkaistu"},"content":{"rendered":"\n<p><strong>Vastaako Pelastusalan p\u00e4\u00e4llyst\u00f6tutkinto (AMK) ty\u00f6el\u00e4m\u00e4n tarpeita? Ty\u00f6el\u00e4m\u00e4vastaavuuskyselyn tulokset p\u00e4\u00e4llyst\u00f6tutkinnon suorittaneiden n\u00e4k\u00f6kulmasta<\/strong><\/p>\n\n\n\n<p>Ty\u00f6el\u00e4m\u00e4vastaavuuskyselyn tavoitteena oli selvitt\u00e4\u00e4, millaiset ty\u00f6el\u00e4m\u00e4valmiudet p\u00e4\u00e4llyst\u00f6tutkinto on antanut tutkinnon suorittaneiden ja jo ty\u00f6el\u00e4m\u00e4\u00e4n siirtyneiden henkil\u00f6iden n\u00e4k\u00f6kulmasta. Pelastusalan p\u00e4\u00e4llyst\u00f6tutkinto (AMK) on 240 opintopisteen kokonaisuus, joka j\u00e4rjestet\u00e4\u00e4n Poliisiammattikorkeakoulun alaisuudessa.<\/p>\n\n\n\n<p>\u2013 Kysely ja erityisesti sen tulokset ovat nyt erityisen ajankohtaisia, kun uudistamme AMK-opetusta, toteaa tutkimusjohtaja <strong>Mimmi Tolvanen<\/strong>.<\/p>\n\n\n\n<p>Kysely toteutettiin anonyymin\u00e4 Webropol-kyselyn\u00e4 maaliskuussa 2025 yhteisty\u00f6ss\u00e4 Hyvinvointialueyhti\u00f6 Hyvil Oy:n kanssa, joka jakoi kyselylinkin pelastuslaitoksille. Kyselyn kohderyhm\u00e4n\u00e4 olivat p\u00e4\u00e4llyst\u00f6tutkinnon suorittaneet henkil\u00f6t, erityisesti vuosien 2018 ja 2023 v\u00e4lisen\u00e4 aikana valmistuneet.<\/p>\n\n\n\n<p>Tutkinnon ty\u00f6el\u00e4m\u00e4vastaavuutta ja omaa osaamista pyydettiin arvioimaan neliportaisella asteikolla (1=huono, 2=tyydytt\u00e4v\u00e4, 3=hyv\u00e4, 4=eritt\u00e4in hyv\u00e4). Kyselyss\u00e4 arvioitiin viitt\u00e4 osa-aluetta: yleinen koulutuksen arviointi ja palaute, onnettomuuksien ehk\u00e4isy, pelastustoiminta, hallinto ja johtaminen sek\u00e4 oma osaaminen. Lis\u00e4ksi kysyttiin, mitk\u00e4 osa-alueet koettiin onnistuneimmiksi tai kehityskohteiksi.<\/p>\n\n\n\n<p>Kyselyyn vastaajia oli 45, ja heist\u00e4 78 % oli valmistunut vuosina 2018\u20132023. Vastaajista 43 ty\u00f6skentelee pelastuslaitosten palveluksessa, yksi muussa pelastustoimen organisaatiossa ja yksi pelastusalan ulkopuolella.<\/p>\n\n\n\n<p>Koulutuksen yleinen arviointi sijoittui hyv\u00e4lle tasolle (keskiarvo 2,9). Hyviksi arvioituja osa-alueita olivat pelastustoiminta, onnettomuuksien ehk\u00e4isy sek\u00e4 oma osaaminen (keskiarvot 2,7\u20133,0). Tyydytt\u00e4v\u00e4ksi arvioitiin hallinto ja johtaminen (2,2). Taustamuuttujien (pohjakoulutus, valmistumisaika, kurssitoteutus ja aiempi pelastusalan kokemus) mukaan muodostettujen ryhmien v\u00e4lill\u00e4 ei ollut merkitsev\u00e4\u00e4 eroa.<\/p>\n\n\n\n<p>Avoimissa vastauksissa toivottiin yhteisi\u00e4 harjoituksia niin alip\u00e4\u00e4llyst\u00f6- kuin pelastajaopiskelijoiden kanssa. Yleisaineiden m\u00e4\u00e4r\u00e4\u00e4 ja vaativuustasoa pidettiin korkeana. Vastauksissa tuli esille my\u00f6s tutkinnon jakaminen alempaan (180 op) ja ylemp\u00e4\u00e4n (120 op) AMK-tutkintoon.<\/p>\n\n\n\n<div id=\"section-g3f0d9b\" class=\"wp-block-gutentor-e2 section-g3f0d9b gutentor-element gutentor-element-button\"><span class=\"gutentor-button-wrap\"><a class=\"gutentor-button gutentor-block-button gutentor-icon-before\" href=\"https:\/\/www.doria.fi\/handle\/10024\/194209\" target=\"_blank\" rel=\" noopener noreferrer\"><i class=\"gutentor-button-icon fas fa-chevron-right\"><\/i><span><strong>Tutustu raporttiin<\/strong><\/span><\/a><\/span><\/div>\n\n\n\n<p><strong>Lis\u00e4tietoja:<\/strong><\/p>\n\n\n\n<p><strong>Mimmi Tolvanen<\/strong><br>Tutkimusjohtaja<br>029 545 3409<br>etunimi.sukunimi@pelastusopisto.fi<\/p>\n","protected":false},"excerpt":{"rendered":"<p>Vastaako Pelastusalan p\u00e4\u00e4llyst\u00f6tutkinto (AMK) ty\u00f6el\u00e4m\u00e4n tarpeita? Ty\u00f6el\u00e4m\u00e4vastaavuuskyselyn tulokset p\u00e4\u00e4llyst\u00f6tutkinnon suorittaneiden [&hellip;]<\/p>\n","protected":false},"author":107,"featured_media":85009,"comment_status":"closed","ping_status":"closed","sticky":false,"template":"","format":"standard","meta":{"_acf_changed":false,"_genesis_hide_title":false,"_genesis_hide_breadcrumbs":false,"_genesis_hide_singular_image":false,"_genesis_hide_footer_widgets":false,"_genesis_custom_body_class":"","_genesis_custom_post_class":"","_genesis_layout":"","footnotes":""},"categories":[94,91],"tags":[],"class_list":{"0":"post-85012","1":"post","2":"type-post","3":"status-publish","4":"format-standard","5":"has-post-thumbnail","7":"category-tutkimuksen-tiedotteet","8":"category-uutisia","9":"entry"},"acf":[],"gutentor_comment":0,"yoast_head":"<!-- This site is optimized with the Yoast SEO plugin v27.5 - https:\/\/yoast.com\/product\/yoast-seo-wordpress\/ -->\n<title>Raportti p\u00e4\u00e4llyst\u00f6tutkinnon ty\u00f6el\u00e4m\u00e4vastaavuudesta on julkaistu - Pelastusopisto<\/title>\n<meta name=\"robots\" content=\"index, follow, max-snippet:-1, max-image-preview:large, max-video-preview:-1\" \/>\n<link rel=\"canonical\" href=\"https:\/\/www.pelastusopisto.fi\/sv\/tutkimuksen-tiedotteet\/raportti-paallystotutkinnon-tyoelamavastaavuudesta-on-julkaistu\/\" \/>\n<meta property=\"og:locale\" content=\"sv_SE\" \/>\n<meta property=\"og:type\" content=\"article\" \/>\n<meta property=\"og:title\" content=\"Raportti p\u00e4\u00e4llyst\u00f6tutkinnon ty\u00f6el\u00e4m\u00e4vastaavuudesta on julkaistu - Pelastusopisto\" \/>\n<meta property=\"og:description\" content=\"Vastaako Pelastusalan p\u00e4\u00e4llyst\u00f6tutkinto (AMK) ty\u00f6el\u00e4m\u00e4n tarpeita? Ty\u00f6el\u00e4m\u00e4vastaavuuskyselyn tulokset p\u00e4\u00e4llyst\u00f6tutkinnon suorittaneiden [&hellip;]\" \/>\n<meta property=\"og:url\" content=\"https:\/\/www.pelastusopisto.fi\/sv\/tutkimuksen-tiedotteet\/raportti-paallystotutkinnon-tyoelamavastaavuudesta-on-julkaistu\/\" \/>\n<meta property=\"og:site_name\" content=\"Pelastusopisto\" \/>\n<meta property=\"article:publisher\" content=\"https:\/\/www.facebook.com\/Pelastusopisto\/\" \/>\n<meta property=\"article:published_time\" content=\"2026-03-17T07:47:10+00:00\" \/>\n<meta property=\"article:modified_time\" content=\"2026-03-17T07:47:11+00:00\" \/>\n<meta property=\"og:image\" content=\"https:\/\/www.pelastusopisto.fi\/wp-content\/uploads\/amk-pelastusopisto_06925-1200px-net.jpg\" \/>\n\t<meta property=\"og:image:width\" content=\"1200\" \/>\n\t<meta property=\"og:image:height\" content=\"800\" \/>\n\t<meta property=\"og:image:type\" content=\"image\/jpeg\" \/>\n<meta name=\"author\" content=\"Marjo Pitk\u00e4nen\" \/>\n<meta name=\"twitter:card\" content=\"summary_large_image\" \/>\n<meta name=\"twitter:creator\" content=\"@Pelastusopisto\" \/>\n<meta name=\"twitter:site\" content=\"@Pelastusopisto\" \/>\n<meta name=\"twitter:label1\" content=\"Skriven av\" \/>\n\t<meta name=\"twitter:data1\" content=\"Marjo Pitk\u00e4nen\" \/>\n\t<meta name=\"twitter:label2\" content=\"Ber\u00e4knad l\u00e4stid\" \/>\n\t<meta name=\"twitter:data2\" content=\"2 minuter\" \/>\n<script type=\"application\/ld+json\" class=\"yoast-schema-graph\">{\"@context\":\"https:\\\/\\\/schema.org\",\"@graph\":[{\"@type\":\"Article\",\"@id\":\"https:\\\/\\\/www.pelastusopisto.fi\\\/sv\\\/tutkimuksen-tiedotteet\\\/raportti-paallystotutkinnon-tyoelamavastaavuudesta-on-julkaistu\\\/#article\",\"isPartOf\":{\"@id\":\"https:\\\/\\\/www.pelastusopisto.fi\\\/sv\\\/tutkimuksen-tiedotteet\\\/raportti-paallystotutkinnon-tyoelamavastaavuudesta-on-julkaistu\\\/\"},\"author\":{\"name\":\"Marjo Pitk\u00e4nen\",\"@id\":\"https:\\\/\\\/www.pelastusopisto.fi\\\/sv\\\/#\\\/schema\\\/person\\\/fcd88238f9bbf218a01bd88b71ad9e07\"},\"headline\":\"Raportti p\u00e4\u00e4llyst\u00f6tutkinnon ty\u00f6el\u00e4m\u00e4vastaavuudesta on julkaistu\",\"datePublished\":\"2026-03-17T07:47:10+00:00\",\"dateModified\":\"2026-03-17T07:47:11+00:00\",\"mainEntityOfPage\":{\"@id\":\"https:\\\/\\\/www.pelastusopisto.fi\\\/sv\\\/tutkimuksen-tiedotteet\\\/raportti-paallystotutkinnon-tyoelamavastaavuudesta-on-julkaistu\\\/\"},\"wordCount\":283,\"publisher\":{\"@id\":\"https:\\\/\\\/www.pelastusopisto.fi\\\/sv\\\/#organization\"},\"image\":{\"@id\":\"https:\\\/\\\/www.pelastusopisto.fi\\\/sv\\\/tutkimuksen-tiedotteet\\\/raportti-paallystotutkinnon-tyoelamavastaavuudesta-on-julkaistu\\\/#primaryimage\"},\"thumbnailUrl\":\"https:\\\/\\\/www.pelastusopisto.fi\\\/wp-content\\\/uploads\\\/amk-pelastusopisto_06925-1200px-net.jpg\",\"articleSection\":[\"TKI-toiminta\",\"Uutisia\"],\"inLanguage\":\"sv-SE\"},{\"@type\":\"WebPage\",\"@id\":\"https:\\\/\\\/www.pelastusopisto.fi\\\/sv\\\/tutkimuksen-tiedotteet\\\/raportti-paallystotutkinnon-tyoelamavastaavuudesta-on-julkaistu\\\/\",\"url\":\"https:\\\/\\\/www.pelastusopisto.fi\\\/sv\\\/tutkimuksen-tiedotteet\\\/raportti-paallystotutkinnon-tyoelamavastaavuudesta-on-julkaistu\\\/\",\"name\":\"Raportti p\u00e4\u00e4llyst\u00f6tutkinnon ty\u00f6el\u00e4m\u00e4vastaavuudesta on julkaistu - Pelastusopisto\",\"isPartOf\":{\"@id\":\"https:\\\/\\\/www.pelastusopisto.fi\\\/sv\\\/#website\"},\"primaryImageOfPage\":{\"@id\":\"https:\\\/\\\/www.pelastusopisto.fi\\\/sv\\\/tutkimuksen-tiedotteet\\\/raportti-paallystotutkinnon-tyoelamavastaavuudesta-on-julkaistu\\\/#primaryimage\"},\"image\":{\"@id\":\"https:\\\/\\\/www.pelastusopisto.fi\\\/sv\\\/tutkimuksen-tiedotteet\\\/raportti-paallystotutkinnon-tyoelamavastaavuudesta-on-julkaistu\\\/#primaryimage\"},\"thumbnailUrl\":\"https:\\\/\\\/www.pelastusopisto.fi\\\/wp-content\\\/uploads\\\/amk-pelastusopisto_06925-1200px-net.jpg\",\"datePublished\":\"2026-03-17T07:47:10+00:00\",\"dateModified\":\"2026-03-17T07:47:11+00:00\",\"breadcrumb\":{\"@id\":\"https:\\\/\\\/www.pelastusopisto.fi\\\/sv\\\/tutkimuksen-tiedotteet\\\/raportti-paallystotutkinnon-tyoelamavastaavuudesta-on-julkaistu\\\/#breadcrumb\"},\"inLanguage\":\"sv-SE\",\"potentialAction\":[{\"@type\":\"ReadAction\",\"target\":[\"https:\\\/\\\/www.pelastusopisto.fi\\\/sv\\\/tutkimuksen-tiedotteet\\\/raportti-paallystotutkinnon-tyoelamavastaavuudesta-on-julkaistu\\\/\"]}]},{\"@type\":\"ImageObject\",\"inLanguage\":\"sv-SE\",\"@id\":\"https:\\\/\\\/www.pelastusopisto.fi\\\/sv\\\/tutkimuksen-tiedotteet\\\/raportti-paallystotutkinnon-tyoelamavastaavuudesta-on-julkaistu\\\/#primaryimage\",\"url\":\"https:\\\/\\\/www.pelastusopisto.fi\\\/wp-content\\\/uploads\\\/amk-pelastusopisto_06925-1200px-net.jpg\",\"contentUrl\":\"https:\\\/\\\/www.pelastusopisto.fi\\\/wp-content\\\/uploads\\\/amk-pelastusopisto_06925-1200px-net.jpg\",\"width\":1200,\"height\":800,\"caption\":\"Kaksi henkil\u00f6\u00e4 p\u00e4\u00e4llyst\u00f6st\u00e4 seisoo auton edess\u00e4, he katsovat samaan suuntaan oikealle yl\u00f6sp\u00e4in.\"},{\"@type\":\"BreadcrumbList\",\"@id\":\"https:\\\/\\\/www.pelastusopisto.fi\\\/sv\\\/tutkimuksen-tiedotteet\\\/raportti-paallystotutkinnon-tyoelamavastaavuudesta-on-julkaistu\\\/#breadcrumb\",\"itemListElement\":[{\"@type\":\"ListItem\",\"position\":1,\"name\":\"Home\",\"item\":\"https:\\\/\\\/www.pelastusopisto.fi\\\/sv\\\/\"},{\"@type\":\"ListItem\",\"position\":2,\"name\":\"Raportti p\u00e4\u00e4llyst\u00f6tutkinnon ty\u00f6el\u00e4m\u00e4vastaavuudesta on julkaistu\"}]},{\"@type\":\"WebSite\",\"@id\":\"https:\\\/\\\/www.pelastusopisto.fi\\\/sv\\\/#website\",\"url\":\"https:\\\/\\\/www.pelastusopisto.fi\\\/sv\\\/\",\"name\":\"Pelastusopisto\",\"description\":\"\",\"publisher\":{\"@id\":\"https:\\\/\\\/www.pelastusopisto.fi\\\/sv\\\/#organization\"},\"potentialAction\":[{\"@type\":\"SearchAction\",\"target\":{\"@type\":\"EntryPoint\",\"urlTemplate\":\"https:\\\/\\\/www.pelastusopisto.fi\\\/sv\\\/?s={search_term_string}\"},\"query-input\":{\"@type\":\"PropertyValueSpecification\",\"valueRequired\":true,\"valueName\":\"search_term_string\"}}],\"inLanguage\":\"sv-SE\"},{\"@type\":\"Organization\",\"@id\":\"https:\\\/\\\/www.pelastusopisto.fi\\\/sv\\\/#organization\",\"name\":\"Pelastusopisto\",\"url\":\"https:\\\/\\\/www.pelastusopisto.fi\\\/sv\\\/\",\"logo\":{\"@type\":\"ImageObject\",\"inLanguage\":\"sv-SE\",\"@id\":\"https:\\\/\\\/www.pelastusopisto.fi\\\/sv\\\/#\\\/schema\\\/logo\\\/image\\\/\",\"url\":\"https:\\\/\\\/www.pelastusopisto.fi\\\/wp-content\\\/uploads\\\/pelastusopisto-logo-net.png\",\"contentUrl\":\"https:\\\/\\\/www.pelastusopisto.fi\\\/wp-content\\\/uploads\\\/pelastusopisto-logo-net.png\",\"width\":387,\"height\":71,\"caption\":\"Pelastusopisto\"},\"image\":{\"@id\":\"https:\\\/\\\/www.pelastusopisto.fi\\\/sv\\\/#\\\/schema\\\/logo\\\/image\\\/\"},\"sameAs\":[\"https:\\\/\\\/www.facebook.com\\\/Pelastusopisto\\\/\",\"https:\\\/\\\/x.com\\\/Pelastusopisto\",\"https:\\\/\\\/www.instagram.com\\\/pelastusopisto\\\/\",\"https:\\\/\\\/fi.linkedin.com\\\/school\\\/pelastusopisto\\\/\",\"https:\\\/\\\/www.youtube.com\\\/channel\\\/UCQjXYneFsnDYnJtZBfr9Ajg\"]},{\"@type\":\"Person\",\"@id\":\"https:\\\/\\\/www.pelastusopisto.fi\\\/sv\\\/#\\\/schema\\\/person\\\/fcd88238f9bbf218a01bd88b71ad9e07\",\"name\":\"Marjo Pitk\u00e4nen\",\"url\":\"https:\\\/\\\/www.pelastusopisto.fi\\\/sv\\\/author\\\/marjo-pitk\\\/\"}]}<\/script>\n<!-- \/ Yoast SEO plugin. -->","yoast_head_json":{"title":"Raportti p\u00e4\u00e4llyst\u00f6tutkinnon ty\u00f6el\u00e4m\u00e4vastaavuudesta on julkaistu - Pelastusopisto","robots":{"index":"index","follow":"follow","max-snippet":"max-snippet:-1","max-image-preview":"max-image-preview:large","max-video-preview":"max-video-preview:-1"},"canonical":"https:\/\/www.pelastusopisto.fi\/sv\/tutkimuksen-tiedotteet\/raportti-paallystotutkinnon-tyoelamavastaavuudesta-on-julkaistu\/","og_locale":"sv_SE","og_type":"article","og_title":"Raportti p\u00e4\u00e4llyst\u00f6tutkinnon ty\u00f6el\u00e4m\u00e4vastaavuudesta on julkaistu - Pelastusopisto","og_description":"Vastaako Pelastusalan p\u00e4\u00e4llyst\u00f6tutkinto (AMK) ty\u00f6el\u00e4m\u00e4n tarpeita? Ty\u00f6el\u00e4m\u00e4vastaavuuskyselyn tulokset p\u00e4\u00e4llyst\u00f6tutkinnon suorittaneiden [&hellip;]","og_url":"https:\/\/www.pelastusopisto.fi\/sv\/tutkimuksen-tiedotteet\/raportti-paallystotutkinnon-tyoelamavastaavuudesta-on-julkaistu\/","og_site_name":"Pelastusopisto","article_publisher":"https:\/\/www.facebook.com\/Pelastusopisto\/","article_published_time":"2026-03-17T07:47:10+00:00","article_modified_time":"2026-03-17T07:47:11+00:00","og_image":[{"width":1200,"height":800,"url":"https:\/\/www.pelastusopisto.fi\/wp-content\/uploads\/amk-pelastusopisto_06925-1200px-net.jpg","type":"image\/jpeg"}],"author":"Marjo Pitk\u00e4nen","twitter_card":"summary_large_image","twitter_creator":"@Pelastusopisto","twitter_site":"@Pelastusopisto","twitter_misc":{"Skriven av":"Marjo Pitk\u00e4nen","Ber\u00e4knad l\u00e4stid":"2 minuter"},"schema":{"@context":"https:\/\/schema.org","@graph":[{"@type":"Article","@id":"https:\/\/www.pelastusopisto.fi\/sv\/tutkimuksen-tiedotteet\/raportti-paallystotutkinnon-tyoelamavastaavuudesta-on-julkaistu\/#article","isPartOf":{"@id":"https:\/\/www.pelastusopisto.fi\/sv\/tutkimuksen-tiedotteet\/raportti-paallystotutkinnon-tyoelamavastaavuudesta-on-julkaistu\/"},"author":{"name":"Marjo Pitk\u00e4nen","@id":"https:\/\/www.pelastusopisto.fi\/sv\/#\/schema\/person\/fcd88238f9bbf218a01bd88b71ad9e07"},"headline":"Raportti p\u00e4\u00e4llyst\u00f6tutkinnon ty\u00f6el\u00e4m\u00e4vastaavuudesta on julkaistu","datePublished":"2026-03-17T07:47:10+00:00","dateModified":"2026-03-17T07:47:11+00:00","mainEntityOfPage":{"@id":"https:\/\/www.pelastusopisto.fi\/sv\/tutkimuksen-tiedotteet\/raportti-paallystotutkinnon-tyoelamavastaavuudesta-on-julkaistu\/"},"wordCount":283,"publisher":{"@id":"https:\/\/www.pelastusopisto.fi\/sv\/#organization"},"image":{"@id":"https:\/\/www.pelastusopisto.fi\/sv\/tutkimuksen-tiedotteet\/raportti-paallystotutkinnon-tyoelamavastaavuudesta-on-julkaistu\/#primaryimage"},"thumbnailUrl":"https:\/\/www.pelastusopisto.fi\/wp-content\/uploads\/amk-pelastusopisto_06925-1200px-net.jpg","articleSection":["TKI-toiminta","Uutisia"],"inLanguage":"sv-SE"},{"@type":"WebPage","@id":"https:\/\/www.pelastusopisto.fi\/sv\/tutkimuksen-tiedotteet\/raportti-paallystotutkinnon-tyoelamavastaavuudesta-on-julkaistu\/","url":"https:\/\/www.pelastusopisto.fi\/sv\/tutkimuksen-tiedotteet\/raportti-paallystotutkinnon-tyoelamavastaavuudesta-on-julkaistu\/","name":"Raportti p\u00e4\u00e4llyst\u00f6tutkinnon ty\u00f6el\u00e4m\u00e4vastaavuudesta on julkaistu - Pelastusopisto","isPartOf":{"@id":"https:\/\/www.pelastusopisto.fi\/sv\/#website"},"primaryImageOfPage":{"@id":"https:\/\/www.pelastusopisto.fi\/sv\/tutkimuksen-tiedotteet\/raportti-paallystotutkinnon-tyoelamavastaavuudesta-on-julkaistu\/#primaryimage"},"image":{"@id":"https:\/\/www.pelastusopisto.fi\/sv\/tutkimuksen-tiedotteet\/raportti-paallystotutkinnon-tyoelamavastaavuudesta-on-julkaistu\/#primaryimage"},"thumbnailUrl":"https:\/\/www.pelastusopisto.fi\/wp-content\/uploads\/amk-pelastusopisto_06925-1200px-net.jpg","datePublished":"2026-03-17T07:47:10+00:00","dateModified":"2026-03-17T07:47:11+00:00","breadcrumb":{"@id":"https:\/\/www.pelastusopisto.fi\/sv\/tutkimuksen-tiedotteet\/raportti-paallystotutkinnon-tyoelamavastaavuudesta-on-julkaistu\/#breadcrumb"},"inLanguage":"sv-SE","potentialAction":[{"@type":"ReadAction","target":["https:\/\/www.pelastusopisto.fi\/sv\/tutkimuksen-tiedotteet\/raportti-paallystotutkinnon-tyoelamavastaavuudesta-on-julkaistu\/"]}]},{"@type":"ImageObject","inLanguage":"sv-SE","@id":"https:\/\/www.pelastusopisto.fi\/sv\/tutkimuksen-tiedotteet\/raportti-paallystotutkinnon-tyoelamavastaavuudesta-on-julkaistu\/#primaryimage","url":"https:\/\/www.pelastusopisto.fi\/wp-content\/uploads\/amk-pelastusopisto_06925-1200px-net.jpg","contentUrl":"https:\/\/www.pelastusopisto.fi\/wp-content\/uploads\/amk-pelastusopisto_06925-1200px-net.jpg","width":1200,"height":800,"caption":"Kaksi henkil\u00f6\u00e4 p\u00e4\u00e4llyst\u00f6st\u00e4 seisoo auton edess\u00e4, he katsovat samaan suuntaan oikealle yl\u00f6sp\u00e4in."},{"@type":"BreadcrumbList","@id":"https:\/\/www.pelastusopisto.fi\/sv\/tutkimuksen-tiedotteet\/raportti-paallystotutkinnon-tyoelamavastaavuudesta-on-julkaistu\/#breadcrumb","itemListElement":[{"@type":"ListItem","position":1,"name":"Home","item":"https:\/\/www.pelastusopisto.fi\/sv\/"},{"@type":"ListItem","position":2,"name":"Raportti p\u00e4\u00e4llyst\u00f6tutkinnon ty\u00f6el\u00e4m\u00e4vastaavuudesta on julkaistu"}]},{"@type":"WebSite","@id":"https:\/\/www.pelastusopisto.fi\/sv\/#website","url":"https:\/\/www.pelastusopisto.fi\/sv\/","name":"Pelastusopisto","description":"","publisher":{"@id":"https:\/\/www.pelastusopisto.fi\/sv\/#organization"},"potentialAction":[{"@type":"SearchAction","target":{"@type":"EntryPoint","urlTemplate":"https:\/\/www.pelastusopisto.fi\/sv\/?s={search_term_string}"},"query-input":{"@type":"PropertyValueSpecification","valueRequired":true,"valueName":"search_term_string"}}],"inLanguage":"sv-SE"},{"@type":"Organization","@id":"https:\/\/www.pelastusopisto.fi\/sv\/#organization","name":"Pelastusopisto","url":"https:\/\/www.pelastusopisto.fi\/sv\/","logo":{"@type":"ImageObject","inLanguage":"sv-SE","@id":"https:\/\/www.pelastusopisto.fi\/sv\/#\/schema\/logo\/image\/","url":"https:\/\/www.pelastusopisto.fi\/wp-content\/uploads\/pelastusopisto-logo-net.png","contentUrl":"https:\/\/www.pelastusopisto.fi\/wp-content\/uploads\/pelastusopisto-logo-net.png","width":387,"height":71,"caption":"Pelastusopisto"},"image":{"@id":"https:\/\/www.pelastusopisto.fi\/sv\/#\/schema\/logo\/image\/"},"sameAs":["https:\/\/www.facebook.com\/Pelastusopisto\/","https:\/\/x.com\/Pelastusopisto","https:\/\/www.instagram.com\/pelastusopisto\/","https:\/\/fi.linkedin.com\/school\/pelastusopisto\/","https:\/\/www.youtube.com\/channel\/UCQjXYneFsnDYnJtZBfr9Ajg"]},{"@type":"Person","@id":"https:\/\/www.pelastusopisto.fi\/sv\/#\/schema\/person\/fcd88238f9bbf218a01bd88b71ad9e07","name":"Marjo Pitk\u00e4nen","url":"https:\/\/www.pelastusopisto.fi\/sv\/author\/marjo-pitk\/"}]}},"featured_image_src":"https:\/\/www.pelastusopisto.fi\/wp-content\/uploads\/amk-pelastusopisto_06925-1200px-net-600x400.jpg","featured_image_src_square":"https:\/\/www.pelastusopisto.fi\/wp-content\/uploads\/amk-pelastusopisto_06925-1200px-net-600x600.jpg","author_info":{"display_name":"Marjo Pitk\u00e4nen","author_link":"https:\/\/www.pelastusopisto.fi\/sv\/author\/marjo-pitk\/"},"_links":{"self":[{"href":"https:\/\/www.pelastusopisto.fi\/sv\/wp-json\/wp\/v2\/posts\/85012","targetHints":{"allow":["GET"]}}],"collection":[{"href":"https:\/\/www.pelastusopisto.fi\/sv\/wp-json\/wp\/v2\/posts"}],"about":[{"href":"https:\/\/www.pelastusopisto.fi\/sv\/wp-json\/wp\/v2\/types\/post"}],"author":[{"embeddable":true,"href":"https:\/\/www.pelastusopisto.fi\/sv\/wp-json\/wp\/v2\/users\/107"}],"replies":[{"embeddable":true,"href":"https:\/\/www.pelastusopisto.fi\/sv\/wp-json\/wp\/v2\/comments?post=85012"}],"version-history":[{"count":1,"href":"https:\/\/www.pelastusopisto.fi\/sv\/wp-json\/wp\/v2\/posts\/85012\/revisions"}],"predecessor-version":[{"id":85013,"href":"https:\/\/www.pelastusopisto.fi\/sv\/wp-json\/wp\/v2\/posts\/85012\/revisions\/85013"}],"wp:featuredmedia":[{"embeddable":true,"href":"https:\/\/www.pelastusopisto.fi\/sv\/wp-json\/wp\/v2\/media\/85009"}],"wp:attachment":[{"href":"https:\/\/www.pelastusopisto.fi\/sv\/wp-json\/wp\/v2\/media?parent=85012"}],"wp:term":[{"taxonomy":"category","embeddable":true,"href":"https:\/\/www.pelastusopisto.fi\/sv\/wp-json\/wp\/v2\/categories?post=85012"},{"taxonomy":"post_tag","embeddable":true,"href":"https:\/\/www.pelastusopisto.fi\/sv\/wp-json\/wp\/v2\/tags?post=85012"}],"curies":[{"name":"wp","href":"https:\/\/api.w.org\/{rel}","templated":true}]}}