{"id":82857,"date":"2026-01-28T13:10:59","date_gmt":"2026-01-28T11:10:59","guid":{"rendered":"https:\/\/www.pelastusopisto.fi\/?p=82857"},"modified":"2026-01-28T13:11:01","modified_gmt":"2026-01-28T11:11:01","slug":"pelastusopisto-kouluttaa-kuka-tyollistaa-huolia-ja-mietteita-lukukauden-alussa","status":"publish","type":"post","link":"https:\/\/www.pelastusopisto.fi\/sv\/blogi\/pelastusopisto-kouluttaa-kuka-tyollistaa-huolia-ja-mietteita-lukukauden-alussa\/","title":{"rendered":"Pelastusopisto kouluttaa, kuka ty\u00f6llist\u00e4\u00e4 \u2013 huolia ja mietteit\u00e4 lukukauden alussa"},"content":{"rendered":"\n<h2 class=\"wp-block-heading\"><strong>Huoli pelastajien ty\u00f6llistymisest\u00e4<\/strong><\/h2>\n\n\n\n<p>Uusi lukukausi on hyv\u00e4ss\u00e4 vauhdissa Pelastusopistolla. Valtakunnalliseen pelastajatarpeeseen vastaamista on jatkettu, mist\u00e4 konkreettisena merkkin\u00e4 ovat nyt nelj\u00e4 aloittanutta pelastajakurssia eli 120 uutta pelastajaopiskelijaa (seuraavat 120 uutta opiskelijaa aloittaa syksyll\u00e4). T\u00e4ysin huolettomana en heit\u00e4 toivottanut tervetulleiksi. Tuoreessa muistissa ovat joulukuussa valmistuneiden pelastajien ty\u00f6llistymisluvut: yli puolella ei ollut valmistumisp\u00e4iv\u00e4n\u00e4 tietoa ty\u00f6paikasta. Luku vaikuttaa kerrassaan k\u00e4sitt\u00e4m\u00e4tt\u00f6m\u00e4lt\u00e4: miten voi olla mahdollista, ett\u00e4 Suomen valtio sijoittaa merkitt\u00e4v\u00e4n (joskin riitt\u00e4m\u00e4tt\u00f6m\u00e4n) eurom\u00e4\u00e4r\u00e4n opiskelijalis\u00e4ykseen, mutta samainen valtio ei huolehdi siit\u00e4, ett\u00e4 hyvinvointialueet palkkaisivat valmistuneet. Edelleen yht\u00e4l\u00f6n logiikkaa h\u00e4iritsee tieto, ett\u00e4 valtion valvontaviranomainen samaan aikaan paukuttelee uhkasakkoja toimintavalmiuden turvaamiseksi.<\/p>\n\n\n\n<p>Pelastusopiston tulisi nostaa vuonna 2027 pelastajien kurssikokoa 36:een, t\u00e4ll\u00e4 hetkell\u00e4 kurssikoko on 30. Onko kurssikoon kasvattamisessa mit\u00e4\u00e4n j\u00e4rke\u00e4, kun t\u00e4ll\u00e4k\u00e4\u00e4n volyymilla kentt\u00e4 ei pysty ty\u00f6llist\u00e4m\u00e4\u00e4n kaikkia? Ei ole kenenk\u00e4\u00e4n etu kouluttaa pelastajia ty\u00f6tt\u00f6myyskortistoon. Raadollinen tosiasia on, ett\u00e4 pelastajatarve ei ole h\u00e4vinnyt mihink\u00e4\u00e4n, mutta kun ei ole rahaa palkata, miksi kouluttaa liikaa. Toki reservi\u00e4 tarvitaan, mutta puolet valmistuneista on ehdottomasti liikaa reserviin.<\/p>\n\n\n\n<h2 class=\"wp-block-heading\"><strong>Pelastajakoulutuksen kehitt\u00e4mistarpeet<\/strong><\/h2>\n\n\n\n<p>Samaan aikaan, kun arvuuttelemme oikeita kurssikokoja ja painimme tuottavuustavoitteiden (lue s\u00e4\u00e4st\u00f6jen) kanssa, tulee eri suunnilta paineita pelastajakoulutuksen kehitt\u00e4miseksi. Perustellustikin on nostettu esiin Ukrainan sodan opit, esim. Pelastus- ja ensihoitoalan unioni JHL:n puheenjohtaja Petteri H\u00e4yrinen blogissaan 21.11.2025. H\u00e4n on huolissaan mm. siit\u00e4, ett\u00e4 pelastajilla ja ensihoitajilla ei ole luotiliivej\u00e4, eik\u00e4 heit\u00e4 kouluteta aseen k\u00e4ytt\u00f6\u00f6n. Pelastusopisto opettaa ensihoidon opinnoissa toimimista uhka- ja v\u00e4kivaltatilanteissa normaalioloissa. T\u00e4h\u00e4n liittyen Pelastusopistolla ovat my\u00f6s suojaliivit ensihoitoyksik\u00f6iss\u00e4. On laajemman keskustelun paikka, tarvitaanko pelastajakoulutukseen sis\u00e4llytt\u00e4\u00e4 aseen k\u00e4ytt\u00f6\u00e4, eik\u00e4 se ole oppilaitoksen p\u00e4\u00e4tett\u00e4viss\u00e4 oleva asia. Itse harkitsisin asiaa todella tarkkaan, enk\u00e4 t\u00e4ss\u00e4 hetkess\u00e4 ole t\u00e4m\u00e4n kannalla. Ukrainan oppien pohjalta Pelastusopistolla on k\u00e4ynniss\u00e4 sortumapelastamisen hanke, jossa tuotetaan valtakunnallinen koulutuspolku toimimiseen n\u00e4iss\u00e4 tilanteissa.<\/p>\n\n\n\n<p>H\u00e4yrinen per\u00e4\u00e4nkuuluttaa my\u00f6s toimia tutkinnon uudistamiseen siten, ett\u00e4 se vastaa pelastajien t\u00e4m\u00e4n hetken ty\u00f6t\u00e4. Pelastajatutkinnon lis\u00e4ksi heille tarvittaisiin l\u00e4hi- tai sairaanhoitajan koulutus. On kuitenkin syyt\u00e4 muistaa, ett\u00e4 pelastajan rooli ensihoidossa on m\u00e4\u00e4ritelty asetuksessa. H\u00e4yrinen viittaa virheellisesti Helsingin Pelastuskouluun, jossa h\u00e4nen mukaansa koulutetaan pelastajia nimenomaan Helsingin kaupungille ja jossa on mahdollisuus suorittaa tutkinto, jossa pelastus- ja ensihoitoalan koulutukset on yhdistetty. Helsingin Pelastuskoulu noudattaa Pelastusopiston opetussuunnitelmaa kouluttaen pelastajia laajemminkin kuin pelk\u00e4st\u00e4\u00e4n Helsingin kaupungin tarpeisiin, eik\u00e4 Pelastuskoulu suinkaan anna ensihoitoalan tutkintoa. Kyseess\u00e4 on pelastajatutkinnon j\u00e4lkeen erillisen\u00e4 oppisopimuskoulutuksena suoritettava tutkinto, jolloin opiskelija on palvelussuhteessa ty\u00f6nantajaan. Sama k\u00e4yt\u00e4nt\u00f6 on ollut jo vuosia useammallakin pelastuslaitoksella.<\/p>\n\n\n\n<h2 class=\"wp-block-heading\"><strong>Pelastustoimi osana kokonaisturvallisuutta \u2013 vaihtoehtona valtiollistaminen?<\/strong><\/h2>\n\n\n\n<p>Olen Petteri H\u00e4yrisen kanssa samaa mielt\u00e4 siit\u00e4, ett\u00e4 pelastajat ja ensihoitajat ansaitsevat selke\u00e4n roolin osana turvallisuusviranomaisten kokonaisuutta. Menenp\u00e4 viel\u00e4 askeleen pidemm\u00e4lle: mielest\u00e4ni pelastustoimi kokonaisuudessaan ansaitsee selke\u00e4mm\u00e4n roolin. Kaikki tahot eiv\u00e4t nimitt\u00e4in edelleenk\u00e4\u00e4n miell\u00e4 pelastustoimea sis\u00e4isen turvallisuuden ja samalla kokonaisturvallisuuden toimijaksi, koska pelastustoimi on ns. soteperheess\u00e4, eik\u00e4 muiden turvallisuusviranomaisten kanssa samassa kokonaisuudessa. T\u00e4st\u00e4kin syyst\u00e4 tervehdin itse l\u00e4mpim\u00e4sti ajatusta, ett\u00e4 pelastustoimen valtiollistamisesta tehd\u00e4\u00e4n selvitys. Objektiivisuuden turvaamiseksi selvityksen tekij\u00e4n\u00e4 pit\u00e4\u00e4 olla henkil\u00f6\/henkil\u00f6t, joilla ei ole kytkent\u00e4\u00e4 pelastustoimeen. Ei siis esimerkiksi ket\u00e4\u00e4n el\u00e4k\u00f6itynytt\u00e4 pelastusjohtajaa tai sis\u00e4ministeri\u00f6n virkamiest\u00e4. Enk\u00e4 pit\u00e4isi yht\u00e4\u00e4n huonona sit\u00e4k\u00e4\u00e4n, ett\u00e4 vakavasti pohdittaisiin turvallisuusministeri\u00f6t\u00e4, joka kokoaisi yhteen kaikki turvallisuudesta eri sektoreilla vastaavat tahot.<\/p>\n\n\n\n<p><strong>Mervi Parviainen<\/strong><br>rehtori<\/p>\n","protected":false},"excerpt":{"rendered":"<p>Huoli pelastajien ty\u00f6llistymisest\u00e4 Uusi lukukausi on hyv\u00e4ss\u00e4 vauhdissa Pelastusopistolla. Valtakunnalliseen [&hellip;]<\/p>\n","protected":false},"author":107,"featured_media":82854,"comment_status":"closed","ping_status":"closed","sticky":false,"template":"","format":"standard","meta":{"_acf_changed":false,"_genesis_hide_title":false,"_genesis_hide_breadcrumbs":false,"_genesis_hide_singular_image":false,"_genesis_hide_footer_widgets":false,"_genesis_custom_body_class":"","_genesis_custom_post_class":"","_genesis_layout":"","footnotes":""},"categories":[95],"tags":[],"class_list":{"0":"post-82857","1":"post","2":"type-post","3":"status-publish","4":"format-standard","5":"has-post-thumbnail","7":"category-blogi","8":"entry"},"acf":[],"gutentor_comment":0,"yoast_head":"<!-- This site is optimized with the Yoast SEO plugin v27.5 - https:\/\/yoast.com\/product\/yoast-seo-wordpress\/ -->\n<title>Pelastusopisto kouluttaa, kuka ty\u00f6llist\u00e4\u00e4 \u2013 huolia ja mietteit\u00e4 lukukauden alussa - Pelastusopisto<\/title>\n<meta name=\"robots\" content=\"index, follow, max-snippet:-1, max-image-preview:large, max-video-preview:-1\" \/>\n<link rel=\"canonical\" href=\"https:\/\/www.pelastusopisto.fi\/sv\/blogi\/pelastusopisto-kouluttaa-kuka-tyollistaa-huolia-ja-mietteita-lukukauden-alussa\/\" \/>\n<meta property=\"og:locale\" content=\"sv_SE\" \/>\n<meta property=\"og:type\" content=\"article\" \/>\n<meta property=\"og:title\" content=\"Pelastusopisto kouluttaa, kuka ty\u00f6llist\u00e4\u00e4 \u2013 huolia ja mietteit\u00e4 lukukauden alussa - Pelastusopisto\" \/>\n<meta property=\"og:description\" content=\"Huoli pelastajien ty\u00f6llistymisest\u00e4 Uusi lukukausi on hyv\u00e4ss\u00e4 vauhdissa Pelastusopistolla. Valtakunnalliseen [&hellip;]\" \/>\n<meta property=\"og:url\" content=\"https:\/\/www.pelastusopisto.fi\/sv\/blogi\/pelastusopisto-kouluttaa-kuka-tyollistaa-huolia-ja-mietteita-lukukauden-alussa\/\" \/>\n<meta property=\"og:site_name\" content=\"Pelastusopisto\" \/>\n<meta property=\"article:publisher\" content=\"https:\/\/www.facebook.com\/Pelastusopisto\/\" \/>\n<meta property=\"article:published_time\" content=\"2026-01-28T11:10:59+00:00\" \/>\n<meta property=\"article:modified_time\" content=\"2026-01-28T11:11:01+00:00\" \/>\n<meta property=\"og:image\" content=\"https:\/\/www.pelastusopisto.fi\/wp-content\/uploads\/mervi-parviainen-27-1-2026-peo-4-net.jpg\" \/>\n\t<meta property=\"og:image:width\" content=\"1100\" \/>\n\t<meta property=\"og:image:height\" content=\"550\" \/>\n\t<meta property=\"og:image:type\" content=\"image\/jpeg\" \/>\n<meta name=\"author\" content=\"Marjo Pitk\u00e4nen\" \/>\n<meta name=\"twitter:card\" content=\"summary_large_image\" \/>\n<meta name=\"twitter:creator\" content=\"@Pelastusopisto\" \/>\n<meta name=\"twitter:site\" content=\"@Pelastusopisto\" \/>\n<meta name=\"twitter:label1\" content=\"Skriven av\" \/>\n\t<meta name=\"twitter:data1\" content=\"Marjo Pitk\u00e4nen\" \/>\n\t<meta name=\"twitter:label2\" content=\"Ber\u00e4knad l\u00e4stid\" \/>\n\t<meta name=\"twitter:data2\" content=\"4 minuter\" \/>\n<script type=\"application\/ld+json\" class=\"yoast-schema-graph\">{\"@context\":\"https:\\\/\\\/schema.org\",\"@graph\":[{\"@type\":\"Article\",\"@id\":\"https:\\\/\\\/www.pelastusopisto.fi\\\/sv\\\/blogi\\\/pelastusopisto-kouluttaa-kuka-tyollistaa-huolia-ja-mietteita-lukukauden-alussa\\\/#article\",\"isPartOf\":{\"@id\":\"https:\\\/\\\/www.pelastusopisto.fi\\\/sv\\\/blogi\\\/pelastusopisto-kouluttaa-kuka-tyollistaa-huolia-ja-mietteita-lukukauden-alussa\\\/\"},\"author\":{\"name\":\"Marjo Pitk\u00e4nen\",\"@id\":\"https:\\\/\\\/www.pelastusopisto.fi\\\/sv\\\/#\\\/schema\\\/person\\\/fcd88238f9bbf218a01bd88b71ad9e07\"},\"headline\":\"Pelastusopisto kouluttaa, kuka ty\u00f6llist\u00e4\u00e4 \u2013 huolia ja mietteit\u00e4 lukukauden alussa\",\"datePublished\":\"2026-01-28T11:10:59+00:00\",\"dateModified\":\"2026-01-28T11:11:01+00:00\",\"mainEntityOfPage\":{\"@id\":\"https:\\\/\\\/www.pelastusopisto.fi\\\/sv\\\/blogi\\\/pelastusopisto-kouluttaa-kuka-tyollistaa-huolia-ja-mietteita-lukukauden-alussa\\\/\"},\"wordCount\":586,\"publisher\":{\"@id\":\"https:\\\/\\\/www.pelastusopisto.fi\\\/sv\\\/#organization\"},\"image\":{\"@id\":\"https:\\\/\\\/www.pelastusopisto.fi\\\/sv\\\/blogi\\\/pelastusopisto-kouluttaa-kuka-tyollistaa-huolia-ja-mietteita-lukukauden-alussa\\\/#primaryimage\"},\"thumbnailUrl\":\"https:\\\/\\\/www.pelastusopisto.fi\\\/wp-content\\\/uploads\\\/mervi-parviainen-27-1-2026-peo-4-net.jpg\",\"articleSection\":[\"Blogi\"],\"inLanguage\":\"sv-SE\"},{\"@type\":\"WebPage\",\"@id\":\"https:\\\/\\\/www.pelastusopisto.fi\\\/sv\\\/blogi\\\/pelastusopisto-kouluttaa-kuka-tyollistaa-huolia-ja-mietteita-lukukauden-alussa\\\/\",\"url\":\"https:\\\/\\\/www.pelastusopisto.fi\\\/sv\\\/blogi\\\/pelastusopisto-kouluttaa-kuka-tyollistaa-huolia-ja-mietteita-lukukauden-alussa\\\/\",\"name\":\"Pelastusopisto kouluttaa, kuka ty\u00f6llist\u00e4\u00e4 \u2013 huolia ja mietteit\u00e4 lukukauden alussa - Pelastusopisto\",\"isPartOf\":{\"@id\":\"https:\\\/\\\/www.pelastusopisto.fi\\\/sv\\\/#website\"},\"primaryImageOfPage\":{\"@id\":\"https:\\\/\\\/www.pelastusopisto.fi\\\/sv\\\/blogi\\\/pelastusopisto-kouluttaa-kuka-tyollistaa-huolia-ja-mietteita-lukukauden-alussa\\\/#primaryimage\"},\"image\":{\"@id\":\"https:\\\/\\\/www.pelastusopisto.fi\\\/sv\\\/blogi\\\/pelastusopisto-kouluttaa-kuka-tyollistaa-huolia-ja-mietteita-lukukauden-alussa\\\/#primaryimage\"},\"thumbnailUrl\":\"https:\\\/\\\/www.pelastusopisto.fi\\\/wp-content\\\/uploads\\\/mervi-parviainen-27-1-2026-peo-4-net.jpg\",\"datePublished\":\"2026-01-28T11:10:59+00:00\",\"dateModified\":\"2026-01-28T11:11:01+00:00\",\"breadcrumb\":{\"@id\":\"https:\\\/\\\/www.pelastusopisto.fi\\\/sv\\\/blogi\\\/pelastusopisto-kouluttaa-kuka-tyollistaa-huolia-ja-mietteita-lukukauden-alussa\\\/#breadcrumb\"},\"inLanguage\":\"sv-SE\",\"potentialAction\":[{\"@type\":\"ReadAction\",\"target\":[\"https:\\\/\\\/www.pelastusopisto.fi\\\/sv\\\/blogi\\\/pelastusopisto-kouluttaa-kuka-tyollistaa-huolia-ja-mietteita-lukukauden-alussa\\\/\"]}]},{\"@type\":\"ImageObject\",\"inLanguage\":\"sv-SE\",\"@id\":\"https:\\\/\\\/www.pelastusopisto.fi\\\/sv\\\/blogi\\\/pelastusopisto-kouluttaa-kuka-tyollistaa-huolia-ja-mietteita-lukukauden-alussa\\\/#primaryimage\",\"url\":\"https:\\\/\\\/www.pelastusopisto.fi\\\/wp-content\\\/uploads\\\/mervi-parviainen-27-1-2026-peo-4-net.jpg\",\"contentUrl\":\"https:\\\/\\\/www.pelastusopisto.fi\\\/wp-content\\\/uploads\\\/mervi-parviainen-27-1-2026-peo-4-net.jpg\",\"width\":1100,\"height\":550,\"caption\":\"Henkil\u00f6kuva Pelastusopiston rehtori Mervi Parviaisesta.\"},{\"@type\":\"BreadcrumbList\",\"@id\":\"https:\\\/\\\/www.pelastusopisto.fi\\\/sv\\\/blogi\\\/pelastusopisto-kouluttaa-kuka-tyollistaa-huolia-ja-mietteita-lukukauden-alussa\\\/#breadcrumb\",\"itemListElement\":[{\"@type\":\"ListItem\",\"position\":1,\"name\":\"Home\",\"item\":\"https:\\\/\\\/www.pelastusopisto.fi\\\/sv\\\/\"},{\"@type\":\"ListItem\",\"position\":2,\"name\":\"Pelastusopisto kouluttaa, kuka ty\u00f6llist\u00e4\u00e4 \u2013 huolia ja mietteit\u00e4 lukukauden alussa\"}]},{\"@type\":\"WebSite\",\"@id\":\"https:\\\/\\\/www.pelastusopisto.fi\\\/sv\\\/#website\",\"url\":\"https:\\\/\\\/www.pelastusopisto.fi\\\/sv\\\/\",\"name\":\"Pelastusopisto\",\"description\":\"\",\"publisher\":{\"@id\":\"https:\\\/\\\/www.pelastusopisto.fi\\\/sv\\\/#organization\"},\"potentialAction\":[{\"@type\":\"SearchAction\",\"target\":{\"@type\":\"EntryPoint\",\"urlTemplate\":\"https:\\\/\\\/www.pelastusopisto.fi\\\/sv\\\/?s={search_term_string}\"},\"query-input\":{\"@type\":\"PropertyValueSpecification\",\"valueRequired\":true,\"valueName\":\"search_term_string\"}}],\"inLanguage\":\"sv-SE\"},{\"@type\":\"Organization\",\"@id\":\"https:\\\/\\\/www.pelastusopisto.fi\\\/sv\\\/#organization\",\"name\":\"Pelastusopisto\",\"url\":\"https:\\\/\\\/www.pelastusopisto.fi\\\/sv\\\/\",\"logo\":{\"@type\":\"ImageObject\",\"inLanguage\":\"sv-SE\",\"@id\":\"https:\\\/\\\/www.pelastusopisto.fi\\\/sv\\\/#\\\/schema\\\/logo\\\/image\\\/\",\"url\":\"https:\\\/\\\/www.pelastusopisto.fi\\\/wp-content\\\/uploads\\\/pelastusopisto-logo-net.png\",\"contentUrl\":\"https:\\\/\\\/www.pelastusopisto.fi\\\/wp-content\\\/uploads\\\/pelastusopisto-logo-net.png\",\"width\":387,\"height\":71,\"caption\":\"Pelastusopisto\"},\"image\":{\"@id\":\"https:\\\/\\\/www.pelastusopisto.fi\\\/sv\\\/#\\\/schema\\\/logo\\\/image\\\/\"},\"sameAs\":[\"https:\\\/\\\/www.facebook.com\\\/Pelastusopisto\\\/\",\"https:\\\/\\\/x.com\\\/Pelastusopisto\",\"https:\\\/\\\/www.instagram.com\\\/pelastusopisto\\\/\",\"https:\\\/\\\/fi.linkedin.com\\\/school\\\/pelastusopisto\\\/\",\"https:\\\/\\\/www.youtube.com\\\/channel\\\/UCQjXYneFsnDYnJtZBfr9Ajg\"]},{\"@type\":\"Person\",\"@id\":\"https:\\\/\\\/www.pelastusopisto.fi\\\/sv\\\/#\\\/schema\\\/person\\\/fcd88238f9bbf218a01bd88b71ad9e07\",\"name\":\"Marjo Pitk\u00e4nen\",\"url\":\"https:\\\/\\\/www.pelastusopisto.fi\\\/sv\\\/author\\\/marjo-pitk\\\/\"}]}<\/script>\n<!-- \/ Yoast SEO plugin. -->","yoast_head_json":{"title":"Pelastusopisto kouluttaa, kuka ty\u00f6llist\u00e4\u00e4 \u2013 huolia ja mietteit\u00e4 lukukauden alussa - Pelastusopisto","robots":{"index":"index","follow":"follow","max-snippet":"max-snippet:-1","max-image-preview":"max-image-preview:large","max-video-preview":"max-video-preview:-1"},"canonical":"https:\/\/www.pelastusopisto.fi\/sv\/blogi\/pelastusopisto-kouluttaa-kuka-tyollistaa-huolia-ja-mietteita-lukukauden-alussa\/","og_locale":"sv_SE","og_type":"article","og_title":"Pelastusopisto kouluttaa, kuka ty\u00f6llist\u00e4\u00e4 \u2013 huolia ja mietteit\u00e4 lukukauden alussa - Pelastusopisto","og_description":"Huoli pelastajien ty\u00f6llistymisest\u00e4 Uusi lukukausi on hyv\u00e4ss\u00e4 vauhdissa Pelastusopistolla. Valtakunnalliseen [&hellip;]","og_url":"https:\/\/www.pelastusopisto.fi\/sv\/blogi\/pelastusopisto-kouluttaa-kuka-tyollistaa-huolia-ja-mietteita-lukukauden-alussa\/","og_site_name":"Pelastusopisto","article_publisher":"https:\/\/www.facebook.com\/Pelastusopisto\/","article_published_time":"2026-01-28T11:10:59+00:00","article_modified_time":"2026-01-28T11:11:01+00:00","og_image":[{"width":1100,"height":550,"url":"https:\/\/www.pelastusopisto.fi\/wp-content\/uploads\/mervi-parviainen-27-1-2026-peo-4-net.jpg","type":"image\/jpeg"}],"author":"Marjo Pitk\u00e4nen","twitter_card":"summary_large_image","twitter_creator":"@Pelastusopisto","twitter_site":"@Pelastusopisto","twitter_misc":{"Skriven av":"Marjo Pitk\u00e4nen","Ber\u00e4knad l\u00e4stid":"4 minuter"},"schema":{"@context":"https:\/\/schema.org","@graph":[{"@type":"Article","@id":"https:\/\/www.pelastusopisto.fi\/sv\/blogi\/pelastusopisto-kouluttaa-kuka-tyollistaa-huolia-ja-mietteita-lukukauden-alussa\/#article","isPartOf":{"@id":"https:\/\/www.pelastusopisto.fi\/sv\/blogi\/pelastusopisto-kouluttaa-kuka-tyollistaa-huolia-ja-mietteita-lukukauden-alussa\/"},"author":{"name":"Marjo Pitk\u00e4nen","@id":"https:\/\/www.pelastusopisto.fi\/sv\/#\/schema\/person\/fcd88238f9bbf218a01bd88b71ad9e07"},"headline":"Pelastusopisto kouluttaa, kuka ty\u00f6llist\u00e4\u00e4 \u2013 huolia ja mietteit\u00e4 lukukauden alussa","datePublished":"2026-01-28T11:10:59+00:00","dateModified":"2026-01-28T11:11:01+00:00","mainEntityOfPage":{"@id":"https:\/\/www.pelastusopisto.fi\/sv\/blogi\/pelastusopisto-kouluttaa-kuka-tyollistaa-huolia-ja-mietteita-lukukauden-alussa\/"},"wordCount":586,"publisher":{"@id":"https:\/\/www.pelastusopisto.fi\/sv\/#organization"},"image":{"@id":"https:\/\/www.pelastusopisto.fi\/sv\/blogi\/pelastusopisto-kouluttaa-kuka-tyollistaa-huolia-ja-mietteita-lukukauden-alussa\/#primaryimage"},"thumbnailUrl":"https:\/\/www.pelastusopisto.fi\/wp-content\/uploads\/mervi-parviainen-27-1-2026-peo-4-net.jpg","articleSection":["Blogi"],"inLanguage":"sv-SE"},{"@type":"WebPage","@id":"https:\/\/www.pelastusopisto.fi\/sv\/blogi\/pelastusopisto-kouluttaa-kuka-tyollistaa-huolia-ja-mietteita-lukukauden-alussa\/","url":"https:\/\/www.pelastusopisto.fi\/sv\/blogi\/pelastusopisto-kouluttaa-kuka-tyollistaa-huolia-ja-mietteita-lukukauden-alussa\/","name":"Pelastusopisto kouluttaa, kuka ty\u00f6llist\u00e4\u00e4 \u2013 huolia ja mietteit\u00e4 lukukauden alussa - Pelastusopisto","isPartOf":{"@id":"https:\/\/www.pelastusopisto.fi\/sv\/#website"},"primaryImageOfPage":{"@id":"https:\/\/www.pelastusopisto.fi\/sv\/blogi\/pelastusopisto-kouluttaa-kuka-tyollistaa-huolia-ja-mietteita-lukukauden-alussa\/#primaryimage"},"image":{"@id":"https:\/\/www.pelastusopisto.fi\/sv\/blogi\/pelastusopisto-kouluttaa-kuka-tyollistaa-huolia-ja-mietteita-lukukauden-alussa\/#primaryimage"},"thumbnailUrl":"https:\/\/www.pelastusopisto.fi\/wp-content\/uploads\/mervi-parviainen-27-1-2026-peo-4-net.jpg","datePublished":"2026-01-28T11:10:59+00:00","dateModified":"2026-01-28T11:11:01+00:00","breadcrumb":{"@id":"https:\/\/www.pelastusopisto.fi\/sv\/blogi\/pelastusopisto-kouluttaa-kuka-tyollistaa-huolia-ja-mietteita-lukukauden-alussa\/#breadcrumb"},"inLanguage":"sv-SE","potentialAction":[{"@type":"ReadAction","target":["https:\/\/www.pelastusopisto.fi\/sv\/blogi\/pelastusopisto-kouluttaa-kuka-tyollistaa-huolia-ja-mietteita-lukukauden-alussa\/"]}]},{"@type":"ImageObject","inLanguage":"sv-SE","@id":"https:\/\/www.pelastusopisto.fi\/sv\/blogi\/pelastusopisto-kouluttaa-kuka-tyollistaa-huolia-ja-mietteita-lukukauden-alussa\/#primaryimage","url":"https:\/\/www.pelastusopisto.fi\/wp-content\/uploads\/mervi-parviainen-27-1-2026-peo-4-net.jpg","contentUrl":"https:\/\/www.pelastusopisto.fi\/wp-content\/uploads\/mervi-parviainen-27-1-2026-peo-4-net.jpg","width":1100,"height":550,"caption":"Henkil\u00f6kuva Pelastusopiston rehtori Mervi Parviaisesta."},{"@type":"BreadcrumbList","@id":"https:\/\/www.pelastusopisto.fi\/sv\/blogi\/pelastusopisto-kouluttaa-kuka-tyollistaa-huolia-ja-mietteita-lukukauden-alussa\/#breadcrumb","itemListElement":[{"@type":"ListItem","position":1,"name":"Home","item":"https:\/\/www.pelastusopisto.fi\/sv\/"},{"@type":"ListItem","position":2,"name":"Pelastusopisto kouluttaa, kuka ty\u00f6llist\u00e4\u00e4 \u2013 huolia ja mietteit\u00e4 lukukauden alussa"}]},{"@type":"WebSite","@id":"https:\/\/www.pelastusopisto.fi\/sv\/#website","url":"https:\/\/www.pelastusopisto.fi\/sv\/","name":"Pelastusopisto","description":"","publisher":{"@id":"https:\/\/www.pelastusopisto.fi\/sv\/#organization"},"potentialAction":[{"@type":"SearchAction","target":{"@type":"EntryPoint","urlTemplate":"https:\/\/www.pelastusopisto.fi\/sv\/?s={search_term_string}"},"query-input":{"@type":"PropertyValueSpecification","valueRequired":true,"valueName":"search_term_string"}}],"inLanguage":"sv-SE"},{"@type":"Organization","@id":"https:\/\/www.pelastusopisto.fi\/sv\/#organization","name":"Pelastusopisto","url":"https:\/\/www.pelastusopisto.fi\/sv\/","logo":{"@type":"ImageObject","inLanguage":"sv-SE","@id":"https:\/\/www.pelastusopisto.fi\/sv\/#\/schema\/logo\/image\/","url":"https:\/\/www.pelastusopisto.fi\/wp-content\/uploads\/pelastusopisto-logo-net.png","contentUrl":"https:\/\/www.pelastusopisto.fi\/wp-content\/uploads\/pelastusopisto-logo-net.png","width":387,"height":71,"caption":"Pelastusopisto"},"image":{"@id":"https:\/\/www.pelastusopisto.fi\/sv\/#\/schema\/logo\/image\/"},"sameAs":["https:\/\/www.facebook.com\/Pelastusopisto\/","https:\/\/x.com\/Pelastusopisto","https:\/\/www.instagram.com\/pelastusopisto\/","https:\/\/fi.linkedin.com\/school\/pelastusopisto\/","https:\/\/www.youtube.com\/channel\/UCQjXYneFsnDYnJtZBfr9Ajg"]},{"@type":"Person","@id":"https:\/\/www.pelastusopisto.fi\/sv\/#\/schema\/person\/fcd88238f9bbf218a01bd88b71ad9e07","name":"Marjo Pitk\u00e4nen","url":"https:\/\/www.pelastusopisto.fi\/sv\/author\/marjo-pitk\/"}]}},"featured_image_src":"https:\/\/www.pelastusopisto.fi\/wp-content\/uploads\/mervi-parviainen-27-1-2026-peo-4-net-600x400.jpg","featured_image_src_square":"https:\/\/www.pelastusopisto.fi\/wp-content\/uploads\/mervi-parviainen-27-1-2026-peo-4-net-600x550.jpg","author_info":{"display_name":"Marjo Pitk\u00e4nen","author_link":"https:\/\/www.pelastusopisto.fi\/sv\/author\/marjo-pitk\/"},"_links":{"self":[{"href":"https:\/\/www.pelastusopisto.fi\/sv\/wp-json\/wp\/v2\/posts\/82857","targetHints":{"allow":["GET"]}}],"collection":[{"href":"https:\/\/www.pelastusopisto.fi\/sv\/wp-json\/wp\/v2\/posts"}],"about":[{"href":"https:\/\/www.pelastusopisto.fi\/sv\/wp-json\/wp\/v2\/types\/post"}],"author":[{"embeddable":true,"href":"https:\/\/www.pelastusopisto.fi\/sv\/wp-json\/wp\/v2\/users\/107"}],"replies":[{"embeddable":true,"href":"https:\/\/www.pelastusopisto.fi\/sv\/wp-json\/wp\/v2\/comments?post=82857"}],"version-history":[{"count":2,"href":"https:\/\/www.pelastusopisto.fi\/sv\/wp-json\/wp\/v2\/posts\/82857\/revisions"}],"predecessor-version":[{"id":82859,"href":"https:\/\/www.pelastusopisto.fi\/sv\/wp-json\/wp\/v2\/posts\/82857\/revisions\/82859"}],"wp:featuredmedia":[{"embeddable":true,"href":"https:\/\/www.pelastusopisto.fi\/sv\/wp-json\/wp\/v2\/media\/82854"}],"wp:attachment":[{"href":"https:\/\/www.pelastusopisto.fi\/sv\/wp-json\/wp\/v2\/media?parent=82857"}],"wp:term":[{"taxonomy":"category","embeddable":true,"href":"https:\/\/www.pelastusopisto.fi\/sv\/wp-json\/wp\/v2\/categories?post=82857"},{"taxonomy":"post_tag","embeddable":true,"href":"https:\/\/www.pelastusopisto.fi\/sv\/wp-json\/wp\/v2\/tags?post=82857"}],"curies":[{"name":"wp","href":"https:\/\/api.w.org\/{rel}","templated":true}]}}