{"id":81277,"date":"2025-11-05T09:14:31","date_gmt":"2025-11-05T07:14:31","guid":{"rendered":"https:\/\/www.pelastusopisto.fi\/?p=81277"},"modified":"2025-11-05T09:14:33","modified_gmt":"2025-11-05T07:14:33","slug":"pelastusopiston-sammutusharjoituksessa-poltetaan-rakennus-hamulassa-siilinjarvella-13-11-2025","status":"publish","type":"post","link":"https:\/\/www.pelastusopisto.fi\/sv\/uutisia\/pelastusopiston-sammutusharjoituksessa-poltetaan-rakennus-hamulassa-siilinjarvella-13-11-2025\/","title":{"rendered":"Pelastusopiston sammutusharjoituksessa poltetaan rakennus Hamulassa Siilinj\u00e4rvell\u00e4 13.11.2025"},"content":{"rendered":"\n<p><strong>Pelastusopiston sammutusharjoituksessa h\u00e4vitet\u00e4\u00e4n polttamalla k\u00e4yt\u00f6st\u00e4 poistettu puutalo torstaina 13.11.2025 Hakamets\u00e4ntiell\u00e4 Siilinj\u00e4rvell\u00e4. Polttamisesta aiheutuu n\u00e4kyv\u00e4\u00e4 savua alueella.<\/strong><\/p>\n\n\n\n<p>Kohteena on haja-asutusalueella sijaitseva vanha omakotitalo Hakamets\u00e4ntiell\u00e4 Siilinj\u00e4rvell\u00e4. Harjoitus on k\u00e4ynniss\u00e4 klo 9.00\u201318.00 siten, ett\u00e4 savua muodostava toiminta alkaa noin klo 9.00.<\/p>\n\n\n\n<p>Alueella liikkuvia pyydet\u00e4\u00e4n pit\u00e4m\u00e4\u00e4n turvallinen et\u00e4isyys kohteeseen sek\u00e4 pit\u00e4m\u00e4\u00e4n ajotiet auki, jotta raskas pelastuskalusto p\u00e4\u00e4see liikkumaan esteett\u00e4. Harjoituksesta on tiedotettu viranomaisia, kuten h\u00e4t\u00e4keskusta ja pelastuslaitosta.<\/p>\n\n\n\n<h2 class=\"wp-block-heading\"><strong>Harjoitukset p\u00e4\u00e4asiassa Pelastusopiston omalla harjoitusalueella<\/strong><\/h2>\n\n\n\n<p>Pelastusopisto toteuttaa opiskelijoiden harjoitukset p\u00e4\u00e4s\u00e4\u00e4nt\u00f6isesti omalla harjoitusalueellaan Kuopion Korvaharjussa. Harjoitusalueen ulkopuolella oikeissa kohteissa harjoituksia toteutetaan pari kertaa vuodessa. Tilanteet ja kohteet arvioidaan tarkasti etuk\u00e4teen ja huolehditaan muun muassa tarvittavista lupa-asioista. Poltettavia harjoituskohteita voi tarjota Pelastusopistolle jatkuvasti.<\/p>\n\n\n\n<p><strong>Lis\u00e4tiedot:<\/strong><\/p>\n\n\n\n<p>Harjoituksen johtajana toimii<br>Yliopettaja Ismo Huttu<br>puh. 050 528 2911<br>etunimi.sukunimi@pelastusopisto.fi\u00a0<\/p>\n\n\n\n<p><em>Pelastusopisto vahvistaa yhteiskunnan turvallisuutta j\u00e4rjest\u00e4m\u00e4ll\u00e4 pelastustoimen ja h\u00e4t\u00e4keskustoiminnan ammatillista tutkinto-, lis\u00e4- ja t\u00e4ydennyskoulutusta sek\u00e4 varautumiskoulutusta. Vastaamme sopimushenkil\u00f6st\u00f6n koulutusj\u00e4rjestelm\u00e4st\u00e4 sek\u00e4 kansainv\u00e4lisen pelastustoiminnan asiantuntijoiden kouluttamisesta, rekrytoinnista ja l\u00e4hett\u00e4misest\u00e4 operaatioihin. Koordinoimme pelastustoimen tutkimus-, kehitt\u00e4mis- ja innovaatiotoimintaa (TKI) sek\u00e4 yll\u00e4pid\u00e4mme pelastustoimen keskuskirjastoa. Lis\u00e4ksi tunnustamme pelastustoimen ammattip\u00e4tevyyksi\u00e4.<\/em><\/p>\n","protected":false},"excerpt":{"rendered":"<p>Pelastusopiston sammutusharjoituksessa h\u00e4vitet\u00e4\u00e4n polttamalla k\u00e4yt\u00f6st\u00e4 poistettu puutalo torstaina 13.11.2025 Hakamets\u00e4ntiell\u00e4 [&hellip;]<\/p>\n","protected":false},"author":107,"featured_media":81274,"comment_status":"closed","ping_status":"closed","sticky":false,"template":"","format":"standard","meta":{"_acf_changed":false,"_genesis_hide_title":false,"_genesis_hide_breadcrumbs":false,"_genesis_hide_singular_image":false,"_genesis_hide_footer_widgets":false,"_genesis_custom_body_class":"","_genesis_custom_post_class":"","_genesis_layout":"","footnotes":""},"categories":[91],"tags":[],"class_list":{"0":"post-81277","1":"post","2":"type-post","3":"status-publish","4":"format-standard","5":"has-post-thumbnail","7":"category-uutisia","8":"entry"},"acf":[],"gutentor_comment":0,"yoast_head":"<!-- This site is optimized with the Yoast SEO plugin v27.5 - https:\/\/yoast.com\/product\/yoast-seo-wordpress\/ -->\n<title>Pelastusopiston sammutusharjoituksessa poltetaan rakennus Hamulassa Siilinj\u00e4rvell\u00e4 13.11.2025 - Pelastusopisto<\/title>\n<meta name=\"robots\" content=\"index, follow, max-snippet:-1, max-image-preview:large, max-video-preview:-1\" \/>\n<link rel=\"canonical\" href=\"https:\/\/www.pelastusopisto.fi\/sv\/uutisia\/pelastusopiston-sammutusharjoituksessa-poltetaan-rakennus-hamulassa-siilinjarvella-13-11-2025\/\" \/>\n<meta property=\"og:locale\" content=\"sv_SE\" \/>\n<meta property=\"og:type\" content=\"article\" \/>\n<meta property=\"og:title\" content=\"Pelastusopiston sammutusharjoituksessa poltetaan rakennus Hamulassa Siilinj\u00e4rvell\u00e4 13.11.2025 - Pelastusopisto\" \/>\n<meta property=\"og:description\" content=\"Pelastusopiston sammutusharjoituksessa h\u00e4vitet\u00e4\u00e4n polttamalla k\u00e4yt\u00f6st\u00e4 poistettu puutalo torstaina 13.11.2025 Hakamets\u00e4ntiell\u00e4 [&hellip;]\" \/>\n<meta property=\"og:url\" content=\"https:\/\/www.pelastusopisto.fi\/sv\/uutisia\/pelastusopiston-sammutusharjoituksessa-poltetaan-rakennus-hamulassa-siilinjarvella-13-11-2025\/\" \/>\n<meta property=\"og:site_name\" content=\"Pelastusopisto\" \/>\n<meta property=\"article:publisher\" content=\"https:\/\/www.facebook.com\/Pelastusopisto\/\" \/>\n<meta property=\"article:published_time\" content=\"2025-11-05T07:14:31+00:00\" \/>\n<meta property=\"article:modified_time\" content=\"2025-11-05T07:14:33+00:00\" \/>\n<meta property=\"og:image\" content=\"https:\/\/www.pelastusopisto.fi\/wp-content\/uploads\/talonpoltto-ilmakuvat-20-11-2024-peo-40-net.jpg\" \/>\n\t<meta property=\"og:image:width\" content=\"1200\" \/>\n\t<meta property=\"og:image:height\" content=\"800\" \/>\n\t<meta property=\"og:image:type\" content=\"image\/jpeg\" \/>\n<meta name=\"author\" content=\"Marjo Pitk\u00e4nen\" \/>\n<meta name=\"twitter:card\" content=\"summary_large_image\" \/>\n<meta name=\"twitter:creator\" content=\"@Pelastusopisto\" \/>\n<meta name=\"twitter:site\" content=\"@Pelastusopisto\" \/>\n<meta name=\"twitter:label1\" content=\"Skriven av\" \/>\n\t<meta name=\"twitter:data1\" content=\"Marjo Pitk\u00e4nen\" \/>\n\t<meta name=\"twitter:label2\" content=\"Ber\u00e4knad l\u00e4stid\" \/>\n\t<meta name=\"twitter:data2\" content=\"2 minuter\" \/>\n<script type=\"application\/ld+json\" class=\"yoast-schema-graph\">{\"@context\":\"https:\\\/\\\/schema.org\",\"@graph\":[{\"@type\":\"Article\",\"@id\":\"https:\\\/\\\/www.pelastusopisto.fi\\\/sv\\\/uutisia\\\/pelastusopiston-sammutusharjoituksessa-poltetaan-rakennus-hamulassa-siilinjarvella-13-11-2025\\\/#article\",\"isPartOf\":{\"@id\":\"https:\\\/\\\/www.pelastusopisto.fi\\\/sv\\\/uutisia\\\/pelastusopiston-sammutusharjoituksessa-poltetaan-rakennus-hamulassa-siilinjarvella-13-11-2025\\\/\"},\"author\":{\"name\":\"Marjo Pitk\u00e4nen\",\"@id\":\"https:\\\/\\\/www.pelastusopisto.fi\\\/sv\\\/#\\\/schema\\\/person\\\/fcd88238f9bbf218a01bd88b71ad9e07\"},\"headline\":\"Pelastusopiston sammutusharjoituksessa poltetaan rakennus Hamulassa Siilinj\u00e4rvell\u00e4 13.11.2025\",\"datePublished\":\"2025-11-05T07:14:31+00:00\",\"dateModified\":\"2025-11-05T07:14:33+00:00\",\"mainEntityOfPage\":{\"@id\":\"https:\\\/\\\/www.pelastusopisto.fi\\\/sv\\\/uutisia\\\/pelastusopiston-sammutusharjoituksessa-poltetaan-rakennus-hamulassa-siilinjarvella-13-11-2025\\\/\"},\"wordCount\":204,\"publisher\":{\"@id\":\"https:\\\/\\\/www.pelastusopisto.fi\\\/sv\\\/#organization\"},\"image\":{\"@id\":\"https:\\\/\\\/www.pelastusopisto.fi\\\/sv\\\/uutisia\\\/pelastusopiston-sammutusharjoituksessa-poltetaan-rakennus-hamulassa-siilinjarvella-13-11-2025\\\/#primaryimage\"},\"thumbnailUrl\":\"https:\\\/\\\/www.pelastusopisto.fi\\\/wp-content\\\/uploads\\\/talonpoltto-ilmakuvat-20-11-2024-peo-40-net.jpg\",\"articleSection\":[\"Uutisia\"],\"inLanguage\":\"sv-SE\"},{\"@type\":\"WebPage\",\"@id\":\"https:\\\/\\\/www.pelastusopisto.fi\\\/sv\\\/uutisia\\\/pelastusopiston-sammutusharjoituksessa-poltetaan-rakennus-hamulassa-siilinjarvella-13-11-2025\\\/\",\"url\":\"https:\\\/\\\/www.pelastusopisto.fi\\\/sv\\\/uutisia\\\/pelastusopiston-sammutusharjoituksessa-poltetaan-rakennus-hamulassa-siilinjarvella-13-11-2025\\\/\",\"name\":\"Pelastusopiston sammutusharjoituksessa poltetaan rakennus Hamulassa Siilinj\u00e4rvell\u00e4 13.11.2025 - Pelastusopisto\",\"isPartOf\":{\"@id\":\"https:\\\/\\\/www.pelastusopisto.fi\\\/sv\\\/#website\"},\"primaryImageOfPage\":{\"@id\":\"https:\\\/\\\/www.pelastusopisto.fi\\\/sv\\\/uutisia\\\/pelastusopiston-sammutusharjoituksessa-poltetaan-rakennus-hamulassa-siilinjarvella-13-11-2025\\\/#primaryimage\"},\"image\":{\"@id\":\"https:\\\/\\\/www.pelastusopisto.fi\\\/sv\\\/uutisia\\\/pelastusopiston-sammutusharjoituksessa-poltetaan-rakennus-hamulassa-siilinjarvella-13-11-2025\\\/#primaryimage\"},\"thumbnailUrl\":\"https:\\\/\\\/www.pelastusopisto.fi\\\/wp-content\\\/uploads\\\/talonpoltto-ilmakuvat-20-11-2024-peo-40-net.jpg\",\"datePublished\":\"2025-11-05T07:14:31+00:00\",\"dateModified\":\"2025-11-05T07:14:33+00:00\",\"breadcrumb\":{\"@id\":\"https:\\\/\\\/www.pelastusopisto.fi\\\/sv\\\/uutisia\\\/pelastusopiston-sammutusharjoituksessa-poltetaan-rakennus-hamulassa-siilinjarvella-13-11-2025\\\/#breadcrumb\"},\"inLanguage\":\"sv-SE\",\"potentialAction\":[{\"@type\":\"ReadAction\",\"target\":[\"https:\\\/\\\/www.pelastusopisto.fi\\\/sv\\\/uutisia\\\/pelastusopiston-sammutusharjoituksessa-poltetaan-rakennus-hamulassa-siilinjarvella-13-11-2025\\\/\"]}]},{\"@type\":\"ImageObject\",\"inLanguage\":\"sv-SE\",\"@id\":\"https:\\\/\\\/www.pelastusopisto.fi\\\/sv\\\/uutisia\\\/pelastusopiston-sammutusharjoituksessa-poltetaan-rakennus-hamulassa-siilinjarvella-13-11-2025\\\/#primaryimage\",\"url\":\"https:\\\/\\\/www.pelastusopisto.fi\\\/wp-content\\\/uploads\\\/talonpoltto-ilmakuvat-20-11-2024-peo-40-net.jpg\",\"contentUrl\":\"https:\\\/\\\/www.pelastusopisto.fi\\\/wp-content\\\/uploads\\\/talonpoltto-ilmakuvat-20-11-2024-peo-40-net.jpg\",\"width\":1200,\"height\":800,\"caption\":\"Ilmakuva palavasta talosta, pelastushenkil\u00f6st\u00f6\u00e4 pihalla sammuttamassa paloa. Alueen ymp\u00e4rill\u00e4 on mets\u00e4\u00e4 ja vesist\u00f6\u00e4.\"},{\"@type\":\"BreadcrumbList\",\"@id\":\"https:\\\/\\\/www.pelastusopisto.fi\\\/sv\\\/uutisia\\\/pelastusopiston-sammutusharjoituksessa-poltetaan-rakennus-hamulassa-siilinjarvella-13-11-2025\\\/#breadcrumb\",\"itemListElement\":[{\"@type\":\"ListItem\",\"position\":1,\"name\":\"Home\",\"item\":\"https:\\\/\\\/www.pelastusopisto.fi\\\/sv\\\/\"},{\"@type\":\"ListItem\",\"position\":2,\"name\":\"Pelastusopiston sammutusharjoituksessa poltetaan rakennus Hamulassa Siilinj\u00e4rvell\u00e4 13.11.2025\"}]},{\"@type\":\"WebSite\",\"@id\":\"https:\\\/\\\/www.pelastusopisto.fi\\\/sv\\\/#website\",\"url\":\"https:\\\/\\\/www.pelastusopisto.fi\\\/sv\\\/\",\"name\":\"Pelastusopisto\",\"description\":\"\",\"publisher\":{\"@id\":\"https:\\\/\\\/www.pelastusopisto.fi\\\/sv\\\/#organization\"},\"potentialAction\":[{\"@type\":\"SearchAction\",\"target\":{\"@type\":\"EntryPoint\",\"urlTemplate\":\"https:\\\/\\\/www.pelastusopisto.fi\\\/sv\\\/?s={search_term_string}\"},\"query-input\":{\"@type\":\"PropertyValueSpecification\",\"valueRequired\":true,\"valueName\":\"search_term_string\"}}],\"inLanguage\":\"sv-SE\"},{\"@type\":\"Organization\",\"@id\":\"https:\\\/\\\/www.pelastusopisto.fi\\\/sv\\\/#organization\",\"name\":\"Pelastusopisto\",\"url\":\"https:\\\/\\\/www.pelastusopisto.fi\\\/sv\\\/\",\"logo\":{\"@type\":\"ImageObject\",\"inLanguage\":\"sv-SE\",\"@id\":\"https:\\\/\\\/www.pelastusopisto.fi\\\/sv\\\/#\\\/schema\\\/logo\\\/image\\\/\",\"url\":\"https:\\\/\\\/www.pelastusopisto.fi\\\/wp-content\\\/uploads\\\/pelastusopisto-logo-net.png\",\"contentUrl\":\"https:\\\/\\\/www.pelastusopisto.fi\\\/wp-content\\\/uploads\\\/pelastusopisto-logo-net.png\",\"width\":387,\"height\":71,\"caption\":\"Pelastusopisto\"},\"image\":{\"@id\":\"https:\\\/\\\/www.pelastusopisto.fi\\\/sv\\\/#\\\/schema\\\/logo\\\/image\\\/\"},\"sameAs\":[\"https:\\\/\\\/www.facebook.com\\\/Pelastusopisto\\\/\",\"https:\\\/\\\/x.com\\\/Pelastusopisto\",\"https:\\\/\\\/www.instagram.com\\\/pelastusopisto\\\/\",\"https:\\\/\\\/fi.linkedin.com\\\/school\\\/pelastusopisto\\\/\",\"https:\\\/\\\/www.youtube.com\\\/channel\\\/UCQjXYneFsnDYnJtZBfr9Ajg\"]},{\"@type\":\"Person\",\"@id\":\"https:\\\/\\\/www.pelastusopisto.fi\\\/sv\\\/#\\\/schema\\\/person\\\/fcd88238f9bbf218a01bd88b71ad9e07\",\"name\":\"Marjo Pitk\u00e4nen\",\"url\":\"https:\\\/\\\/www.pelastusopisto.fi\\\/sv\\\/author\\\/marjo-pitk\\\/\"}]}<\/script>\n<!-- \/ Yoast SEO plugin. -->","yoast_head_json":{"title":"Pelastusopiston sammutusharjoituksessa poltetaan rakennus Hamulassa Siilinj\u00e4rvell\u00e4 13.11.2025 - Pelastusopisto","robots":{"index":"index","follow":"follow","max-snippet":"max-snippet:-1","max-image-preview":"max-image-preview:large","max-video-preview":"max-video-preview:-1"},"canonical":"https:\/\/www.pelastusopisto.fi\/sv\/uutisia\/pelastusopiston-sammutusharjoituksessa-poltetaan-rakennus-hamulassa-siilinjarvella-13-11-2025\/","og_locale":"sv_SE","og_type":"article","og_title":"Pelastusopiston sammutusharjoituksessa poltetaan rakennus Hamulassa Siilinj\u00e4rvell\u00e4 13.11.2025 - Pelastusopisto","og_description":"Pelastusopiston sammutusharjoituksessa h\u00e4vitet\u00e4\u00e4n polttamalla k\u00e4yt\u00f6st\u00e4 poistettu puutalo torstaina 13.11.2025 Hakamets\u00e4ntiell\u00e4 [&hellip;]","og_url":"https:\/\/www.pelastusopisto.fi\/sv\/uutisia\/pelastusopiston-sammutusharjoituksessa-poltetaan-rakennus-hamulassa-siilinjarvella-13-11-2025\/","og_site_name":"Pelastusopisto","article_publisher":"https:\/\/www.facebook.com\/Pelastusopisto\/","article_published_time":"2025-11-05T07:14:31+00:00","article_modified_time":"2025-11-05T07:14:33+00:00","og_image":[{"width":1200,"height":800,"url":"https:\/\/www.pelastusopisto.fi\/wp-content\/uploads\/talonpoltto-ilmakuvat-20-11-2024-peo-40-net.jpg","type":"image\/jpeg"}],"author":"Marjo Pitk\u00e4nen","twitter_card":"summary_large_image","twitter_creator":"@Pelastusopisto","twitter_site":"@Pelastusopisto","twitter_misc":{"Skriven av":"Marjo Pitk\u00e4nen","Ber\u00e4knad l\u00e4stid":"2 minuter"},"schema":{"@context":"https:\/\/schema.org","@graph":[{"@type":"Article","@id":"https:\/\/www.pelastusopisto.fi\/sv\/uutisia\/pelastusopiston-sammutusharjoituksessa-poltetaan-rakennus-hamulassa-siilinjarvella-13-11-2025\/#article","isPartOf":{"@id":"https:\/\/www.pelastusopisto.fi\/sv\/uutisia\/pelastusopiston-sammutusharjoituksessa-poltetaan-rakennus-hamulassa-siilinjarvella-13-11-2025\/"},"author":{"name":"Marjo Pitk\u00e4nen","@id":"https:\/\/www.pelastusopisto.fi\/sv\/#\/schema\/person\/fcd88238f9bbf218a01bd88b71ad9e07"},"headline":"Pelastusopiston sammutusharjoituksessa poltetaan rakennus Hamulassa Siilinj\u00e4rvell\u00e4 13.11.2025","datePublished":"2025-11-05T07:14:31+00:00","dateModified":"2025-11-05T07:14:33+00:00","mainEntityOfPage":{"@id":"https:\/\/www.pelastusopisto.fi\/sv\/uutisia\/pelastusopiston-sammutusharjoituksessa-poltetaan-rakennus-hamulassa-siilinjarvella-13-11-2025\/"},"wordCount":204,"publisher":{"@id":"https:\/\/www.pelastusopisto.fi\/sv\/#organization"},"image":{"@id":"https:\/\/www.pelastusopisto.fi\/sv\/uutisia\/pelastusopiston-sammutusharjoituksessa-poltetaan-rakennus-hamulassa-siilinjarvella-13-11-2025\/#primaryimage"},"thumbnailUrl":"https:\/\/www.pelastusopisto.fi\/wp-content\/uploads\/talonpoltto-ilmakuvat-20-11-2024-peo-40-net.jpg","articleSection":["Uutisia"],"inLanguage":"sv-SE"},{"@type":"WebPage","@id":"https:\/\/www.pelastusopisto.fi\/sv\/uutisia\/pelastusopiston-sammutusharjoituksessa-poltetaan-rakennus-hamulassa-siilinjarvella-13-11-2025\/","url":"https:\/\/www.pelastusopisto.fi\/sv\/uutisia\/pelastusopiston-sammutusharjoituksessa-poltetaan-rakennus-hamulassa-siilinjarvella-13-11-2025\/","name":"Pelastusopiston sammutusharjoituksessa poltetaan rakennus Hamulassa Siilinj\u00e4rvell\u00e4 13.11.2025 - Pelastusopisto","isPartOf":{"@id":"https:\/\/www.pelastusopisto.fi\/sv\/#website"},"primaryImageOfPage":{"@id":"https:\/\/www.pelastusopisto.fi\/sv\/uutisia\/pelastusopiston-sammutusharjoituksessa-poltetaan-rakennus-hamulassa-siilinjarvella-13-11-2025\/#primaryimage"},"image":{"@id":"https:\/\/www.pelastusopisto.fi\/sv\/uutisia\/pelastusopiston-sammutusharjoituksessa-poltetaan-rakennus-hamulassa-siilinjarvella-13-11-2025\/#primaryimage"},"thumbnailUrl":"https:\/\/www.pelastusopisto.fi\/wp-content\/uploads\/talonpoltto-ilmakuvat-20-11-2024-peo-40-net.jpg","datePublished":"2025-11-05T07:14:31+00:00","dateModified":"2025-11-05T07:14:33+00:00","breadcrumb":{"@id":"https:\/\/www.pelastusopisto.fi\/sv\/uutisia\/pelastusopiston-sammutusharjoituksessa-poltetaan-rakennus-hamulassa-siilinjarvella-13-11-2025\/#breadcrumb"},"inLanguage":"sv-SE","potentialAction":[{"@type":"ReadAction","target":["https:\/\/www.pelastusopisto.fi\/sv\/uutisia\/pelastusopiston-sammutusharjoituksessa-poltetaan-rakennus-hamulassa-siilinjarvella-13-11-2025\/"]}]},{"@type":"ImageObject","inLanguage":"sv-SE","@id":"https:\/\/www.pelastusopisto.fi\/sv\/uutisia\/pelastusopiston-sammutusharjoituksessa-poltetaan-rakennus-hamulassa-siilinjarvella-13-11-2025\/#primaryimage","url":"https:\/\/www.pelastusopisto.fi\/wp-content\/uploads\/talonpoltto-ilmakuvat-20-11-2024-peo-40-net.jpg","contentUrl":"https:\/\/www.pelastusopisto.fi\/wp-content\/uploads\/talonpoltto-ilmakuvat-20-11-2024-peo-40-net.jpg","width":1200,"height":800,"caption":"Ilmakuva palavasta talosta, pelastushenkil\u00f6st\u00f6\u00e4 pihalla sammuttamassa paloa. Alueen ymp\u00e4rill\u00e4 on mets\u00e4\u00e4 ja vesist\u00f6\u00e4."},{"@type":"BreadcrumbList","@id":"https:\/\/www.pelastusopisto.fi\/sv\/uutisia\/pelastusopiston-sammutusharjoituksessa-poltetaan-rakennus-hamulassa-siilinjarvella-13-11-2025\/#breadcrumb","itemListElement":[{"@type":"ListItem","position":1,"name":"Home","item":"https:\/\/www.pelastusopisto.fi\/sv\/"},{"@type":"ListItem","position":2,"name":"Pelastusopiston sammutusharjoituksessa poltetaan rakennus Hamulassa Siilinj\u00e4rvell\u00e4 13.11.2025"}]},{"@type":"WebSite","@id":"https:\/\/www.pelastusopisto.fi\/sv\/#website","url":"https:\/\/www.pelastusopisto.fi\/sv\/","name":"Pelastusopisto","description":"","publisher":{"@id":"https:\/\/www.pelastusopisto.fi\/sv\/#organization"},"potentialAction":[{"@type":"SearchAction","target":{"@type":"EntryPoint","urlTemplate":"https:\/\/www.pelastusopisto.fi\/sv\/?s={search_term_string}"},"query-input":{"@type":"PropertyValueSpecification","valueRequired":true,"valueName":"search_term_string"}}],"inLanguage":"sv-SE"},{"@type":"Organization","@id":"https:\/\/www.pelastusopisto.fi\/sv\/#organization","name":"Pelastusopisto","url":"https:\/\/www.pelastusopisto.fi\/sv\/","logo":{"@type":"ImageObject","inLanguage":"sv-SE","@id":"https:\/\/www.pelastusopisto.fi\/sv\/#\/schema\/logo\/image\/","url":"https:\/\/www.pelastusopisto.fi\/wp-content\/uploads\/pelastusopisto-logo-net.png","contentUrl":"https:\/\/www.pelastusopisto.fi\/wp-content\/uploads\/pelastusopisto-logo-net.png","width":387,"height":71,"caption":"Pelastusopisto"},"image":{"@id":"https:\/\/www.pelastusopisto.fi\/sv\/#\/schema\/logo\/image\/"},"sameAs":["https:\/\/www.facebook.com\/Pelastusopisto\/","https:\/\/x.com\/Pelastusopisto","https:\/\/www.instagram.com\/pelastusopisto\/","https:\/\/fi.linkedin.com\/school\/pelastusopisto\/","https:\/\/www.youtube.com\/channel\/UCQjXYneFsnDYnJtZBfr9Ajg"]},{"@type":"Person","@id":"https:\/\/www.pelastusopisto.fi\/sv\/#\/schema\/person\/fcd88238f9bbf218a01bd88b71ad9e07","name":"Marjo Pitk\u00e4nen","url":"https:\/\/www.pelastusopisto.fi\/sv\/author\/marjo-pitk\/"}]}},"featured_image_src":"https:\/\/www.pelastusopisto.fi\/wp-content\/uploads\/talonpoltto-ilmakuvat-20-11-2024-peo-40-net-600x400.jpg","featured_image_src_square":"https:\/\/www.pelastusopisto.fi\/wp-content\/uploads\/talonpoltto-ilmakuvat-20-11-2024-peo-40-net-600x600.jpg","author_info":{"display_name":"Marjo Pitk\u00e4nen","author_link":"https:\/\/www.pelastusopisto.fi\/sv\/author\/marjo-pitk\/"},"_links":{"self":[{"href":"https:\/\/www.pelastusopisto.fi\/sv\/wp-json\/wp\/v2\/posts\/81277","targetHints":{"allow":["GET"]}}],"collection":[{"href":"https:\/\/www.pelastusopisto.fi\/sv\/wp-json\/wp\/v2\/posts"}],"about":[{"href":"https:\/\/www.pelastusopisto.fi\/sv\/wp-json\/wp\/v2\/types\/post"}],"author":[{"embeddable":true,"href":"https:\/\/www.pelastusopisto.fi\/sv\/wp-json\/wp\/v2\/users\/107"}],"replies":[{"embeddable":true,"href":"https:\/\/www.pelastusopisto.fi\/sv\/wp-json\/wp\/v2\/comments?post=81277"}],"version-history":[{"count":2,"href":"https:\/\/www.pelastusopisto.fi\/sv\/wp-json\/wp\/v2\/posts\/81277\/revisions"}],"predecessor-version":[{"id":81279,"href":"https:\/\/www.pelastusopisto.fi\/sv\/wp-json\/wp\/v2\/posts\/81277\/revisions\/81279"}],"wp:featuredmedia":[{"embeddable":true,"href":"https:\/\/www.pelastusopisto.fi\/sv\/wp-json\/wp\/v2\/media\/81274"}],"wp:attachment":[{"href":"https:\/\/www.pelastusopisto.fi\/sv\/wp-json\/wp\/v2\/media?parent=81277"}],"wp:term":[{"taxonomy":"category","embeddable":true,"href":"https:\/\/www.pelastusopisto.fi\/sv\/wp-json\/wp\/v2\/categories?post=81277"},{"taxonomy":"post_tag","embeddable":true,"href":"https:\/\/www.pelastusopisto.fi\/sv\/wp-json\/wp\/v2\/tags?post=81277"}],"curies":[{"name":"wp","href":"https:\/\/api.w.org\/{rel}","templated":true}]}}