{"id":80899,"date":"2025-10-13T15:02:42","date_gmt":"2025-10-13T12:02:42","guid":{"rendered":"https:\/\/www.pelastusopisto.fi\/?p=80899"},"modified":"2025-10-13T15:02:44","modified_gmt":"2025-10-13T12:02:44","slug":"uusi-valmiussuunnitelmamalli-tukee-julkishallintoa-hairiotilanteiden-hallinnassa","status":"publish","type":"post","link":"https:\/\/www.pelastusopisto.fi\/sv\/uutisia\/uusi-valmiussuunnitelmamalli-tukee-julkishallintoa-hairiotilanteiden-hallinnassa\/","title":{"rendered":"Uusi valmiussuunnitelmamalli tukee julkishallintoa h\u00e4iri\u00f6tilanteiden hallinnassa"},"content":{"rendered":"\n<p>Pelastusopisto on laatinut valmiussuunnittelun oppaan <em>H\u00e4iri\u00f6tilanteiden hallinta \u2013 Malli h\u00e4iri\u00f6tilanteiden ja kriisien hallinnan valmiussuunnitelmaksi<\/em>. Oppaassa esitell\u00e4\u00e4n valmiussuunnittelumalli, joka auttaa julkishallinnon organisaatioita varautumaan h\u00e4iri\u00f6tilanteisiin ja kriiseihin.<\/p>\n\n\n\n<p>Valmiussuunnitelmamalli on toteutettu Excel-pohjaisena ty\u00f6kaluna, johon voi koota kaikki organisaation tarvitsemat tiedot valmiuden s\u00e4\u00e4t\u00e4misen ja h\u00e4iri\u00f6tilanteiden hallintaan liittyvien toimenpiteiden aloittamiseksi.<\/p>\n\n\n\n<p>\u2013 Ty\u00f6kalu on k\u00e4yt\u00e4nn\u00f6nl\u00e4heinen ja sen tarkoituksena on helpottaa erityisesti organisaation ylimm\u00e4n johdon ty\u00f6t\u00e4 yhteisty\u00f6tahojen ja sis\u00e4isten roolien tunnistamisessa, varautumistason arvioinnissa sek\u00e4 h\u00e4iri\u00f6kohtaisen vasteen suunnittelussa, kertoo yliopettaja <strong>Petri Huttunen<\/strong> Pelastusopistolta.<\/p>\n\n\n\n<p>Valmiussuunnitelmamallin lis\u00e4ksi teoksessa k\u00e4sitell\u00e4\u00e4n valmiussuunnitteluun sek\u00e4 h\u00e4iri\u00f6tilanteiden ja kriisien hallintaan liittyvi\u00e4 keskeisi\u00e4 osa-alueita: valmiussuunnitelmakokonaisuus, turvallisuusjohtaminen, tietoturvallisuus, valmiuden s\u00e4\u00e4tely, h\u00e4iri\u00f6tilanteen hallinta, johtokeskusty\u00f6skentely ja kriiseist\u00e4 toipuminen.<\/p>\n\n\n\n<p>Oppaassa on otettu huomioon my\u00f6s Yhteiskunnan turvallisuusstrategiassa korostettu vasteajattelu sek\u00e4 h\u00e4iri\u00f6tilanne- ja kriisi-k\u00e4sitteiden merkitys varautumisessa.<\/p>\n\n\n\n<h2 class=\"wp-block-heading\"><strong>Malli saatavilla kahdella kielell\u00e4<\/strong><\/h2>\n\n\n\n<p>Excel-pohjainen suunnittelumalli on ladattavissa sek\u00e4 suomeksi ett\u00e4 ruotsiksi Pelastusopiston <a href=\"https:\/\/www.pelastusopisto.fi\/muu-koulutus\/varautumiskoulutus\/varautumisen-tietopankki\/\">Varautumisen tietopankista<\/a>. Itse teos on my\u00f6s saatavilla maksutta Pelastusopiston verkkosivuilta.<\/p>\n\n\n\n<p>\u2013 Mallin s\u00e4\u00e4nn\u00f6llinen yll\u00e4pito parantaa julkishallinnon valmiuksia kohdata h\u00e4iri\u00f6tilanteita ja se toimii oivana varautumisen perint\u00f6n\u00e4 tuleville organisaation johtohenkil\u00f6ille<em>, <\/em>toteaa <strong>Huttunen<\/strong>.<\/p>\n\n\n\n<p>Lataa opas:<\/p>\n\n\n\n<div id=\"section-g3f0d9b\" class=\"wp-block-gutentor-e2 section-g3f0d9b gutentor-element gutentor-element-button\"><span class=\"gutentor-button-wrap\"><a class=\"gutentor-button gutentor-block-button gutentor-icon-before\" href=\"https:\/\/info.smedu.fi\/kirjasto\/Sarja_D\/D1_2025.pdf\" target=\"_blank\" rel=\" noopener noreferrer\"><i class=\"gutentor-button-icon fas fa-chevron-right\"><\/i><span><strong>H\u00e4iri\u00f6tilanteiden hallinta<\/strong><\/span><\/a><\/span><\/div>\n","protected":false},"excerpt":{"rendered":"<p>Pelastusopisto on laatinut valmiussuunnittelun oppaan H\u00e4iri\u00f6tilanteiden hallinta \u2013 Malli h\u00e4iri\u00f6tilanteiden [&hellip;]<\/p>\n","protected":false},"author":107,"featured_media":80918,"comment_status":"closed","ping_status":"closed","sticky":false,"template":"","format":"standard","meta":{"_acf_changed":false,"_genesis_hide_title":false,"_genesis_hide_breadcrumbs":false,"_genesis_hide_singular_image":false,"_genesis_hide_footer_widgets":false,"_genesis_custom_body_class":"","_genesis_custom_post_class":"","_genesis_layout":"","footnotes":""},"categories":[91],"tags":[],"class_list":{"0":"post-80899","1":"post","2":"type-post","3":"status-publish","4":"format-standard","5":"has-post-thumbnail","7":"category-uutisia","8":"entry"},"acf":[],"gutentor_comment":0,"yoast_head":"<!-- This site is optimized with the Yoast SEO plugin v27.4 - https:\/\/yoast.com\/product\/yoast-seo-wordpress\/ -->\n<title>Uusi valmiussuunnitelmamalli tukee julkishallintoa h\u00e4iri\u00f6tilanteiden hallinnassa - Pelastusopisto<\/title>\n<meta name=\"robots\" content=\"index, follow, max-snippet:-1, max-image-preview:large, max-video-preview:-1\" \/>\n<link rel=\"canonical\" href=\"https:\/\/www.pelastusopisto.fi\/sv\/uutisia\/uusi-valmiussuunnitelmamalli-tukee-julkishallintoa-hairiotilanteiden-hallinnassa\/\" \/>\n<meta property=\"og:locale\" content=\"sv_SE\" \/>\n<meta property=\"og:type\" content=\"article\" \/>\n<meta property=\"og:title\" content=\"Uusi valmiussuunnitelmamalli tukee julkishallintoa h\u00e4iri\u00f6tilanteiden hallinnassa - Pelastusopisto\" \/>\n<meta property=\"og:description\" content=\"Pelastusopisto on laatinut valmiussuunnittelun oppaan H\u00e4iri\u00f6tilanteiden hallinta \u2013 Malli h\u00e4iri\u00f6tilanteiden [&hellip;]\" \/>\n<meta property=\"og:url\" content=\"https:\/\/www.pelastusopisto.fi\/sv\/uutisia\/uusi-valmiussuunnitelmamalli-tukee-julkishallintoa-hairiotilanteiden-hallinnassa\/\" \/>\n<meta property=\"og:site_name\" content=\"Pelastusopisto\" \/>\n<meta property=\"article:publisher\" content=\"https:\/\/www.facebook.com\/Pelastusopisto\/\" \/>\n<meta property=\"article:published_time\" content=\"2025-10-13T12:02:42+00:00\" \/>\n<meta property=\"article:modified_time\" content=\"2025-10-13T12:02:44+00:00\" \/>\n<meta property=\"og:image\" content=\"https:\/\/www.pelastusopisto.fi\/wp-content\/uploads\/Hairiotilanteiden-hallinta-kansi-net.jpg\" \/>\n\t<meta property=\"og:image:width\" content=\"1200\" \/>\n\t<meta property=\"og:image:height\" content=\"800\" \/>\n\t<meta property=\"og:image:type\" content=\"image\/jpeg\" \/>\n<meta name=\"author\" content=\"Marjo Pitk\u00e4nen\" \/>\n<meta name=\"twitter:card\" content=\"summary_large_image\" \/>\n<meta name=\"twitter:creator\" content=\"@Pelastusopisto\" \/>\n<meta name=\"twitter:site\" content=\"@Pelastusopisto\" \/>\n<meta name=\"twitter:label1\" content=\"Skriven av\" \/>\n\t<meta name=\"twitter:data1\" content=\"Marjo Pitk\u00e4nen\" \/>\n\t<meta name=\"twitter:label2\" content=\"Ber\u00e4knad l\u00e4stid\" \/>\n\t<meta name=\"twitter:data2\" content=\"2 minuter\" \/>\n<script type=\"application\/ld+json\" class=\"yoast-schema-graph\">{\"@context\":\"https:\\\/\\\/schema.org\",\"@graph\":[{\"@type\":\"Article\",\"@id\":\"https:\\\/\\\/www.pelastusopisto.fi\\\/sv\\\/uutisia\\\/uusi-valmiussuunnitelmamalli-tukee-julkishallintoa-hairiotilanteiden-hallinnassa\\\/#article\",\"isPartOf\":{\"@id\":\"https:\\\/\\\/www.pelastusopisto.fi\\\/sv\\\/uutisia\\\/uusi-valmiussuunnitelmamalli-tukee-julkishallintoa-hairiotilanteiden-hallinnassa\\\/\"},\"author\":{\"name\":\"Marjo Pitk\u00e4nen\",\"@id\":\"https:\\\/\\\/www.pelastusopisto.fi\\\/sv\\\/#\\\/schema\\\/person\\\/fcd88238f9bbf218a01bd88b71ad9e07\"},\"headline\":\"Uusi valmiussuunnitelmamalli tukee julkishallintoa h\u00e4iri\u00f6tilanteiden hallinnassa\",\"datePublished\":\"2025-10-13T12:02:42+00:00\",\"dateModified\":\"2025-10-13T12:02:44+00:00\",\"mainEntityOfPage\":{\"@id\":\"https:\\\/\\\/www.pelastusopisto.fi\\\/sv\\\/uutisia\\\/uusi-valmiussuunnitelmamalli-tukee-julkishallintoa-hairiotilanteiden-hallinnassa\\\/\"},\"wordCount\":212,\"publisher\":{\"@id\":\"https:\\\/\\\/www.pelastusopisto.fi\\\/sv\\\/#organization\"},\"image\":{\"@id\":\"https:\\\/\\\/www.pelastusopisto.fi\\\/sv\\\/uutisia\\\/uusi-valmiussuunnitelmamalli-tukee-julkishallintoa-hairiotilanteiden-hallinnassa\\\/#primaryimage\"},\"thumbnailUrl\":\"https:\\\/\\\/www.pelastusopisto.fi\\\/wp-content\\\/uploads\\\/Hairiotilanteiden-hallinta-kansi-net.jpg\",\"articleSection\":[\"Uutisia\"],\"inLanguage\":\"sv-SE\"},{\"@type\":\"WebPage\",\"@id\":\"https:\\\/\\\/www.pelastusopisto.fi\\\/sv\\\/uutisia\\\/uusi-valmiussuunnitelmamalli-tukee-julkishallintoa-hairiotilanteiden-hallinnassa\\\/\",\"url\":\"https:\\\/\\\/www.pelastusopisto.fi\\\/sv\\\/uutisia\\\/uusi-valmiussuunnitelmamalli-tukee-julkishallintoa-hairiotilanteiden-hallinnassa\\\/\",\"name\":\"Uusi valmiussuunnitelmamalli tukee julkishallintoa h\u00e4iri\u00f6tilanteiden hallinnassa - Pelastusopisto\",\"isPartOf\":{\"@id\":\"https:\\\/\\\/www.pelastusopisto.fi\\\/sv\\\/#website\"},\"primaryImageOfPage\":{\"@id\":\"https:\\\/\\\/www.pelastusopisto.fi\\\/sv\\\/uutisia\\\/uusi-valmiussuunnitelmamalli-tukee-julkishallintoa-hairiotilanteiden-hallinnassa\\\/#primaryimage\"},\"image\":{\"@id\":\"https:\\\/\\\/www.pelastusopisto.fi\\\/sv\\\/uutisia\\\/uusi-valmiussuunnitelmamalli-tukee-julkishallintoa-hairiotilanteiden-hallinnassa\\\/#primaryimage\"},\"thumbnailUrl\":\"https:\\\/\\\/www.pelastusopisto.fi\\\/wp-content\\\/uploads\\\/Hairiotilanteiden-hallinta-kansi-net.jpg\",\"datePublished\":\"2025-10-13T12:02:42+00:00\",\"dateModified\":\"2025-10-13T12:02:44+00:00\",\"breadcrumb\":{\"@id\":\"https:\\\/\\\/www.pelastusopisto.fi\\\/sv\\\/uutisia\\\/uusi-valmiussuunnitelmamalli-tukee-julkishallintoa-hairiotilanteiden-hallinnassa\\\/#breadcrumb\"},\"inLanguage\":\"sv-SE\",\"potentialAction\":[{\"@type\":\"ReadAction\",\"target\":[\"https:\\\/\\\/www.pelastusopisto.fi\\\/sv\\\/uutisia\\\/uusi-valmiussuunnitelmamalli-tukee-julkishallintoa-hairiotilanteiden-hallinnassa\\\/\"]}]},{\"@type\":\"ImageObject\",\"inLanguage\":\"sv-SE\",\"@id\":\"https:\\\/\\\/www.pelastusopisto.fi\\\/sv\\\/uutisia\\\/uusi-valmiussuunnitelmamalli-tukee-julkishallintoa-hairiotilanteiden-hallinnassa\\\/#primaryimage\",\"url\":\"https:\\\/\\\/www.pelastusopisto.fi\\\/wp-content\\\/uploads\\\/Hairiotilanteiden-hallinta-kansi-net.jpg\",\"contentUrl\":\"https:\\\/\\\/www.pelastusopisto.fi\\\/wp-content\\\/uploads\\\/Hairiotilanteiden-hallinta-kansi-net.jpg\",\"width\":1200,\"height\":800,\"caption\":\"Kuvituskuva: H\u00e4iri\u00f6tilanteiden hallinta -oppaan etukansi.\"},{\"@type\":\"BreadcrumbList\",\"@id\":\"https:\\\/\\\/www.pelastusopisto.fi\\\/sv\\\/uutisia\\\/uusi-valmiussuunnitelmamalli-tukee-julkishallintoa-hairiotilanteiden-hallinnassa\\\/#breadcrumb\",\"itemListElement\":[{\"@type\":\"ListItem\",\"position\":1,\"name\":\"Home\",\"item\":\"https:\\\/\\\/www.pelastusopisto.fi\\\/sv\\\/\"},{\"@type\":\"ListItem\",\"position\":2,\"name\":\"Uusi valmiussuunnitelmamalli tukee julkishallintoa h\u00e4iri\u00f6tilanteiden hallinnassa\"}]},{\"@type\":\"WebSite\",\"@id\":\"https:\\\/\\\/www.pelastusopisto.fi\\\/sv\\\/#website\",\"url\":\"https:\\\/\\\/www.pelastusopisto.fi\\\/sv\\\/\",\"name\":\"Pelastusopisto\",\"description\":\"\",\"publisher\":{\"@id\":\"https:\\\/\\\/www.pelastusopisto.fi\\\/sv\\\/#organization\"},\"potentialAction\":[{\"@type\":\"SearchAction\",\"target\":{\"@type\":\"EntryPoint\",\"urlTemplate\":\"https:\\\/\\\/www.pelastusopisto.fi\\\/sv\\\/?s={search_term_string}\"},\"query-input\":{\"@type\":\"PropertyValueSpecification\",\"valueRequired\":true,\"valueName\":\"search_term_string\"}}],\"inLanguage\":\"sv-SE\"},{\"@type\":\"Organization\",\"@id\":\"https:\\\/\\\/www.pelastusopisto.fi\\\/sv\\\/#organization\",\"name\":\"Pelastusopisto\",\"url\":\"https:\\\/\\\/www.pelastusopisto.fi\\\/sv\\\/\",\"logo\":{\"@type\":\"ImageObject\",\"inLanguage\":\"sv-SE\",\"@id\":\"https:\\\/\\\/www.pelastusopisto.fi\\\/sv\\\/#\\\/schema\\\/logo\\\/image\\\/\",\"url\":\"https:\\\/\\\/www.pelastusopisto.fi\\\/wp-content\\\/uploads\\\/pelastusopisto-logo-net.png\",\"contentUrl\":\"https:\\\/\\\/www.pelastusopisto.fi\\\/wp-content\\\/uploads\\\/pelastusopisto-logo-net.png\",\"width\":387,\"height\":71,\"caption\":\"Pelastusopisto\"},\"image\":{\"@id\":\"https:\\\/\\\/www.pelastusopisto.fi\\\/sv\\\/#\\\/schema\\\/logo\\\/image\\\/\"},\"sameAs\":[\"https:\\\/\\\/www.facebook.com\\\/Pelastusopisto\\\/\",\"https:\\\/\\\/x.com\\\/Pelastusopisto\",\"https:\\\/\\\/www.instagram.com\\\/pelastusopisto\\\/\",\"https:\\\/\\\/fi.linkedin.com\\\/school\\\/pelastusopisto\\\/\",\"https:\\\/\\\/www.youtube.com\\\/channel\\\/UCQjXYneFsnDYnJtZBfr9Ajg\"]},{\"@type\":\"Person\",\"@id\":\"https:\\\/\\\/www.pelastusopisto.fi\\\/sv\\\/#\\\/schema\\\/person\\\/fcd88238f9bbf218a01bd88b71ad9e07\",\"name\":\"Marjo Pitk\u00e4nen\",\"url\":\"https:\\\/\\\/www.pelastusopisto.fi\\\/sv\\\/author\\\/marjo-pitk\\\/\"}]}<\/script>\n<!-- \/ Yoast SEO plugin. -->","yoast_head_json":{"title":"Uusi valmiussuunnitelmamalli tukee julkishallintoa h\u00e4iri\u00f6tilanteiden hallinnassa - Pelastusopisto","robots":{"index":"index","follow":"follow","max-snippet":"max-snippet:-1","max-image-preview":"max-image-preview:large","max-video-preview":"max-video-preview:-1"},"canonical":"https:\/\/www.pelastusopisto.fi\/sv\/uutisia\/uusi-valmiussuunnitelmamalli-tukee-julkishallintoa-hairiotilanteiden-hallinnassa\/","og_locale":"sv_SE","og_type":"article","og_title":"Uusi valmiussuunnitelmamalli tukee julkishallintoa h\u00e4iri\u00f6tilanteiden hallinnassa - Pelastusopisto","og_description":"Pelastusopisto on laatinut valmiussuunnittelun oppaan H\u00e4iri\u00f6tilanteiden hallinta \u2013 Malli h\u00e4iri\u00f6tilanteiden [&hellip;]","og_url":"https:\/\/www.pelastusopisto.fi\/sv\/uutisia\/uusi-valmiussuunnitelmamalli-tukee-julkishallintoa-hairiotilanteiden-hallinnassa\/","og_site_name":"Pelastusopisto","article_publisher":"https:\/\/www.facebook.com\/Pelastusopisto\/","article_published_time":"2025-10-13T12:02:42+00:00","article_modified_time":"2025-10-13T12:02:44+00:00","og_image":[{"width":1200,"height":800,"url":"https:\/\/www.pelastusopisto.fi\/wp-content\/uploads\/Hairiotilanteiden-hallinta-kansi-net.jpg","type":"image\/jpeg"}],"author":"Marjo Pitk\u00e4nen","twitter_card":"summary_large_image","twitter_creator":"@Pelastusopisto","twitter_site":"@Pelastusopisto","twitter_misc":{"Skriven av":"Marjo Pitk\u00e4nen","Ber\u00e4knad l\u00e4stid":"2 minuter"},"schema":{"@context":"https:\/\/schema.org","@graph":[{"@type":"Article","@id":"https:\/\/www.pelastusopisto.fi\/sv\/uutisia\/uusi-valmiussuunnitelmamalli-tukee-julkishallintoa-hairiotilanteiden-hallinnassa\/#article","isPartOf":{"@id":"https:\/\/www.pelastusopisto.fi\/sv\/uutisia\/uusi-valmiussuunnitelmamalli-tukee-julkishallintoa-hairiotilanteiden-hallinnassa\/"},"author":{"name":"Marjo Pitk\u00e4nen","@id":"https:\/\/www.pelastusopisto.fi\/sv\/#\/schema\/person\/fcd88238f9bbf218a01bd88b71ad9e07"},"headline":"Uusi valmiussuunnitelmamalli tukee julkishallintoa h\u00e4iri\u00f6tilanteiden hallinnassa","datePublished":"2025-10-13T12:02:42+00:00","dateModified":"2025-10-13T12:02:44+00:00","mainEntityOfPage":{"@id":"https:\/\/www.pelastusopisto.fi\/sv\/uutisia\/uusi-valmiussuunnitelmamalli-tukee-julkishallintoa-hairiotilanteiden-hallinnassa\/"},"wordCount":212,"publisher":{"@id":"https:\/\/www.pelastusopisto.fi\/sv\/#organization"},"image":{"@id":"https:\/\/www.pelastusopisto.fi\/sv\/uutisia\/uusi-valmiussuunnitelmamalli-tukee-julkishallintoa-hairiotilanteiden-hallinnassa\/#primaryimage"},"thumbnailUrl":"https:\/\/www.pelastusopisto.fi\/wp-content\/uploads\/Hairiotilanteiden-hallinta-kansi-net.jpg","articleSection":["Uutisia"],"inLanguage":"sv-SE"},{"@type":"WebPage","@id":"https:\/\/www.pelastusopisto.fi\/sv\/uutisia\/uusi-valmiussuunnitelmamalli-tukee-julkishallintoa-hairiotilanteiden-hallinnassa\/","url":"https:\/\/www.pelastusopisto.fi\/sv\/uutisia\/uusi-valmiussuunnitelmamalli-tukee-julkishallintoa-hairiotilanteiden-hallinnassa\/","name":"Uusi valmiussuunnitelmamalli tukee julkishallintoa h\u00e4iri\u00f6tilanteiden hallinnassa - Pelastusopisto","isPartOf":{"@id":"https:\/\/www.pelastusopisto.fi\/sv\/#website"},"primaryImageOfPage":{"@id":"https:\/\/www.pelastusopisto.fi\/sv\/uutisia\/uusi-valmiussuunnitelmamalli-tukee-julkishallintoa-hairiotilanteiden-hallinnassa\/#primaryimage"},"image":{"@id":"https:\/\/www.pelastusopisto.fi\/sv\/uutisia\/uusi-valmiussuunnitelmamalli-tukee-julkishallintoa-hairiotilanteiden-hallinnassa\/#primaryimage"},"thumbnailUrl":"https:\/\/www.pelastusopisto.fi\/wp-content\/uploads\/Hairiotilanteiden-hallinta-kansi-net.jpg","datePublished":"2025-10-13T12:02:42+00:00","dateModified":"2025-10-13T12:02:44+00:00","breadcrumb":{"@id":"https:\/\/www.pelastusopisto.fi\/sv\/uutisia\/uusi-valmiussuunnitelmamalli-tukee-julkishallintoa-hairiotilanteiden-hallinnassa\/#breadcrumb"},"inLanguage":"sv-SE","potentialAction":[{"@type":"ReadAction","target":["https:\/\/www.pelastusopisto.fi\/sv\/uutisia\/uusi-valmiussuunnitelmamalli-tukee-julkishallintoa-hairiotilanteiden-hallinnassa\/"]}]},{"@type":"ImageObject","inLanguage":"sv-SE","@id":"https:\/\/www.pelastusopisto.fi\/sv\/uutisia\/uusi-valmiussuunnitelmamalli-tukee-julkishallintoa-hairiotilanteiden-hallinnassa\/#primaryimage","url":"https:\/\/www.pelastusopisto.fi\/wp-content\/uploads\/Hairiotilanteiden-hallinta-kansi-net.jpg","contentUrl":"https:\/\/www.pelastusopisto.fi\/wp-content\/uploads\/Hairiotilanteiden-hallinta-kansi-net.jpg","width":1200,"height":800,"caption":"Kuvituskuva: H\u00e4iri\u00f6tilanteiden hallinta -oppaan etukansi."},{"@type":"BreadcrumbList","@id":"https:\/\/www.pelastusopisto.fi\/sv\/uutisia\/uusi-valmiussuunnitelmamalli-tukee-julkishallintoa-hairiotilanteiden-hallinnassa\/#breadcrumb","itemListElement":[{"@type":"ListItem","position":1,"name":"Home","item":"https:\/\/www.pelastusopisto.fi\/sv\/"},{"@type":"ListItem","position":2,"name":"Uusi valmiussuunnitelmamalli tukee julkishallintoa h\u00e4iri\u00f6tilanteiden hallinnassa"}]},{"@type":"WebSite","@id":"https:\/\/www.pelastusopisto.fi\/sv\/#website","url":"https:\/\/www.pelastusopisto.fi\/sv\/","name":"Pelastusopisto","description":"","publisher":{"@id":"https:\/\/www.pelastusopisto.fi\/sv\/#organization"},"potentialAction":[{"@type":"SearchAction","target":{"@type":"EntryPoint","urlTemplate":"https:\/\/www.pelastusopisto.fi\/sv\/?s={search_term_string}"},"query-input":{"@type":"PropertyValueSpecification","valueRequired":true,"valueName":"search_term_string"}}],"inLanguage":"sv-SE"},{"@type":"Organization","@id":"https:\/\/www.pelastusopisto.fi\/sv\/#organization","name":"Pelastusopisto","url":"https:\/\/www.pelastusopisto.fi\/sv\/","logo":{"@type":"ImageObject","inLanguage":"sv-SE","@id":"https:\/\/www.pelastusopisto.fi\/sv\/#\/schema\/logo\/image\/","url":"https:\/\/www.pelastusopisto.fi\/wp-content\/uploads\/pelastusopisto-logo-net.png","contentUrl":"https:\/\/www.pelastusopisto.fi\/wp-content\/uploads\/pelastusopisto-logo-net.png","width":387,"height":71,"caption":"Pelastusopisto"},"image":{"@id":"https:\/\/www.pelastusopisto.fi\/sv\/#\/schema\/logo\/image\/"},"sameAs":["https:\/\/www.facebook.com\/Pelastusopisto\/","https:\/\/x.com\/Pelastusopisto","https:\/\/www.instagram.com\/pelastusopisto\/","https:\/\/fi.linkedin.com\/school\/pelastusopisto\/","https:\/\/www.youtube.com\/channel\/UCQjXYneFsnDYnJtZBfr9Ajg"]},{"@type":"Person","@id":"https:\/\/www.pelastusopisto.fi\/sv\/#\/schema\/person\/fcd88238f9bbf218a01bd88b71ad9e07","name":"Marjo Pitk\u00e4nen","url":"https:\/\/www.pelastusopisto.fi\/sv\/author\/marjo-pitk\/"}]}},"featured_image_src":"https:\/\/www.pelastusopisto.fi\/wp-content\/uploads\/Hairiotilanteiden-hallinta-kansi-net-600x400.jpg","featured_image_src_square":"https:\/\/www.pelastusopisto.fi\/wp-content\/uploads\/Hairiotilanteiden-hallinta-kansi-net-600x600.jpg","author_info":{"display_name":"Marjo Pitk\u00e4nen","author_link":"https:\/\/www.pelastusopisto.fi\/sv\/author\/marjo-pitk\/"},"_links":{"self":[{"href":"https:\/\/www.pelastusopisto.fi\/sv\/wp-json\/wp\/v2\/posts\/80899","targetHints":{"allow":["GET"]}}],"collection":[{"href":"https:\/\/www.pelastusopisto.fi\/sv\/wp-json\/wp\/v2\/posts"}],"about":[{"href":"https:\/\/www.pelastusopisto.fi\/sv\/wp-json\/wp\/v2\/types\/post"}],"author":[{"embeddable":true,"href":"https:\/\/www.pelastusopisto.fi\/sv\/wp-json\/wp\/v2\/users\/107"}],"replies":[{"embeddable":true,"href":"https:\/\/www.pelastusopisto.fi\/sv\/wp-json\/wp\/v2\/comments?post=80899"}],"version-history":[{"count":2,"href":"https:\/\/www.pelastusopisto.fi\/sv\/wp-json\/wp\/v2\/posts\/80899\/revisions"}],"predecessor-version":[{"id":80910,"href":"https:\/\/www.pelastusopisto.fi\/sv\/wp-json\/wp\/v2\/posts\/80899\/revisions\/80910"}],"wp:featuredmedia":[{"embeddable":true,"href":"https:\/\/www.pelastusopisto.fi\/sv\/wp-json\/wp\/v2\/media\/80918"}],"wp:attachment":[{"href":"https:\/\/www.pelastusopisto.fi\/sv\/wp-json\/wp\/v2\/media?parent=80899"}],"wp:term":[{"taxonomy":"category","embeddable":true,"href":"https:\/\/www.pelastusopisto.fi\/sv\/wp-json\/wp\/v2\/categories?post=80899"},{"taxonomy":"post_tag","embeddable":true,"href":"https:\/\/www.pelastusopisto.fi\/sv\/wp-json\/wp\/v2\/tags?post=80899"}],"curies":[{"name":"wp","href":"https:\/\/api.w.org\/{rel}","templated":true}]}}