{"id":80863,"date":"2025-10-10T11:32:56","date_gmt":"2025-10-10T08:32:56","guid":{"rendered":"https:\/\/www.pelastusopisto.fi\/?p=80863"},"modified":"2025-10-10T11:35:36","modified_gmt":"2025-10-10T08:35:36","slug":"pelastusryhmanjohtajat-tutustuivat-opettajan-tyohon-pelastusopistolla","status":"publish","type":"post","link":"https:\/\/www.pelastusopisto.fi\/sv\/uutisia\/pelastusryhmanjohtajat-tutustuivat-opettajan-tyohon-pelastusopistolla\/","title":{"rendered":"Pelastusryhm\u00e4njohtajat tutustuivat opettajan ty\u00f6h\u00f6n Pelastusopistolla"},"content":{"rendered":"\n<p>Yksitoista Varsinais-Suomen hyvinvointialueen pelastusryhm\u00e4njohtajaa oli t\u00e4m\u00e4n viikon perehtym\u00e4ss\u00e4 Pelastusopiston opettajan ty\u00f6h\u00f6n. Perehdytys on osa yhteisty\u00f6sopimusta, jonka tavoitteena on vahvistaa pelastuslaitoksen henkil\u00f6st\u00f6n osaamista ja tukea Pelastusopiston pelastustoiminnan koulutusta perehtyneell\u00e4 ja motivoituneella henkil\u00f6st\u00f6ll\u00e4.<\/p>\n\n\n\n<p>-Yhteisty\u00f6ll\u00e4 on suuri merkitys pelastuslaitoksen osaamisen kehitt\u00e4miseen, niin pedagogisen osaamisen kun ajantasaisen sammutus- ja pelastustekniikan tietotaidon. Henkil\u00f6kuntamme pystyy kehitt\u00e4m\u00e4\u00e4n omaa osaamistaan ja pelastuslaitoksen p\u00e4ivitt\u00e4ist\u00e4 harjoittelua ajantasaisella tiedolla. Samalla pystymme esittelem\u00e4\u00e4n Varsinais-Suomen pelastuslaitosta opiskelijoille jo koulutuksen aikana, mik\u00e4 tukee rekrytointia, kertoo tulosryhm\u00e4johtaja<strong> Olli H\u00f6gmander<\/strong> Varsinais- Suomen pelastuslaitokselta.<\/p>\n\n\n\n<p>-Pelastusopisto saa yhteisty\u00f6st\u00e4 kokeneita ja motivoituneita osaajia kouluttamaan pelastajia. Yhteisty\u00f6sopimuksella voimme vastata pelastustoiminnan opettajatarpeen kasvuun. Tavoitteena on my\u00f6s saada kent\u00e4n tietotaitoa siirtym\u00e4\u00e4n Pelastusopistolle ja meilt\u00e4 sinne kent\u00e4lle, korostaa Pelastusopiston hallintojohtaja <strong>Kaarina Halonen.<\/strong><\/p>\n\n\n\n<p>J\u00e4rjestelyll\u00e4 pelastuslaitos my\u00f6s tasaa henkil\u00f6kuntaansa kes\u00e4kauden ulkopuolella, jolloin Pelastusopistolla on suurin tarve pelastustoiminnan opettajista.<\/p>\n\n\n\n<figure class=\"wp-block-image size-large\"><img loading=\"lazy\" decoding=\"async\" width=\"1024\" height=\"682\" src=\"https:\/\/www.pelastusopisto.fi\/wp-content\/uploads\/varha-peo-7-10-2025-7-1200px-1024x682.jpg\" alt=\"Varsinais- Suomen pelastuslaitoksen pelastusryhm\u00e4njohtajat ja Pelastusopiston henkil\u00f6st\u00f6\u00e4 virkapuvut p\u00e4\u00e4ll\u00e4 ryhm\u00e4kuvassa.\" class=\"wp-image-80864\" srcset=\"https:\/\/www.pelastusopisto.fi\/wp-content\/uploads\/varha-peo-7-10-2025-7-1200px-1024x682.jpg 1024w, https:\/\/www.pelastusopisto.fi\/wp-content\/uploads\/varha-peo-7-10-2025-7-1200px-300x200.jpg 300w, https:\/\/www.pelastusopisto.fi\/wp-content\/uploads\/varha-peo-7-10-2025-7-1200px-768x511.jpg 768w, https:\/\/www.pelastusopisto.fi\/wp-content\/uploads\/varha-peo-7-10-2025-7-1200px-480x320.jpg 480w, https:\/\/www.pelastusopisto.fi\/wp-content\/uploads\/varha-peo-7-10-2025-7-1200px-600x400.jpg 600w, https:\/\/www.pelastusopisto.fi\/wp-content\/uploads\/varha-peo-7-10-2025-7-1200px.jpg 1200w\" sizes=\"auto, (max-width: 1024px) 100vw, 1024px\" \/><figcaption class=\"wp-element-caption\">Varsinais- Suomen pelastuslaitoksen pelastusryhm\u00e4njohtajat ja Pelastusopiston perehdytyksest\u00e4 vastaavat.<\/figcaption><\/figure>\n\n\n\n<p><\/p>\n\n\n\n<h2 class=\"wp-block-heading\">Ty\u00f6skentely on tehty mahdollisimman helpoksi<\/h2>\n\n\n\n<p>Yhteisty\u00f6sopimuksen my\u00f6t\u00e4 pelastuslaitoksen ty\u00f6ntekij\u00f6ill\u00e4 on mahdollisuus ty\u00f6skennell\u00e4 ennalta sovitusti Pelastusopistolla kouluttajana. Kouluttajat ty\u00f6skentelev\u00e4t viikon kerrallaan, kahden hengen ryhmiss\u00e4. Ty\u00f6vuorot ilmoitetaan kolme kuukautta etuk\u00e4teen. Ty\u00f6nantajana s\u00e4ilyy pelastuslaitos, ja ty\u00f6skentely tapahtuu virkamatkana Kuopioon. Ty\u00f6ntekij\u00e4t majoittuvat Pelastusopiston tiloissa ja voivat k\u00e4ytt\u00e4\u00e4 ty\u00f6nantajan autoa matkustamiseen.<\/p>\n\n\n\n<p>Pelastusopisto maksaa Varsinais- Suomen hyvinvointialueelle korvauksen yhteisty\u00f6st\u00e4.<\/p>\n\n\n\n<p>Pilotointivaiheessa mukana on yksitoista pelastusryhm\u00e4njohtajaa, ja kiinnostus mallia kohtaan on ollut alueella suurta. Yhteisty\u00f6sopimus on vuoteen 2027 saakka.<\/p>\n\n\n\n<p>-Perehtymisviikon perusteella k\u00e4yt\u00e4nn\u00f6n j\u00e4rjestelyt vaikuttavat eritt\u00e4in toimivilta ja meid\u00e4t on otettu hyvin vastaan ty\u00f6skentelem\u00e4\u00e4n Pelastusopistolle, kertoo pelastusryhm\u00e4njohtaja <strong>Pasi Koivusaari<\/strong> Varsinais-Suomen pelastuslaitokselta.<\/p>\n\n\n\n<h2 class=\"wp-block-heading\">Perehdytysviikko avasi n\u00e4k\u00f6kulmia opettajan ty\u00f6h\u00f6n<\/h2>\n\n\n\n<p>Viikon mittainen vierailu sis\u00e4lsi kattavan perehdytyksen Pelastusopiston toimintaymp\u00e4rist\u00f6\u00f6n ja koulutusk\u00e4yt\u00e4nteisiin. Ryhm\u00e4 p\u00e4\u00e4si tutustumaan muun muassa kampukseen, ICT:n toimintaperiaatteisiin, huolto- ja varustetiloihin sek\u00e4 opetustiloihin. Perehdytyksess\u00e4 k\u00e4ytiin l\u00e4pi keskeiset kokonaisuudet pelastustoiminnan opetuksesta, kuten koulutusrakenteet, harjoitussuunnitelmat, ty\u00f6ohjeet sek\u00e4 simulaatiopedagogiikan perusteet. Ryhm\u00e4 osallistui k\u00e4yt\u00e4nn\u00f6n opetukseen seuraamalla PIH- ja PTJ-harjoituksia sek\u00e4 toteuttamalla oppimiskeskusteluja.<\/p>\n\n\n\n<figure class=\"wp-block-gallery has-nested-images columns-default is-cropped wp-block-gallery-1 is-layout-flex wp-block-gallery-is-layout-flex\">\n<figure class=\"wp-block-image size-large\"><img loading=\"lazy\" decoding=\"async\" width=\"1024\" height=\"682\" data-id=\"80882\" src=\"https:\/\/www.pelastusopisto.fi\/wp-content\/uploads\/varha-peo-9-10-2025-01-1200px-1024x682.jpg\" alt=\"Ryhm\u00e4 Varsinais- Suomen pelastuslaitoksen pelastusryhm\u00e4njohtajat tutustumassa Pelastusopiston harjoitusalueen simulaattoreihin.\" class=\"wp-image-80882\" srcset=\"https:\/\/www.pelastusopisto.fi\/wp-content\/uploads\/varha-peo-9-10-2025-01-1200px-1024x682.jpg 1024w, https:\/\/www.pelastusopisto.fi\/wp-content\/uploads\/varha-peo-9-10-2025-01-1200px-300x200.jpg 300w, https:\/\/www.pelastusopisto.fi\/wp-content\/uploads\/varha-peo-9-10-2025-01-1200px-768x511.jpg 768w, https:\/\/www.pelastusopisto.fi\/wp-content\/uploads\/varha-peo-9-10-2025-01-1200px-480x320.jpg 480w, https:\/\/www.pelastusopisto.fi\/wp-content\/uploads\/varha-peo-9-10-2025-01-1200px-600x400.jpg 600w, https:\/\/www.pelastusopisto.fi\/wp-content\/uploads\/varha-peo-9-10-2025-01-1200px.jpg 1200w\" sizes=\"auto, (max-width: 1024px) 100vw, 1024px\" \/><\/figure>\n\n\n\n<figure class=\"wp-block-image size-large\"><img loading=\"lazy\" decoding=\"async\" width=\"1024\" height=\"682\" data-id=\"80879\" src=\"https:\/\/www.pelastusopisto.fi\/wp-content\/uploads\/varha-peo-7-10-2025-2-1200px-1024x682.jpg\" alt=\"\" class=\"wp-image-80879\" srcset=\"https:\/\/www.pelastusopisto.fi\/wp-content\/uploads\/varha-peo-7-10-2025-2-1200px-1024x682.jpg 1024w, https:\/\/www.pelastusopisto.fi\/wp-content\/uploads\/varha-peo-7-10-2025-2-1200px-300x200.jpg 300w, https:\/\/www.pelastusopisto.fi\/wp-content\/uploads\/varha-peo-7-10-2025-2-1200px-768x511.jpg 768w, https:\/\/www.pelastusopisto.fi\/wp-content\/uploads\/varha-peo-7-10-2025-2-1200px-480x320.jpg 480w, https:\/\/www.pelastusopisto.fi\/wp-content\/uploads\/varha-peo-7-10-2025-2-1200px-600x400.jpg 600w, https:\/\/www.pelastusopisto.fi\/wp-content\/uploads\/varha-peo-7-10-2025-2-1200px.jpg 1200w\" sizes=\"auto, (max-width: 1024px) 100vw, 1024px\" \/><\/figure>\n\n\n\n<figure class=\"wp-block-image size-large\"><img loading=\"lazy\" decoding=\"async\" width=\"1024\" height=\"682\" data-id=\"80876\" src=\"https:\/\/www.pelastusopisto.fi\/wp-content\/uploads\/varha-peo-9-10-2025-05-1200px-1024x682.jpg\" alt=\"Ryhm\u00e4 Varsinais- Suomen pelastuslaitoksen pelastusryhm\u00e4njohtajat tutustumassa Pelastusopiston harjoitusalueen simulaattoreihin.\" class=\"wp-image-80876\" srcset=\"https:\/\/www.pelastusopisto.fi\/wp-content\/uploads\/varha-peo-9-10-2025-05-1200px-1024x682.jpg 1024w, https:\/\/www.pelastusopisto.fi\/wp-content\/uploads\/varha-peo-9-10-2025-05-1200px-300x200.jpg 300w, https:\/\/www.pelastusopisto.fi\/wp-content\/uploads\/varha-peo-9-10-2025-05-1200px-768x511.jpg 768w, https:\/\/www.pelastusopisto.fi\/wp-content\/uploads\/varha-peo-9-10-2025-05-1200px-480x320.jpg 480w, https:\/\/www.pelastusopisto.fi\/wp-content\/uploads\/varha-peo-9-10-2025-05-1200px-600x400.jpg 600w, https:\/\/www.pelastusopisto.fi\/wp-content\/uploads\/varha-peo-9-10-2025-05-1200px.jpg 1200w\" sizes=\"auto, (max-width: 1024px) 100vw, 1024px\" \/><\/figure>\n<\/figure>\n\n\n\n<p>&#8211; Viikko Pelastusopistolla on ollut mielenkiintoinen ja silmi\u00e4 avaavaa kokemus. Valmistuin itse AP-kurssilta kaksi vuotta sitten ja n\u00e4in silloin opiskelijan n\u00e4k\u00f6kulman. Nyt p\u00e4\u00e4sin tutustumaan opettajan ty\u00f6h\u00f6n, toteaa <strong>Koivusaari<\/strong>.<\/p>\n\n\n\n<p>\u2013 Perehdytyksen aikana korostuivat erityisesti turvallinen toiminta ja ty\u00f6turvallisuuden varmistaminen, jotka ovat keskeinen osa Pelastusopiston arkea, kertoo Pelastusopiston koulutusp\u00e4\u00e4llikk\u00f6 <strong>Pekka Lindholm<\/strong>.<\/p>\n\n\n\n<p>Perehdytyksen toteutuksesta vastasivat <strong>Lindholmin<\/strong> lis\u00e4ksi tiiminvet\u00e4j\u00e4t <strong>Timo Suominen, Ismo Huttu ja vanhempi opettaja Vesa Kujanp\u00e4\u00e4<\/strong>, sek\u00e4 pelastustoiminnan koulutuksen opettajat. Turvallisuusp\u00e4\u00e4llikk\u00f6 ja kalustomestari pitiv\u00e4t my\u00f6s oman perehdytyksen vastuualueiltaan.<\/p>\n\n\n\n<h2 class=\"wp-block-heading\">Tositoimet alkavat parin viikon p\u00e4\u00e4st\u00e4<\/h2>\n\n\n\n<p>Ensimm\u00e4iset kouluttajat aloittavat ty\u00f6t viikolla 43. Pelastusopiston v\u00e4ki ja kouluttajat odottavat yhteisty\u00f6n alkua innolla.<\/p>\n\n\n\n<p><strong>&#8211;<\/strong>Fiilis on loistava. Jo ensimm\u00e4isen p\u00e4iv\u00e4n j\u00e4lkeen tuli olo, ett\u00e4 meid\u00e4t on huomioitu oikeasti, kun tulimme t\u00e4nne vuosien tauon j\u00e4lkeen. Perehdytysviikko on ollut hyv\u00e4 ja luottavaisin mielin tulen 5 viikon p\u00e4\u00e4st\u00e4 t\u00e4nne, sanoo <strong>Koivusaari<\/strong>.<\/p>\n\n\n\n<p>&#8211; L\u00e4hden kouluttajan t\u00f6ihin avoimin mielin. T\u00e4ytyy asettaa itselle realistiset tavoitteet, sill\u00e4 ensimm\u00e4iset opetustapahtumat eiv\u00e4t ole viel\u00e4 huippuunsa hioutuneet. Vakituisilta opettajilta ja muilta tuntiopettajilta saamme tukea ty\u00f6skentelyyn mik\u00e4 sujuvoittaa opetusta. Kaikkea ei tarvitse keksi\u00e4 alusta asti itse, nostaa esille pelastusryhm\u00e4njohtaja <strong>Mikko L\u00f6pp\u00f6nen <\/strong>Varsinais- Suomen pelastuslaitokselta.<\/p>\n\n\n\n<figure class=\"wp-block-image size-large\"><img loading=\"lazy\" decoding=\"async\" width=\"1024\" height=\"682\" src=\"https:\/\/www.pelastusopisto.fi\/wp-content\/uploads\/varha-peo-9-10-2025-10-1200px-1024x682.jpg\" alt=\"Varsinais- Suomen hyvinvointialueen pelastusryhm\u00e4njohtajat Mikko L\u00f6pp\u00f6nen ja Pasi Koivusaari seisovat heijastinliivit ja kyp\u00e4r\u00e4t p\u00e4\u00e4ss\u00e4 Pelastusopiston harjoitusalueella, taustalla joukko pelastusryhm\u00e4njohtajia.\" class=\"wp-image-80888\" srcset=\"https:\/\/www.pelastusopisto.fi\/wp-content\/uploads\/varha-peo-9-10-2025-10-1200px-1024x682.jpg 1024w, https:\/\/www.pelastusopisto.fi\/wp-content\/uploads\/varha-peo-9-10-2025-10-1200px-300x200.jpg 300w, https:\/\/www.pelastusopisto.fi\/wp-content\/uploads\/varha-peo-9-10-2025-10-1200px-768x511.jpg 768w, https:\/\/www.pelastusopisto.fi\/wp-content\/uploads\/varha-peo-9-10-2025-10-1200px-480x320.jpg 480w, https:\/\/www.pelastusopisto.fi\/wp-content\/uploads\/varha-peo-9-10-2025-10-1200px-600x400.jpg 600w, https:\/\/www.pelastusopisto.fi\/wp-content\/uploads\/varha-peo-9-10-2025-10-1200px.jpg 1200w\" sizes=\"auto, (max-width: 1024px) 100vw, 1024px\" \/><figcaption class=\"wp-element-caption\">Varsinais- Suomen pelastuslaitoksen pelastusryhm\u00e4njohtajat Mikko L\u00f6pp\u00f6nen ja Pasi Koivusaari.<\/figcaption><\/figure>\n\n\n\n<p>-Tuomme Pelastusopistolle yli 200 vuotta pelastusalan ty\u00f6kokemusta eri puolelta Suomea, mist\u00e4 tuntiopettajat yleens\u00e4 Pelastusopistolle tulevat. Olen kyll\u00e4 aika innoissani t\u00e4st\u00e4 mahdollisuudesta. T\u00e4ll\u00e4 on vaikutusta Pelastusopiston toimintamalleihin ja Varsinais- Suomen pelastuslaitoksen arkeen, korostaa Pelastusopiston vanhempi opettaja Vesa Kujanp\u00e4\u00e4.<\/p>\n\n\n\n<figure class=\"wp-block-image size-large\"><img loading=\"lazy\" decoding=\"async\" width=\"1024\" height=\"683\" src=\"https:\/\/www.pelastusopisto.fi\/wp-content\/uploads\/varha-peo-9-10-2025-13-1200px-1024x683.jpg\" alt=\"Pelastusopiston vanhempi opettaja Vesa Kujanp\u00e4\u00e4 Pelastusopiston harjoitusalueella, takanaan pelastusryhm\u00e4njohtajia.\" class=\"wp-image-80885\" srcset=\"https:\/\/www.pelastusopisto.fi\/wp-content\/uploads\/varha-peo-9-10-2025-13-1200px-1024x683.jpg 1024w, https:\/\/www.pelastusopisto.fi\/wp-content\/uploads\/varha-peo-9-10-2025-13-1200px-300x200.jpg 300w, https:\/\/www.pelastusopisto.fi\/wp-content\/uploads\/varha-peo-9-10-2025-13-1200px-768x512.jpg 768w, https:\/\/www.pelastusopisto.fi\/wp-content\/uploads\/varha-peo-9-10-2025-13-1200px-480x320.jpg 480w, https:\/\/www.pelastusopisto.fi\/wp-content\/uploads\/varha-peo-9-10-2025-13-1200px-600x400.jpg 600w, https:\/\/www.pelastusopisto.fi\/wp-content\/uploads\/varha-peo-9-10-2025-13-1200px.jpg 1200w\" sizes=\"auto, (max-width: 1024px) 100vw, 1024px\" \/><figcaption class=\"wp-element-caption\">Pelastusopiston vanhempi opettaja Vesa Kujanp\u00e4\u00e4.<\/figcaption><\/figure>\n\n\n\n<p>Lis\u00e4tietoja:<\/p>\n\n\n\n<p>Hallintojohtaja<br>Kaarina Halonen<br>029 545 3437<br>etunimi.sukunimi@pelastusopisto.fi<\/p>\n\n\n\n<p>Koulutusp\u00e4\u00e4llikk\u00f6<br>Pekka Lindholm<br>029 545 3419<br>etunimi.sukunimi@pelastusopisto.fi<\/p>\n\n\n\n<p><\/p>\n","protected":false},"excerpt":{"rendered":"<p>Yksitoista Varsinais-Suomen hyvinvointialueen pelastusryhm\u00e4njohtajaa oli t\u00e4m\u00e4n viikon perehtym\u00e4ss\u00e4 Pelastusopiston opettajan [&hellip;]<\/p>\n","protected":false},"author":65,"featured_media":80870,"comment_status":"closed","ping_status":"closed","sticky":false,"template":"","format":"standard","meta":{"_acf_changed":false,"_genesis_hide_title":false,"_genesis_hide_breadcrumbs":false,"_genesis_hide_singular_image":false,"_genesis_hide_footer_widgets":false,"_genesis_custom_body_class":"","_genesis_custom_post_class":"","_genesis_layout":"","footnotes":""},"categories":[91],"tags":[],"class_list":{"0":"post-80863","1":"post","2":"type-post","3":"status-publish","4":"format-standard","5":"has-post-thumbnail","7":"category-uutisia","8":"entry"},"acf":[],"gutentor_comment":0,"yoast_head":"<!-- This site is optimized with the Yoast SEO plugin v27.4 - https:\/\/yoast.com\/product\/yoast-seo-wordpress\/ -->\n<title>Pelastusryhm\u00e4njohtajat tutustuivat opettajan ty\u00f6h\u00f6n Pelastusopistolla - Pelastusopisto<\/title>\n<meta name=\"robots\" content=\"index, follow, max-snippet:-1, max-image-preview:large, max-video-preview:-1\" \/>\n<link rel=\"canonical\" href=\"https:\/\/www.pelastusopisto.fi\/sv\/uutisia\/pelastusryhmanjohtajat-tutustuivat-opettajan-tyohon-pelastusopistolla\/\" \/>\n<meta property=\"og:locale\" content=\"sv_SE\" \/>\n<meta property=\"og:type\" content=\"article\" \/>\n<meta property=\"og:title\" content=\"Pelastusryhm\u00e4njohtajat tutustuivat opettajan ty\u00f6h\u00f6n Pelastusopistolla - Pelastusopisto\" \/>\n<meta property=\"og:description\" content=\"Yksitoista Varsinais-Suomen hyvinvointialueen pelastusryhm\u00e4njohtajaa oli t\u00e4m\u00e4n viikon perehtym\u00e4ss\u00e4 Pelastusopiston opettajan [&hellip;]\" \/>\n<meta property=\"og:url\" content=\"https:\/\/www.pelastusopisto.fi\/sv\/uutisia\/pelastusryhmanjohtajat-tutustuivat-opettajan-tyohon-pelastusopistolla\/\" \/>\n<meta property=\"og:site_name\" content=\"Pelastusopisto\" \/>\n<meta property=\"article:publisher\" content=\"https:\/\/www.facebook.com\/Pelastusopisto\/\" \/>\n<meta property=\"article:published_time\" content=\"2025-10-10T08:32:56+00:00\" \/>\n<meta property=\"article:modified_time\" content=\"2025-10-10T08:35:36+00:00\" \/>\n<meta property=\"og:image\" content=\"https:\/\/www.pelastusopisto.fi\/wp-content\/uploads\/varha-peo-9-10-2025-08-1200px.jpg\" \/>\n\t<meta property=\"og:image:width\" content=\"1200\" \/>\n\t<meta property=\"og:image:height\" content=\"799\" \/>\n\t<meta property=\"og:image:type\" content=\"image\/jpeg\" \/>\n<meta name=\"author\" content=\"Virve Kyll\u00f6nen\" \/>\n<meta name=\"twitter:card\" content=\"summary_large_image\" \/>\n<meta name=\"twitter:creator\" content=\"@Pelastusopisto\" \/>\n<meta name=\"twitter:site\" content=\"@Pelastusopisto\" \/>\n<meta name=\"twitter:label1\" content=\"Skriven av\" \/>\n\t<meta name=\"twitter:data1\" content=\"Virve Kyll\u00f6nen\" \/>\n\t<meta name=\"twitter:label2\" content=\"Ber\u00e4knad l\u00e4stid\" \/>\n\t<meta name=\"twitter:data2\" content=\"5 minuter\" \/>\n<script type=\"application\/ld+json\" class=\"yoast-schema-graph\">{\"@context\":\"https:\\\/\\\/schema.org\",\"@graph\":[{\"@type\":\"Article\",\"@id\":\"https:\\\/\\\/www.pelastusopisto.fi\\\/sv\\\/uutisia\\\/pelastusryhmanjohtajat-tutustuivat-opettajan-tyohon-pelastusopistolla\\\/#article\",\"isPartOf\":{\"@id\":\"https:\\\/\\\/www.pelastusopisto.fi\\\/sv\\\/uutisia\\\/pelastusryhmanjohtajat-tutustuivat-opettajan-tyohon-pelastusopistolla\\\/\"},\"author\":{\"name\":\"Virve Kyll\u00f6nen\",\"@id\":\"https:\\\/\\\/www.pelastusopisto.fi\\\/sv\\\/#\\\/schema\\\/person\\\/5f3474c0d0f844f798a8e940f44d5a43\"},\"headline\":\"Pelastusryhm\u00e4njohtajat tutustuivat opettajan ty\u00f6h\u00f6n Pelastusopistolla\",\"datePublished\":\"2025-10-10T08:32:56+00:00\",\"dateModified\":\"2025-10-10T08:35:36+00:00\",\"mainEntityOfPage\":{\"@id\":\"https:\\\/\\\/www.pelastusopisto.fi\\\/sv\\\/uutisia\\\/pelastusryhmanjohtajat-tutustuivat-opettajan-tyohon-pelastusopistolla\\\/\"},\"wordCount\":641,\"publisher\":{\"@id\":\"https:\\\/\\\/www.pelastusopisto.fi\\\/sv\\\/#organization\"},\"image\":{\"@id\":\"https:\\\/\\\/www.pelastusopisto.fi\\\/sv\\\/uutisia\\\/pelastusryhmanjohtajat-tutustuivat-opettajan-tyohon-pelastusopistolla\\\/#primaryimage\"},\"thumbnailUrl\":\"https:\\\/\\\/www.pelastusopisto.fi\\\/wp-content\\\/uploads\\\/varha-peo-9-10-2025-08-1200px.jpg\",\"articleSection\":[\"Uutisia\"],\"inLanguage\":\"sv-SE\"},{\"@type\":\"WebPage\",\"@id\":\"https:\\\/\\\/www.pelastusopisto.fi\\\/sv\\\/uutisia\\\/pelastusryhmanjohtajat-tutustuivat-opettajan-tyohon-pelastusopistolla\\\/\",\"url\":\"https:\\\/\\\/www.pelastusopisto.fi\\\/sv\\\/uutisia\\\/pelastusryhmanjohtajat-tutustuivat-opettajan-tyohon-pelastusopistolla\\\/\",\"name\":\"Pelastusryhm\u00e4njohtajat tutustuivat opettajan ty\u00f6h\u00f6n Pelastusopistolla - Pelastusopisto\",\"isPartOf\":{\"@id\":\"https:\\\/\\\/www.pelastusopisto.fi\\\/sv\\\/#website\"},\"primaryImageOfPage\":{\"@id\":\"https:\\\/\\\/www.pelastusopisto.fi\\\/sv\\\/uutisia\\\/pelastusryhmanjohtajat-tutustuivat-opettajan-tyohon-pelastusopistolla\\\/#primaryimage\"},\"image\":{\"@id\":\"https:\\\/\\\/www.pelastusopisto.fi\\\/sv\\\/uutisia\\\/pelastusryhmanjohtajat-tutustuivat-opettajan-tyohon-pelastusopistolla\\\/#primaryimage\"},\"thumbnailUrl\":\"https:\\\/\\\/www.pelastusopisto.fi\\\/wp-content\\\/uploads\\\/varha-peo-9-10-2025-08-1200px.jpg\",\"datePublished\":\"2025-10-10T08:32:56+00:00\",\"dateModified\":\"2025-10-10T08:35:36+00:00\",\"breadcrumb\":{\"@id\":\"https:\\\/\\\/www.pelastusopisto.fi\\\/sv\\\/uutisia\\\/pelastusryhmanjohtajat-tutustuivat-opettajan-tyohon-pelastusopistolla\\\/#breadcrumb\"},\"inLanguage\":\"sv-SE\",\"potentialAction\":[{\"@type\":\"ReadAction\",\"target\":[\"https:\\\/\\\/www.pelastusopisto.fi\\\/sv\\\/uutisia\\\/pelastusryhmanjohtajat-tutustuivat-opettajan-tyohon-pelastusopistolla\\\/\"]}]},{\"@type\":\"ImageObject\",\"inLanguage\":\"sv-SE\",\"@id\":\"https:\\\/\\\/www.pelastusopisto.fi\\\/sv\\\/uutisia\\\/pelastusryhmanjohtajat-tutustuivat-opettajan-tyohon-pelastusopistolla\\\/#primaryimage\",\"url\":\"https:\\\/\\\/www.pelastusopisto.fi\\\/wp-content\\\/uploads\\\/varha-peo-9-10-2025-08-1200px.jpg\",\"contentUrl\":\"https:\\\/\\\/www.pelastusopisto.fi\\\/wp-content\\\/uploads\\\/varha-peo-9-10-2025-08-1200px.jpg\",\"width\":1200,\"height\":799,\"caption\":\"Ryhm\u00e4 pelastusryhm\u00e4johtajia seisoo turvaliivit ja kyp\u00e4r\u00e4t yll\u00e4\u00e4n Pelastusopiston harjoitusalueella.\"},{\"@type\":\"BreadcrumbList\",\"@id\":\"https:\\\/\\\/www.pelastusopisto.fi\\\/sv\\\/uutisia\\\/pelastusryhmanjohtajat-tutustuivat-opettajan-tyohon-pelastusopistolla\\\/#breadcrumb\",\"itemListElement\":[{\"@type\":\"ListItem\",\"position\":1,\"name\":\"Home\",\"item\":\"https:\\\/\\\/www.pelastusopisto.fi\\\/sv\\\/\"},{\"@type\":\"ListItem\",\"position\":2,\"name\":\"Pelastusryhm\u00e4njohtajat tutustuivat opettajan ty\u00f6h\u00f6n Pelastusopistolla\"}]},{\"@type\":\"WebSite\",\"@id\":\"https:\\\/\\\/www.pelastusopisto.fi\\\/sv\\\/#website\",\"url\":\"https:\\\/\\\/www.pelastusopisto.fi\\\/sv\\\/\",\"name\":\"Pelastusopisto\",\"description\":\"\",\"publisher\":{\"@id\":\"https:\\\/\\\/www.pelastusopisto.fi\\\/sv\\\/#organization\"},\"potentialAction\":[{\"@type\":\"SearchAction\",\"target\":{\"@type\":\"EntryPoint\",\"urlTemplate\":\"https:\\\/\\\/www.pelastusopisto.fi\\\/sv\\\/?s={search_term_string}\"},\"query-input\":{\"@type\":\"PropertyValueSpecification\",\"valueRequired\":true,\"valueName\":\"search_term_string\"}}],\"inLanguage\":\"sv-SE\"},{\"@type\":\"Organization\",\"@id\":\"https:\\\/\\\/www.pelastusopisto.fi\\\/sv\\\/#organization\",\"name\":\"Pelastusopisto\",\"url\":\"https:\\\/\\\/www.pelastusopisto.fi\\\/sv\\\/\",\"logo\":{\"@type\":\"ImageObject\",\"inLanguage\":\"sv-SE\",\"@id\":\"https:\\\/\\\/www.pelastusopisto.fi\\\/sv\\\/#\\\/schema\\\/logo\\\/image\\\/\",\"url\":\"https:\\\/\\\/www.pelastusopisto.fi\\\/wp-content\\\/uploads\\\/pelastusopisto-logo-net.png\",\"contentUrl\":\"https:\\\/\\\/www.pelastusopisto.fi\\\/wp-content\\\/uploads\\\/pelastusopisto-logo-net.png\",\"width\":387,\"height\":71,\"caption\":\"Pelastusopisto\"},\"image\":{\"@id\":\"https:\\\/\\\/www.pelastusopisto.fi\\\/sv\\\/#\\\/schema\\\/logo\\\/image\\\/\"},\"sameAs\":[\"https:\\\/\\\/www.facebook.com\\\/Pelastusopisto\\\/\",\"https:\\\/\\\/x.com\\\/Pelastusopisto\",\"https:\\\/\\\/www.instagram.com\\\/pelastusopisto\\\/\",\"https:\\\/\\\/fi.linkedin.com\\\/school\\\/pelastusopisto\\\/\",\"https:\\\/\\\/www.youtube.com\\\/channel\\\/UCQjXYneFsnDYnJtZBfr9Ajg\"]},{\"@type\":\"Person\",\"@id\":\"https:\\\/\\\/www.pelastusopisto.fi\\\/sv\\\/#\\\/schema\\\/person\\\/5f3474c0d0f844f798a8e940f44d5a43\",\"name\":\"Virve Kyll\u00f6nen\",\"url\":\"https:\\\/\\\/www.pelastusopisto.fi\\\/sv\\\/author\\\/virv-kyll\\\/\"}]}<\/script>\n<!-- \/ Yoast SEO plugin. -->","yoast_head_json":{"title":"Pelastusryhm\u00e4njohtajat tutustuivat opettajan ty\u00f6h\u00f6n Pelastusopistolla - Pelastusopisto","robots":{"index":"index","follow":"follow","max-snippet":"max-snippet:-1","max-image-preview":"max-image-preview:large","max-video-preview":"max-video-preview:-1"},"canonical":"https:\/\/www.pelastusopisto.fi\/sv\/uutisia\/pelastusryhmanjohtajat-tutustuivat-opettajan-tyohon-pelastusopistolla\/","og_locale":"sv_SE","og_type":"article","og_title":"Pelastusryhm\u00e4njohtajat tutustuivat opettajan ty\u00f6h\u00f6n Pelastusopistolla - Pelastusopisto","og_description":"Yksitoista Varsinais-Suomen hyvinvointialueen pelastusryhm\u00e4njohtajaa oli t\u00e4m\u00e4n viikon perehtym\u00e4ss\u00e4 Pelastusopiston opettajan [&hellip;]","og_url":"https:\/\/www.pelastusopisto.fi\/sv\/uutisia\/pelastusryhmanjohtajat-tutustuivat-opettajan-tyohon-pelastusopistolla\/","og_site_name":"Pelastusopisto","article_publisher":"https:\/\/www.facebook.com\/Pelastusopisto\/","article_published_time":"2025-10-10T08:32:56+00:00","article_modified_time":"2025-10-10T08:35:36+00:00","og_image":[{"width":1200,"height":799,"url":"https:\/\/www.pelastusopisto.fi\/wp-content\/uploads\/varha-peo-9-10-2025-08-1200px.jpg","type":"image\/jpeg"}],"author":"Virve Kyll\u00f6nen","twitter_card":"summary_large_image","twitter_creator":"@Pelastusopisto","twitter_site":"@Pelastusopisto","twitter_misc":{"Skriven av":"Virve Kyll\u00f6nen","Ber\u00e4knad l\u00e4stid":"5 minuter"},"schema":{"@context":"https:\/\/schema.org","@graph":[{"@type":"Article","@id":"https:\/\/www.pelastusopisto.fi\/sv\/uutisia\/pelastusryhmanjohtajat-tutustuivat-opettajan-tyohon-pelastusopistolla\/#article","isPartOf":{"@id":"https:\/\/www.pelastusopisto.fi\/sv\/uutisia\/pelastusryhmanjohtajat-tutustuivat-opettajan-tyohon-pelastusopistolla\/"},"author":{"name":"Virve Kyll\u00f6nen","@id":"https:\/\/www.pelastusopisto.fi\/sv\/#\/schema\/person\/5f3474c0d0f844f798a8e940f44d5a43"},"headline":"Pelastusryhm\u00e4njohtajat tutustuivat opettajan ty\u00f6h\u00f6n Pelastusopistolla","datePublished":"2025-10-10T08:32:56+00:00","dateModified":"2025-10-10T08:35:36+00:00","mainEntityOfPage":{"@id":"https:\/\/www.pelastusopisto.fi\/sv\/uutisia\/pelastusryhmanjohtajat-tutustuivat-opettajan-tyohon-pelastusopistolla\/"},"wordCount":641,"publisher":{"@id":"https:\/\/www.pelastusopisto.fi\/sv\/#organization"},"image":{"@id":"https:\/\/www.pelastusopisto.fi\/sv\/uutisia\/pelastusryhmanjohtajat-tutustuivat-opettajan-tyohon-pelastusopistolla\/#primaryimage"},"thumbnailUrl":"https:\/\/www.pelastusopisto.fi\/wp-content\/uploads\/varha-peo-9-10-2025-08-1200px.jpg","articleSection":["Uutisia"],"inLanguage":"sv-SE"},{"@type":"WebPage","@id":"https:\/\/www.pelastusopisto.fi\/sv\/uutisia\/pelastusryhmanjohtajat-tutustuivat-opettajan-tyohon-pelastusopistolla\/","url":"https:\/\/www.pelastusopisto.fi\/sv\/uutisia\/pelastusryhmanjohtajat-tutustuivat-opettajan-tyohon-pelastusopistolla\/","name":"Pelastusryhm\u00e4njohtajat tutustuivat opettajan ty\u00f6h\u00f6n Pelastusopistolla - Pelastusopisto","isPartOf":{"@id":"https:\/\/www.pelastusopisto.fi\/sv\/#website"},"primaryImageOfPage":{"@id":"https:\/\/www.pelastusopisto.fi\/sv\/uutisia\/pelastusryhmanjohtajat-tutustuivat-opettajan-tyohon-pelastusopistolla\/#primaryimage"},"image":{"@id":"https:\/\/www.pelastusopisto.fi\/sv\/uutisia\/pelastusryhmanjohtajat-tutustuivat-opettajan-tyohon-pelastusopistolla\/#primaryimage"},"thumbnailUrl":"https:\/\/www.pelastusopisto.fi\/wp-content\/uploads\/varha-peo-9-10-2025-08-1200px.jpg","datePublished":"2025-10-10T08:32:56+00:00","dateModified":"2025-10-10T08:35:36+00:00","breadcrumb":{"@id":"https:\/\/www.pelastusopisto.fi\/sv\/uutisia\/pelastusryhmanjohtajat-tutustuivat-opettajan-tyohon-pelastusopistolla\/#breadcrumb"},"inLanguage":"sv-SE","potentialAction":[{"@type":"ReadAction","target":["https:\/\/www.pelastusopisto.fi\/sv\/uutisia\/pelastusryhmanjohtajat-tutustuivat-opettajan-tyohon-pelastusopistolla\/"]}]},{"@type":"ImageObject","inLanguage":"sv-SE","@id":"https:\/\/www.pelastusopisto.fi\/sv\/uutisia\/pelastusryhmanjohtajat-tutustuivat-opettajan-tyohon-pelastusopistolla\/#primaryimage","url":"https:\/\/www.pelastusopisto.fi\/wp-content\/uploads\/varha-peo-9-10-2025-08-1200px.jpg","contentUrl":"https:\/\/www.pelastusopisto.fi\/wp-content\/uploads\/varha-peo-9-10-2025-08-1200px.jpg","width":1200,"height":799,"caption":"Ryhm\u00e4 pelastusryhm\u00e4johtajia seisoo turvaliivit ja kyp\u00e4r\u00e4t yll\u00e4\u00e4n Pelastusopiston harjoitusalueella."},{"@type":"BreadcrumbList","@id":"https:\/\/www.pelastusopisto.fi\/sv\/uutisia\/pelastusryhmanjohtajat-tutustuivat-opettajan-tyohon-pelastusopistolla\/#breadcrumb","itemListElement":[{"@type":"ListItem","position":1,"name":"Home","item":"https:\/\/www.pelastusopisto.fi\/sv\/"},{"@type":"ListItem","position":2,"name":"Pelastusryhm\u00e4njohtajat tutustuivat opettajan ty\u00f6h\u00f6n Pelastusopistolla"}]},{"@type":"WebSite","@id":"https:\/\/www.pelastusopisto.fi\/sv\/#website","url":"https:\/\/www.pelastusopisto.fi\/sv\/","name":"Pelastusopisto","description":"","publisher":{"@id":"https:\/\/www.pelastusopisto.fi\/sv\/#organization"},"potentialAction":[{"@type":"SearchAction","target":{"@type":"EntryPoint","urlTemplate":"https:\/\/www.pelastusopisto.fi\/sv\/?s={search_term_string}"},"query-input":{"@type":"PropertyValueSpecification","valueRequired":true,"valueName":"search_term_string"}}],"inLanguage":"sv-SE"},{"@type":"Organization","@id":"https:\/\/www.pelastusopisto.fi\/sv\/#organization","name":"Pelastusopisto","url":"https:\/\/www.pelastusopisto.fi\/sv\/","logo":{"@type":"ImageObject","inLanguage":"sv-SE","@id":"https:\/\/www.pelastusopisto.fi\/sv\/#\/schema\/logo\/image\/","url":"https:\/\/www.pelastusopisto.fi\/wp-content\/uploads\/pelastusopisto-logo-net.png","contentUrl":"https:\/\/www.pelastusopisto.fi\/wp-content\/uploads\/pelastusopisto-logo-net.png","width":387,"height":71,"caption":"Pelastusopisto"},"image":{"@id":"https:\/\/www.pelastusopisto.fi\/sv\/#\/schema\/logo\/image\/"},"sameAs":["https:\/\/www.facebook.com\/Pelastusopisto\/","https:\/\/x.com\/Pelastusopisto","https:\/\/www.instagram.com\/pelastusopisto\/","https:\/\/fi.linkedin.com\/school\/pelastusopisto\/","https:\/\/www.youtube.com\/channel\/UCQjXYneFsnDYnJtZBfr9Ajg"]},{"@type":"Person","@id":"https:\/\/www.pelastusopisto.fi\/sv\/#\/schema\/person\/5f3474c0d0f844f798a8e940f44d5a43","name":"Virve Kyll\u00f6nen","url":"https:\/\/www.pelastusopisto.fi\/sv\/author\/virv-kyll\/"}]}},"featured_image_src":"https:\/\/www.pelastusopisto.fi\/wp-content\/uploads\/varha-peo-9-10-2025-08-1200px-600x400.jpg","featured_image_src_square":"https:\/\/www.pelastusopisto.fi\/wp-content\/uploads\/varha-peo-9-10-2025-08-1200px-600x600.jpg","author_info":{"display_name":"Virve Kyll\u00f6nen","author_link":"https:\/\/www.pelastusopisto.fi\/sv\/author\/virv-kyll\/"},"_links":{"self":[{"href":"https:\/\/www.pelastusopisto.fi\/sv\/wp-json\/wp\/v2\/posts\/80863","targetHints":{"allow":["GET"]}}],"collection":[{"href":"https:\/\/www.pelastusopisto.fi\/sv\/wp-json\/wp\/v2\/posts"}],"about":[{"href":"https:\/\/www.pelastusopisto.fi\/sv\/wp-json\/wp\/v2\/types\/post"}],"author":[{"embeddable":true,"href":"https:\/\/www.pelastusopisto.fi\/sv\/wp-json\/wp\/v2\/users\/65"}],"replies":[{"embeddable":true,"href":"https:\/\/www.pelastusopisto.fi\/sv\/wp-json\/wp\/v2\/comments?post=80863"}],"version-history":[{"count":1,"href":"https:\/\/www.pelastusopisto.fi\/sv\/wp-json\/wp\/v2\/posts\/80863\/revisions"}],"predecessor-version":[{"id":80894,"href":"https:\/\/www.pelastusopisto.fi\/sv\/wp-json\/wp\/v2\/posts\/80863\/revisions\/80894"}],"wp:featuredmedia":[{"embeddable":true,"href":"https:\/\/www.pelastusopisto.fi\/sv\/wp-json\/wp\/v2\/media\/80870"}],"wp:attachment":[{"href":"https:\/\/www.pelastusopisto.fi\/sv\/wp-json\/wp\/v2\/media?parent=80863"}],"wp:term":[{"taxonomy":"category","embeddable":true,"href":"https:\/\/www.pelastusopisto.fi\/sv\/wp-json\/wp\/v2\/categories?post=80863"},{"taxonomy":"post_tag","embeddable":true,"href":"https:\/\/www.pelastusopisto.fi\/sv\/wp-json\/wp\/v2\/tags?post=80863"}],"curies":[{"name":"wp","href":"https:\/\/api.w.org\/{rel}","templated":true}]}}