{"id":80797,"date":"2025-09-23T15:19:29","date_gmt":"2025-09-23T12:19:29","guid":{"rendered":"https:\/\/www.pelastusopisto.fi\/?p=80797"},"modified":"2025-09-23T15:19:59","modified_gmt":"2025-09-23T12:19:59","slug":"verkostot-vahvistuivat-rekrytointipaivassa-pelastusopistolla","status":"publish","type":"post","link":"https:\/\/www.pelastusopisto.fi\/sv\/tapahtumat\/verkostot-vahvistuivat-rekrytointipaivassa-pelastusopistolla\/","title":{"rendered":"Verkostot vahvistuivat rekrytointip\u00e4iv\u00e4ss\u00e4 Pelastusopistolla"},"content":{"rendered":"\n<p>Vietimme tiistaina 23.9.2025 pelastuslaitosten rekrytointip\u00e4iv\u00e4\u00e4 Pelastusopistolla. Tapahtuma toi yhteen 18 pelastuslaitosta, mik\u00e4 tarjosi pelastajaopiskelijoille mahdollisuuden tutustua tuleviin ty\u00f6nantajiin. P\u00e4iv\u00e4n aikana opiskelijat p\u00e4\u00e4siv\u00e4t kuulemaan pelastuslaitosten toiminnasta, ty\u00f6llistymismahdollisuuksista sek\u00e4 tutustumaan muun muassa harjoittelupaikkoihin ja urapolkuihin.<\/p>\n\n\n\n<figure class=\"wp-block-gallery has-nested-images columns-3 is-cropped wp-block-gallery-1 is-layout-flex wp-block-gallery-is-layout-flex\">\n<figure class=\"wp-block-image size-large\"><img loading=\"lazy\" decoding=\"async\" width=\"1024\" height=\"682\" data-id=\"80808\" src=\"https:\/\/www.pelastusopisto.fi\/wp-content\/uploads\/rekrypaiva-peo-23-9-2025-07-1200px-1024x682.jpg\" alt=\"\" class=\"wp-image-80808\" srcset=\"https:\/\/www.pelastusopisto.fi\/wp-content\/uploads\/rekrypaiva-peo-23-9-2025-07-1200px-1024x682.jpg 1024w, https:\/\/www.pelastusopisto.fi\/wp-content\/uploads\/rekrypaiva-peo-23-9-2025-07-1200px-300x200.jpg 300w, https:\/\/www.pelastusopisto.fi\/wp-content\/uploads\/rekrypaiva-peo-23-9-2025-07-1200px-768x511.jpg 768w, https:\/\/www.pelastusopisto.fi\/wp-content\/uploads\/rekrypaiva-peo-23-9-2025-07-1200px-480x320.jpg 480w, https:\/\/www.pelastusopisto.fi\/wp-content\/uploads\/rekrypaiva-peo-23-9-2025-07-1200px-600x400.jpg 600w, https:\/\/www.pelastusopisto.fi\/wp-content\/uploads\/rekrypaiva-peo-23-9-2025-07-1200px.jpg 1200w\" sizes=\"auto, (max-width: 1024px) 100vw, 1024px\" \/><\/figure>\n\n\n\n<figure class=\"wp-block-image size-large\"><img loading=\"lazy\" decoding=\"async\" width=\"1024\" height=\"682\" data-id=\"80805\" src=\"https:\/\/www.pelastusopisto.fi\/wp-content\/uploads\/rekrypaiva-peo-23-9-2025-06-1200px-1024x682.jpg\" alt=\"\" class=\"wp-image-80805\" srcset=\"https:\/\/www.pelastusopisto.fi\/wp-content\/uploads\/rekrypaiva-peo-23-9-2025-06-1200px-1024x682.jpg 1024w, https:\/\/www.pelastusopisto.fi\/wp-content\/uploads\/rekrypaiva-peo-23-9-2025-06-1200px-300x200.jpg 300w, https:\/\/www.pelastusopisto.fi\/wp-content\/uploads\/rekrypaiva-peo-23-9-2025-06-1200px-768x511.jpg 768w, https:\/\/www.pelastusopisto.fi\/wp-content\/uploads\/rekrypaiva-peo-23-9-2025-06-1200px-480x320.jpg 480w, https:\/\/www.pelastusopisto.fi\/wp-content\/uploads\/rekrypaiva-peo-23-9-2025-06-1200px-600x400.jpg 600w, https:\/\/www.pelastusopisto.fi\/wp-content\/uploads\/rekrypaiva-peo-23-9-2025-06-1200px.jpg 1200w\" sizes=\"auto, (max-width: 1024px) 100vw, 1024px\" \/><\/figure>\n\n\n\n<figure class=\"wp-block-image size-large\"><img loading=\"lazy\" decoding=\"async\" width=\"1024\" height=\"682\" data-id=\"80802\" src=\"https:\/\/www.pelastusopisto.fi\/wp-content\/uploads\/rekrypaiva-peo-23-9-2025-03-1200px-1024x682.jpg\" alt=\"\" class=\"wp-image-80802\" srcset=\"https:\/\/www.pelastusopisto.fi\/wp-content\/uploads\/rekrypaiva-peo-23-9-2025-03-1200px-1024x682.jpg 1024w, https:\/\/www.pelastusopisto.fi\/wp-content\/uploads\/rekrypaiva-peo-23-9-2025-03-1200px-300x200.jpg 300w, https:\/\/www.pelastusopisto.fi\/wp-content\/uploads\/rekrypaiva-peo-23-9-2025-03-1200px-768x511.jpg 768w, https:\/\/www.pelastusopisto.fi\/wp-content\/uploads\/rekrypaiva-peo-23-9-2025-03-1200px-480x320.jpg 480w, https:\/\/www.pelastusopisto.fi\/wp-content\/uploads\/rekrypaiva-peo-23-9-2025-03-1200px-600x400.jpg 600w, https:\/\/www.pelastusopisto.fi\/wp-content\/uploads\/rekrypaiva-peo-23-9-2025-03-1200px.jpg 1200w\" sizes=\"auto, (max-width: 1024px) 100vw, 1024px\" \/><\/figure>\n<\/figure>\n\n\n\n<p><\/p>\n\n\n\n<p>Pelastuslaitosten esittelypisteill\u00e4 oli p\u00e4iv\u00e4n aikana vilkasta.<\/p>\n\n\n\n<p>\u2013 Keskustelua on her\u00e4nnyt ja kovasti k\u00e4y ihmisi\u00e4, ehtisikin vaan keskustelemaan kaikkien kanssa. Meid\u00e4n rekrytoinnista vastaava, joka rekrytoi meid\u00e4n pelastajat, on hyvinkin kysytty t\u00e4\u00e4ll\u00e4, koulutusp\u00e4\u00e4llikk\u00f6 <strong>Mari Ukkonen<\/strong> P\u00e4ij\u00e4t-H\u00e4meen pelastuslaitokselta kertoi.<\/p>\n\n\n\n<p>Ensimm\u00e4inen rekrytointip\u00e4iv\u00e4 j\u00e4rjestettiin kev\u00e4\u00e4ll\u00e4 2024. Sen j\u00e4lkeen tilaisuus on vakiinnuttanut paikkansa Pelastusopiston tapahtumien joukossa. Seuraava rekrytointip\u00e4iv\u00e4 j\u00e4rjestet\u00e4\u00e4n kev\u00e4\u00e4ll\u00e4 2026.<\/p>\n","protected":false},"excerpt":{"rendered":"<p>Vietimme tiistaina 23.9.2025 pelastuslaitosten rekrytointip\u00e4iv\u00e4\u00e4 Pelastusopistolla. Tapahtuma toi yhteen 18 [&hellip;]<\/p>\n","protected":false},"author":107,"featured_media":80814,"comment_status":"closed","ping_status":"closed","sticky":false,"template":"","format":"standard","meta":{"_acf_changed":false,"_genesis_hide_title":false,"_genesis_hide_breadcrumbs":false,"_genesis_hide_singular_image":false,"_genesis_hide_footer_widgets":false,"_genesis_custom_body_class":"","_genesis_custom_post_class":"","_genesis_layout":"","footnotes":""},"categories":[174,91],"tags":[],"class_list":{"0":"post-80797","1":"post","2":"type-post","3":"status-publish","4":"format-standard","5":"has-post-thumbnail","7":"category-tapahtumat","8":"category-uutisia","9":"entry"},"acf":[],"gutentor_comment":0,"yoast_head":"<!-- This site is optimized with the Yoast SEO plugin v27.5 - https:\/\/yoast.com\/product\/yoast-seo-wordpress\/ -->\n<title>Verkostot vahvistuivat rekrytointip\u00e4iv\u00e4ss\u00e4 Pelastusopistolla - Pelastusopisto<\/title>\n<meta name=\"robots\" content=\"index, follow, max-snippet:-1, max-image-preview:large, max-video-preview:-1\" \/>\n<link rel=\"canonical\" href=\"https:\/\/www.pelastusopisto.fi\/sv\/tapahtumat\/verkostot-vahvistuivat-rekrytointipaivassa-pelastusopistolla\/\" \/>\n<meta property=\"og:locale\" content=\"sv_SE\" \/>\n<meta property=\"og:type\" content=\"article\" \/>\n<meta property=\"og:title\" content=\"Verkostot vahvistuivat rekrytointip\u00e4iv\u00e4ss\u00e4 Pelastusopistolla - Pelastusopisto\" \/>\n<meta property=\"og:description\" content=\"Vietimme tiistaina 23.9.2025 pelastuslaitosten rekrytointip\u00e4iv\u00e4\u00e4 Pelastusopistolla. Tapahtuma toi yhteen 18 [&hellip;]\" \/>\n<meta property=\"og:url\" content=\"https:\/\/www.pelastusopisto.fi\/sv\/tapahtumat\/verkostot-vahvistuivat-rekrytointipaivassa-pelastusopistolla\/\" \/>\n<meta property=\"og:site_name\" content=\"Pelastusopisto\" \/>\n<meta property=\"article:publisher\" content=\"https:\/\/www.facebook.com\/Pelastusopisto\/\" \/>\n<meta property=\"article:published_time\" content=\"2025-09-23T12:19:29+00:00\" \/>\n<meta property=\"article:modified_time\" content=\"2025-09-23T12:19:59+00:00\" \/>\n<meta property=\"og:image\" content=\"https:\/\/www.pelastusopisto.fi\/wp-content\/uploads\/rekrypaiva-peo-23-9-2025-10-1200px.jpg\" \/>\n\t<meta property=\"og:image:width\" content=\"1200\" \/>\n\t<meta property=\"og:image:height\" content=\"799\" \/>\n\t<meta property=\"og:image:type\" content=\"image\/jpeg\" \/>\n<meta name=\"author\" content=\"Marjo Pitk\u00e4nen\" \/>\n<meta name=\"twitter:card\" content=\"summary_large_image\" \/>\n<meta name=\"twitter:creator\" content=\"@Pelastusopisto\" \/>\n<meta name=\"twitter:site\" content=\"@Pelastusopisto\" \/>\n<meta name=\"twitter:label1\" content=\"Skriven av\" \/>\n\t<meta name=\"twitter:data1\" content=\"Marjo Pitk\u00e4nen\" \/>\n\t<meta name=\"twitter:label2\" content=\"Ber\u00e4knad l\u00e4stid\" \/>\n\t<meta name=\"twitter:data2\" content=\"2 minuter\" \/>\n<script type=\"application\/ld+json\" class=\"yoast-schema-graph\">{\"@context\":\"https:\\\/\\\/schema.org\",\"@graph\":[{\"@type\":\"Article\",\"@id\":\"https:\\\/\\\/www.pelastusopisto.fi\\\/sv\\\/tapahtumat\\\/verkostot-vahvistuivat-rekrytointipaivassa-pelastusopistolla\\\/#article\",\"isPartOf\":{\"@id\":\"https:\\\/\\\/www.pelastusopisto.fi\\\/sv\\\/tapahtumat\\\/verkostot-vahvistuivat-rekrytointipaivassa-pelastusopistolla\\\/\"},\"author\":{\"name\":\"Marjo Pitk\u00e4nen\",\"@id\":\"https:\\\/\\\/www.pelastusopisto.fi\\\/sv\\\/#\\\/schema\\\/person\\\/fcd88238f9bbf218a01bd88b71ad9e07\"},\"headline\":\"Verkostot vahvistuivat rekrytointip\u00e4iv\u00e4ss\u00e4 Pelastusopistolla\",\"datePublished\":\"2025-09-23T12:19:29+00:00\",\"dateModified\":\"2025-09-23T12:19:59+00:00\",\"mainEntityOfPage\":{\"@id\":\"https:\\\/\\\/www.pelastusopisto.fi\\\/sv\\\/tapahtumat\\\/verkostot-vahvistuivat-rekrytointipaivassa-pelastusopistolla\\\/\"},\"wordCount\":116,\"publisher\":{\"@id\":\"https:\\\/\\\/www.pelastusopisto.fi\\\/sv\\\/#organization\"},\"image\":{\"@id\":\"https:\\\/\\\/www.pelastusopisto.fi\\\/sv\\\/tapahtumat\\\/verkostot-vahvistuivat-rekrytointipaivassa-pelastusopistolla\\\/#primaryimage\"},\"thumbnailUrl\":\"https:\\\/\\\/www.pelastusopisto.fi\\\/wp-content\\\/uploads\\\/rekrypaiva-peo-23-9-2025-10-1200px.jpg\",\"articleSection\":[\"Tapahtumat\",\"Uutisia\"],\"inLanguage\":\"sv-SE\"},{\"@type\":\"WebPage\",\"@id\":\"https:\\\/\\\/www.pelastusopisto.fi\\\/sv\\\/tapahtumat\\\/verkostot-vahvistuivat-rekrytointipaivassa-pelastusopistolla\\\/\",\"url\":\"https:\\\/\\\/www.pelastusopisto.fi\\\/sv\\\/tapahtumat\\\/verkostot-vahvistuivat-rekrytointipaivassa-pelastusopistolla\\\/\",\"name\":\"Verkostot vahvistuivat rekrytointip\u00e4iv\u00e4ss\u00e4 Pelastusopistolla - Pelastusopisto\",\"isPartOf\":{\"@id\":\"https:\\\/\\\/www.pelastusopisto.fi\\\/sv\\\/#website\"},\"primaryImageOfPage\":{\"@id\":\"https:\\\/\\\/www.pelastusopisto.fi\\\/sv\\\/tapahtumat\\\/verkostot-vahvistuivat-rekrytointipaivassa-pelastusopistolla\\\/#primaryimage\"},\"image\":{\"@id\":\"https:\\\/\\\/www.pelastusopisto.fi\\\/sv\\\/tapahtumat\\\/verkostot-vahvistuivat-rekrytointipaivassa-pelastusopistolla\\\/#primaryimage\"},\"thumbnailUrl\":\"https:\\\/\\\/www.pelastusopisto.fi\\\/wp-content\\\/uploads\\\/rekrypaiva-peo-23-9-2025-10-1200px.jpg\",\"datePublished\":\"2025-09-23T12:19:29+00:00\",\"dateModified\":\"2025-09-23T12:19:59+00:00\",\"breadcrumb\":{\"@id\":\"https:\\\/\\\/www.pelastusopisto.fi\\\/sv\\\/tapahtumat\\\/verkostot-vahvistuivat-rekrytointipaivassa-pelastusopistolla\\\/#breadcrumb\"},\"inLanguage\":\"sv-SE\",\"potentialAction\":[{\"@type\":\"ReadAction\",\"target\":[\"https:\\\/\\\/www.pelastusopisto.fi\\\/sv\\\/tapahtumat\\\/verkostot-vahvistuivat-rekrytointipaivassa-pelastusopistolla\\\/\"]}]},{\"@type\":\"ImageObject\",\"inLanguage\":\"sv-SE\",\"@id\":\"https:\\\/\\\/www.pelastusopisto.fi\\\/sv\\\/tapahtumat\\\/verkostot-vahvistuivat-rekrytointipaivassa-pelastusopistolla\\\/#primaryimage\",\"url\":\"https:\\\/\\\/www.pelastusopisto.fi\\\/wp-content\\\/uploads\\\/rekrypaiva-peo-23-9-2025-10-1200px.jpg\",\"contentUrl\":\"https:\\\/\\\/www.pelastusopisto.fi\\\/wp-content\\\/uploads\\\/rekrypaiva-peo-23-9-2025-10-1200px.jpg\",\"width\":1200,\"height\":799,\"caption\":\"Pelastusopiston rekryp\u00e4iv\u00e4 k\u00e4ynniss\u00e4 Pelastusopiston aulassa.\"},{\"@type\":\"BreadcrumbList\",\"@id\":\"https:\\\/\\\/www.pelastusopisto.fi\\\/sv\\\/tapahtumat\\\/verkostot-vahvistuivat-rekrytointipaivassa-pelastusopistolla\\\/#breadcrumb\",\"itemListElement\":[{\"@type\":\"ListItem\",\"position\":1,\"name\":\"Home\",\"item\":\"https:\\\/\\\/www.pelastusopisto.fi\\\/sv\\\/\"},{\"@type\":\"ListItem\",\"position\":2,\"name\":\"Verkostot vahvistuivat rekrytointip\u00e4iv\u00e4ss\u00e4 Pelastusopistolla\"}]},{\"@type\":\"WebSite\",\"@id\":\"https:\\\/\\\/www.pelastusopisto.fi\\\/sv\\\/#website\",\"url\":\"https:\\\/\\\/www.pelastusopisto.fi\\\/sv\\\/\",\"name\":\"Pelastusopisto\",\"description\":\"\",\"publisher\":{\"@id\":\"https:\\\/\\\/www.pelastusopisto.fi\\\/sv\\\/#organization\"},\"potentialAction\":[{\"@type\":\"SearchAction\",\"target\":{\"@type\":\"EntryPoint\",\"urlTemplate\":\"https:\\\/\\\/www.pelastusopisto.fi\\\/sv\\\/?s={search_term_string}\"},\"query-input\":{\"@type\":\"PropertyValueSpecification\",\"valueRequired\":true,\"valueName\":\"search_term_string\"}}],\"inLanguage\":\"sv-SE\"},{\"@type\":\"Organization\",\"@id\":\"https:\\\/\\\/www.pelastusopisto.fi\\\/sv\\\/#organization\",\"name\":\"Pelastusopisto\",\"url\":\"https:\\\/\\\/www.pelastusopisto.fi\\\/sv\\\/\",\"logo\":{\"@type\":\"ImageObject\",\"inLanguage\":\"sv-SE\",\"@id\":\"https:\\\/\\\/www.pelastusopisto.fi\\\/sv\\\/#\\\/schema\\\/logo\\\/image\\\/\",\"url\":\"https:\\\/\\\/www.pelastusopisto.fi\\\/wp-content\\\/uploads\\\/pelastusopisto-logo-net.png\",\"contentUrl\":\"https:\\\/\\\/www.pelastusopisto.fi\\\/wp-content\\\/uploads\\\/pelastusopisto-logo-net.png\",\"width\":387,\"height\":71,\"caption\":\"Pelastusopisto\"},\"image\":{\"@id\":\"https:\\\/\\\/www.pelastusopisto.fi\\\/sv\\\/#\\\/schema\\\/logo\\\/image\\\/\"},\"sameAs\":[\"https:\\\/\\\/www.facebook.com\\\/Pelastusopisto\\\/\",\"https:\\\/\\\/x.com\\\/Pelastusopisto\",\"https:\\\/\\\/www.instagram.com\\\/pelastusopisto\\\/\",\"https:\\\/\\\/fi.linkedin.com\\\/school\\\/pelastusopisto\\\/\",\"https:\\\/\\\/www.youtube.com\\\/channel\\\/UCQjXYneFsnDYnJtZBfr9Ajg\"]},{\"@type\":\"Person\",\"@id\":\"https:\\\/\\\/www.pelastusopisto.fi\\\/sv\\\/#\\\/schema\\\/person\\\/fcd88238f9bbf218a01bd88b71ad9e07\",\"name\":\"Marjo Pitk\u00e4nen\",\"url\":\"https:\\\/\\\/www.pelastusopisto.fi\\\/sv\\\/author\\\/marjo-pitk\\\/\"}]}<\/script>\n<!-- \/ Yoast SEO plugin. -->","yoast_head_json":{"title":"Verkostot vahvistuivat rekrytointip\u00e4iv\u00e4ss\u00e4 Pelastusopistolla - Pelastusopisto","robots":{"index":"index","follow":"follow","max-snippet":"max-snippet:-1","max-image-preview":"max-image-preview:large","max-video-preview":"max-video-preview:-1"},"canonical":"https:\/\/www.pelastusopisto.fi\/sv\/tapahtumat\/verkostot-vahvistuivat-rekrytointipaivassa-pelastusopistolla\/","og_locale":"sv_SE","og_type":"article","og_title":"Verkostot vahvistuivat rekrytointip\u00e4iv\u00e4ss\u00e4 Pelastusopistolla - Pelastusopisto","og_description":"Vietimme tiistaina 23.9.2025 pelastuslaitosten rekrytointip\u00e4iv\u00e4\u00e4 Pelastusopistolla. Tapahtuma toi yhteen 18 [&hellip;]","og_url":"https:\/\/www.pelastusopisto.fi\/sv\/tapahtumat\/verkostot-vahvistuivat-rekrytointipaivassa-pelastusopistolla\/","og_site_name":"Pelastusopisto","article_publisher":"https:\/\/www.facebook.com\/Pelastusopisto\/","article_published_time":"2025-09-23T12:19:29+00:00","article_modified_time":"2025-09-23T12:19:59+00:00","og_image":[{"width":1200,"height":799,"url":"https:\/\/www.pelastusopisto.fi\/wp-content\/uploads\/rekrypaiva-peo-23-9-2025-10-1200px.jpg","type":"image\/jpeg"}],"author":"Marjo Pitk\u00e4nen","twitter_card":"summary_large_image","twitter_creator":"@Pelastusopisto","twitter_site":"@Pelastusopisto","twitter_misc":{"Skriven av":"Marjo Pitk\u00e4nen","Ber\u00e4knad l\u00e4stid":"2 minuter"},"schema":{"@context":"https:\/\/schema.org","@graph":[{"@type":"Article","@id":"https:\/\/www.pelastusopisto.fi\/sv\/tapahtumat\/verkostot-vahvistuivat-rekrytointipaivassa-pelastusopistolla\/#article","isPartOf":{"@id":"https:\/\/www.pelastusopisto.fi\/sv\/tapahtumat\/verkostot-vahvistuivat-rekrytointipaivassa-pelastusopistolla\/"},"author":{"name":"Marjo Pitk\u00e4nen","@id":"https:\/\/www.pelastusopisto.fi\/sv\/#\/schema\/person\/fcd88238f9bbf218a01bd88b71ad9e07"},"headline":"Verkostot vahvistuivat rekrytointip\u00e4iv\u00e4ss\u00e4 Pelastusopistolla","datePublished":"2025-09-23T12:19:29+00:00","dateModified":"2025-09-23T12:19:59+00:00","mainEntityOfPage":{"@id":"https:\/\/www.pelastusopisto.fi\/sv\/tapahtumat\/verkostot-vahvistuivat-rekrytointipaivassa-pelastusopistolla\/"},"wordCount":116,"publisher":{"@id":"https:\/\/www.pelastusopisto.fi\/sv\/#organization"},"image":{"@id":"https:\/\/www.pelastusopisto.fi\/sv\/tapahtumat\/verkostot-vahvistuivat-rekrytointipaivassa-pelastusopistolla\/#primaryimage"},"thumbnailUrl":"https:\/\/www.pelastusopisto.fi\/wp-content\/uploads\/rekrypaiva-peo-23-9-2025-10-1200px.jpg","articleSection":["Tapahtumat","Uutisia"],"inLanguage":"sv-SE"},{"@type":"WebPage","@id":"https:\/\/www.pelastusopisto.fi\/sv\/tapahtumat\/verkostot-vahvistuivat-rekrytointipaivassa-pelastusopistolla\/","url":"https:\/\/www.pelastusopisto.fi\/sv\/tapahtumat\/verkostot-vahvistuivat-rekrytointipaivassa-pelastusopistolla\/","name":"Verkostot vahvistuivat rekrytointip\u00e4iv\u00e4ss\u00e4 Pelastusopistolla - Pelastusopisto","isPartOf":{"@id":"https:\/\/www.pelastusopisto.fi\/sv\/#website"},"primaryImageOfPage":{"@id":"https:\/\/www.pelastusopisto.fi\/sv\/tapahtumat\/verkostot-vahvistuivat-rekrytointipaivassa-pelastusopistolla\/#primaryimage"},"image":{"@id":"https:\/\/www.pelastusopisto.fi\/sv\/tapahtumat\/verkostot-vahvistuivat-rekrytointipaivassa-pelastusopistolla\/#primaryimage"},"thumbnailUrl":"https:\/\/www.pelastusopisto.fi\/wp-content\/uploads\/rekrypaiva-peo-23-9-2025-10-1200px.jpg","datePublished":"2025-09-23T12:19:29+00:00","dateModified":"2025-09-23T12:19:59+00:00","breadcrumb":{"@id":"https:\/\/www.pelastusopisto.fi\/sv\/tapahtumat\/verkostot-vahvistuivat-rekrytointipaivassa-pelastusopistolla\/#breadcrumb"},"inLanguage":"sv-SE","potentialAction":[{"@type":"ReadAction","target":["https:\/\/www.pelastusopisto.fi\/sv\/tapahtumat\/verkostot-vahvistuivat-rekrytointipaivassa-pelastusopistolla\/"]}]},{"@type":"ImageObject","inLanguage":"sv-SE","@id":"https:\/\/www.pelastusopisto.fi\/sv\/tapahtumat\/verkostot-vahvistuivat-rekrytointipaivassa-pelastusopistolla\/#primaryimage","url":"https:\/\/www.pelastusopisto.fi\/wp-content\/uploads\/rekrypaiva-peo-23-9-2025-10-1200px.jpg","contentUrl":"https:\/\/www.pelastusopisto.fi\/wp-content\/uploads\/rekrypaiva-peo-23-9-2025-10-1200px.jpg","width":1200,"height":799,"caption":"Pelastusopiston rekryp\u00e4iv\u00e4 k\u00e4ynniss\u00e4 Pelastusopiston aulassa."},{"@type":"BreadcrumbList","@id":"https:\/\/www.pelastusopisto.fi\/sv\/tapahtumat\/verkostot-vahvistuivat-rekrytointipaivassa-pelastusopistolla\/#breadcrumb","itemListElement":[{"@type":"ListItem","position":1,"name":"Home","item":"https:\/\/www.pelastusopisto.fi\/sv\/"},{"@type":"ListItem","position":2,"name":"Verkostot vahvistuivat rekrytointip\u00e4iv\u00e4ss\u00e4 Pelastusopistolla"}]},{"@type":"WebSite","@id":"https:\/\/www.pelastusopisto.fi\/sv\/#website","url":"https:\/\/www.pelastusopisto.fi\/sv\/","name":"Pelastusopisto","description":"","publisher":{"@id":"https:\/\/www.pelastusopisto.fi\/sv\/#organization"},"potentialAction":[{"@type":"SearchAction","target":{"@type":"EntryPoint","urlTemplate":"https:\/\/www.pelastusopisto.fi\/sv\/?s={search_term_string}"},"query-input":{"@type":"PropertyValueSpecification","valueRequired":true,"valueName":"search_term_string"}}],"inLanguage":"sv-SE"},{"@type":"Organization","@id":"https:\/\/www.pelastusopisto.fi\/sv\/#organization","name":"Pelastusopisto","url":"https:\/\/www.pelastusopisto.fi\/sv\/","logo":{"@type":"ImageObject","inLanguage":"sv-SE","@id":"https:\/\/www.pelastusopisto.fi\/sv\/#\/schema\/logo\/image\/","url":"https:\/\/www.pelastusopisto.fi\/wp-content\/uploads\/pelastusopisto-logo-net.png","contentUrl":"https:\/\/www.pelastusopisto.fi\/wp-content\/uploads\/pelastusopisto-logo-net.png","width":387,"height":71,"caption":"Pelastusopisto"},"image":{"@id":"https:\/\/www.pelastusopisto.fi\/sv\/#\/schema\/logo\/image\/"},"sameAs":["https:\/\/www.facebook.com\/Pelastusopisto\/","https:\/\/x.com\/Pelastusopisto","https:\/\/www.instagram.com\/pelastusopisto\/","https:\/\/fi.linkedin.com\/school\/pelastusopisto\/","https:\/\/www.youtube.com\/channel\/UCQjXYneFsnDYnJtZBfr9Ajg"]},{"@type":"Person","@id":"https:\/\/www.pelastusopisto.fi\/sv\/#\/schema\/person\/fcd88238f9bbf218a01bd88b71ad9e07","name":"Marjo Pitk\u00e4nen","url":"https:\/\/www.pelastusopisto.fi\/sv\/author\/marjo-pitk\/"}]}},"featured_image_src":"https:\/\/www.pelastusopisto.fi\/wp-content\/uploads\/rekrypaiva-peo-23-9-2025-10-1200px-600x400.jpg","featured_image_src_square":"https:\/\/www.pelastusopisto.fi\/wp-content\/uploads\/rekrypaiva-peo-23-9-2025-10-1200px-600x600.jpg","author_info":{"display_name":"Marjo Pitk\u00e4nen","author_link":"https:\/\/www.pelastusopisto.fi\/sv\/author\/marjo-pitk\/"},"_links":{"self":[{"href":"https:\/\/www.pelastusopisto.fi\/sv\/wp-json\/wp\/v2\/posts\/80797","targetHints":{"allow":["GET"]}}],"collection":[{"href":"https:\/\/www.pelastusopisto.fi\/sv\/wp-json\/wp\/v2\/posts"}],"about":[{"href":"https:\/\/www.pelastusopisto.fi\/sv\/wp-json\/wp\/v2\/types\/post"}],"author":[{"embeddable":true,"href":"https:\/\/www.pelastusopisto.fi\/sv\/wp-json\/wp\/v2\/users\/107"}],"replies":[{"embeddable":true,"href":"https:\/\/www.pelastusopisto.fi\/sv\/wp-json\/wp\/v2\/comments?post=80797"}],"version-history":[{"count":5,"href":"https:\/\/www.pelastusopisto.fi\/sv\/wp-json\/wp\/v2\/posts\/80797\/revisions"}],"predecessor-version":[{"id":80819,"href":"https:\/\/www.pelastusopisto.fi\/sv\/wp-json\/wp\/v2\/posts\/80797\/revisions\/80819"}],"wp:featuredmedia":[{"embeddable":true,"href":"https:\/\/www.pelastusopisto.fi\/sv\/wp-json\/wp\/v2\/media\/80814"}],"wp:attachment":[{"href":"https:\/\/www.pelastusopisto.fi\/sv\/wp-json\/wp\/v2\/media?parent=80797"}],"wp:term":[{"taxonomy":"category","embeddable":true,"href":"https:\/\/www.pelastusopisto.fi\/sv\/wp-json\/wp\/v2\/categories?post=80797"},{"taxonomy":"post_tag","embeddable":true,"href":"https:\/\/www.pelastusopisto.fi\/sv\/wp-json\/wp\/v2\/tags?post=80797"}],"curies":[{"name":"wp","href":"https:\/\/api.w.org\/{rel}","templated":true}]}}