{"id":80621,"date":"2025-08-29T13:03:12","date_gmt":"2025-08-29T10:03:12","guid":{"rendered":"https:\/\/www.pelastusopisto.fi\/?p=80621"},"modified":"2025-08-29T13:58:00","modified_gmt":"2025-08-29T10:58:00","slug":"pelastusopisto-ja-varsinais-suomen-hyvinvointialueen-pelastuslaitos-tiivistavat-yhteistyota","status":"publish","type":"post","link":"https:\/\/www.pelastusopisto.fi\/sv\/uutisia\/pelastusopisto-ja-varsinais-suomen-hyvinvointialueen-pelastuslaitos-tiivistavat-yhteistyota\/","title":{"rendered":"Pelastusopisto ja Varsinais-Suomen hyvinvointialueen pelastuslaitos tiivist\u00e4v\u00e4t yhteisty\u00f6t\u00e4"},"content":{"rendered":"\n<p>Pelastusopisto ja Varsinais-Suomen hyvinvointialueen pelastuslaitos ovat solmineet yhteisty\u00f6sopimuksen, jonka tavoitteena on vahvistaa Varsinais-Suomen hyvinvointialueen pelastuslaitoksen henkil\u00f6st\u00f6n osaamista sek\u00e4 tukea Pelastusopiston pelastustoiminnan koulutuksen henkil\u00f6st\u00f6resurssia sitoutuneella ja perehtyneell\u00e4 henkil\u00f6st\u00f6ll\u00e4. Sopimus mahdollistaa Varsinais-Suomen hyvinvointialueen pelastuslaitoksen ty\u00f6ntekij\u00f6iden ty\u00f6skentelyn ennalta sovitusti Pelastusopistolla tukien n\u00e4in osaamisen kehittymist\u00e4, uusien tietojen ja taitojen jalkautumista sek\u00e4 henkil\u00f6st\u00f6resursseja.<\/p>\n\n\n\n<p>Yhteisty\u00f6sopimuksen taustalla on molempien osapuolien halu lis\u00e4t\u00e4 yhteisty\u00f6t\u00e4 ja verkostoitua, mahdollisuus osaamisen kehitt\u00e4miselle molempia osapuolia tukevalla tavalla sek\u00e4 henkil\u00f6st\u00f6resurssien turvaaminen.<\/p>\n\n\n\n<p>Yhteisty\u00f6n avulla:<\/p>\n\n\n\n<ul class=\"wp-block-list\">\n<li>Vahvistetaan Varsinais-Suomen hyvinvointialueen pelastuslaitoksen henkil\u00f6st\u00f6n ammatillista osaamista.<\/li>\n\n\n\n<li>Jalkautetaan uusia tietoja ja taitoja pelastuslaitokselle sek\u00e4 tuodaan pelastuslaitoksen arjesta opetukseen tietoa.<\/li>\n\n\n\n<li>Luodaan ty\u00f6uramalleja ja verkostoitumismahdollisuuksia.<\/li>\n\n\n\n<li>Parannetaan molempien organisaatioiden ty\u00f6nantajakuvaa sek\u00e4 n\u00e4kyvyytt\u00e4 opiskelijoille.<\/li>\n\n\n\n<li>Turvataan laadukas ja ty\u00f6el\u00e4m\u00e4l\u00e4ht\u00f6inen pelastajakoulutus.<\/li>\n<\/ul>\n\n\n\n<h2 class=\"wp-block-heading\"><strong>Yhteisty\u00f6sopimuksen periaatteet<\/strong><\/h2>\n\n\n\n<p>Varsinais-Suomen hyvinvointialue mahdollistaa useille pelastusryhm\u00e4njohtajille Pelastusopiston opetussuunnitelman mukaisen kouluttajakoulutuksen ja valmiuden tulla ty\u00f6teht\u00e4viin Pelastusopistolle ennalta sovituille viikoille. Ty\u00f6ntekij\u00f6iden ty\u00f6nantajana s\u00e4ilyy Varsinais-Suomen hyvinvointialue. Pelastusopistolla pelastusryhm\u00e4njohtajille osoitetaan ty\u00f6teht\u00e4vi\u00e4 pelastustoiminnan koulutuksen vastuualueella.<\/p>\n\n\n\n<h2 class=\"wp-block-heading\"><strong>Yhteisty\u00f6sopimuksen edut<\/strong><\/h2>\n\n\n\n<p>Yhteisty\u00f6sopimuksella vahvistetaan Pelastusopiston ja Varsinais-Suomen hyvinvointialueen pelastuslaitoksen yhteisty\u00f6t\u00e4 sek\u00e4 verkostoitumismahdollisuuksia. Varsinais-Suomen hyvinvointialueen henkil\u00f6st\u00f6n ammatillinen osaaminen sek\u00e4 alan uusimmat tiedot ja taidot vahvistuvat sek\u00e4 jalkautuvat my\u00f6s hyvinvointialueen rajapintaan. Yhteisty\u00f6sopimus on keino tukea osaamisen kehitt\u00e4mist\u00e4 ja kehittymist\u00e4 sek\u00e4 ty\u00f6nantajan seuraajasuunnittelua. Yhteisty\u00f6sopimuksella on my\u00f6s monia positiivisia ty\u00f6nantajan roolia vahvistavia tekij\u00f6it\u00e4, erityisesti vahva tiedotus ja suhdetoiminta niin opiskelijoille kuin alan ty\u00f6ntekij\u00f6ille.<\/p>\n\n\n\n<p>Yhteisty\u00f6sopimuksen ideoinnista ovat vastanneet Varsinais-Suomen hyvinvointialueen tulosryhm\u00e4johtaja <strong>Olli H\u00f6gmander<\/strong> ja pelastusryhm\u00e4njohtaja <strong>Vesa Kujanp\u00e4\u00e4<\/strong> sek\u00e4 Pelastusopiston koulutusp\u00e4\u00e4llikk\u00f6 <strong>Pekka Lindholm<\/strong> ja hallintojohtaja <strong>Kaarina Halonen<\/strong>.<\/p>\n\n\n\n<p>\u2013 N\u00e4emme yhteisty\u00f6sopimuksessa paljon mahdollisuuksia, esimerkiksi kehitt\u00e4\u00e4 ty\u00f6uramalleja ja luoda my\u00f6s muita yhteisty\u00f6malleja pelastusalalle, Vesa Kujanp\u00e4\u00e4 ja Kaarina Halonen kertovat.<\/p>\n\n\n\n<p><strong>Lis\u00e4tiedot:<\/strong><\/p>\n\n\n\n<p><strong>Olli H\u00f6gmander<\/strong><br>Tulosryhm\u00e4johtaja<br>p. 040 539 1879<br>etunimi.sukunimi@varha.fi<\/p>\n\n\n\n<p><strong>Vesa Kujanp\u00e4\u00e4<\/strong><br>Pelastusryhm\u00e4njohtaja<br>etunimi.sukunimi@varha.fi<\/p>\n\n\n\n<p><strong>Pekka Lindholm<\/strong><br>Koulutusp\u00e4\u00e4llikk\u00f6<br>p. 029&nbsp;545 3419<br>etunimi.sukunimi@pelastusopisto.fi<\/p>\n\n\n\n<p><strong>Kaarina Halonen<\/strong><br>Hallintojohtaja<br>p. 029&nbsp;545 3437<br>etunimi.sukunimi@pelastusopisto.fi<\/p>\n\n\n\n<p><\/p>\n\n\n\n<figure class=\"wp-block-image size-full is-resized\"><img loading=\"lazy\" decoding=\"async\" width=\"2915\" height=\"531\" src=\"https:\/\/www.pelastusopisto.fi\/wp-content\/uploads\/Pelastusopisto_Logo_rgb.png\" alt=\"Pelastusopiston logo.\" class=\"wp-image-54118\" style=\"width:208px;height:auto\" srcset=\"https:\/\/www.pelastusopisto.fi\/wp-content\/uploads\/Pelastusopisto_Logo_rgb.png 2915w, https:\/\/www.pelastusopisto.fi\/wp-content\/uploads\/Pelastusopisto_Logo_rgb-300x55.png 300w, https:\/\/www.pelastusopisto.fi\/wp-content\/uploads\/Pelastusopisto_Logo_rgb-1024x187.png 1024w, https:\/\/www.pelastusopisto.fi\/wp-content\/uploads\/Pelastusopisto_Logo_rgb-768x140.png 768w, https:\/\/www.pelastusopisto.fi\/wp-content\/uploads\/Pelastusopisto_Logo_rgb-1536x280.png 1536w, https:\/\/www.pelastusopisto.fi\/wp-content\/uploads\/Pelastusopisto_Logo_rgb-2048x373.png 2048w\" sizes=\"auto, (max-width: 2915px) 100vw, 2915px\" \/><\/figure>\n\n\n\n<figure class=\"wp-block-image size-full is-resized\"><img loading=\"lazy\" decoding=\"async\" width=\"584\" height=\"254\" src=\"https:\/\/www.pelastusopisto.fi\/wp-content\/uploads\/varha-pl-hyvinvointialue-logo.png\" alt=\"Varsinais-Suomen pelastuslaitoksen ja Varsinais-Suomen hyvinvointialueen logot.\" class=\"wp-image-80625\" style=\"width:219px;height:auto\" srcset=\"https:\/\/www.pelastusopisto.fi\/wp-content\/uploads\/varha-pl-hyvinvointialue-logo.png 584w, https:\/\/www.pelastusopisto.fi\/wp-content\/uploads\/varha-pl-hyvinvointialue-logo-300x130.png 300w\" sizes=\"auto, (max-width: 584px) 100vw, 584px\" \/><\/figure>\n","protected":false},"excerpt":{"rendered":"<p>Pelastusopisto ja Varsinais-Suomen hyvinvointialueen pelastuslaitos ovat solmineet yhteisty\u00f6sopimuksen, jonka tavoitteena [&hellip;]<\/p>\n","protected":false},"author":107,"featured_media":80618,"comment_status":"closed","ping_status":"closed","sticky":false,"template":"","format":"standard","meta":{"_acf_changed":false,"_genesis_hide_title":false,"_genesis_hide_breadcrumbs":false,"_genesis_hide_singular_image":false,"_genesis_hide_footer_widgets":false,"_genesis_custom_body_class":"","_genesis_custom_post_class":"","_genesis_layout":"","footnotes":""},"categories":[91],"tags":[],"class_list":{"0":"post-80621","1":"post","2":"type-post","3":"status-publish","4":"format-standard","5":"has-post-thumbnail","7":"category-uutisia","8":"entry"},"acf":[],"gutentor_comment":0,"yoast_head":"<!-- This site is optimized with the Yoast SEO plugin v27.4 - https:\/\/yoast.com\/product\/yoast-seo-wordpress\/ -->\n<title>Pelastusopisto ja Varsinais-Suomen hyvinvointialueen pelastuslaitos tiivist\u00e4v\u00e4t yhteisty\u00f6t\u00e4 - Pelastusopisto<\/title>\n<meta name=\"robots\" content=\"index, follow, max-snippet:-1, max-image-preview:large, max-video-preview:-1\" \/>\n<link rel=\"canonical\" href=\"https:\/\/www.pelastusopisto.fi\/sv\/uutisia\/pelastusopisto-ja-varsinais-suomen-hyvinvointialueen-pelastuslaitos-tiivistavat-yhteistyota\/\" \/>\n<meta property=\"og:locale\" content=\"sv_SE\" \/>\n<meta property=\"og:type\" content=\"article\" \/>\n<meta property=\"og:title\" content=\"Pelastusopisto ja Varsinais-Suomen hyvinvointialueen pelastuslaitos tiivist\u00e4v\u00e4t yhteisty\u00f6t\u00e4 - Pelastusopisto\" \/>\n<meta property=\"og:description\" content=\"Pelastusopisto ja Varsinais-Suomen hyvinvointialueen pelastuslaitos ovat solmineet yhteisty\u00f6sopimuksen, jonka tavoitteena [&hellip;]\" \/>\n<meta property=\"og:url\" content=\"https:\/\/www.pelastusopisto.fi\/sv\/uutisia\/pelastusopisto-ja-varsinais-suomen-hyvinvointialueen-pelastuslaitos-tiivistavat-yhteistyota\/\" \/>\n<meta property=\"og:site_name\" content=\"Pelastusopisto\" \/>\n<meta property=\"article:publisher\" content=\"https:\/\/www.facebook.com\/Pelastusopisto\/\" \/>\n<meta property=\"article:published_time\" content=\"2025-08-29T10:03:12+00:00\" \/>\n<meta property=\"article:modified_time\" content=\"2025-08-29T10:58:00+00:00\" \/>\n<meta property=\"og:image\" content=\"https:\/\/www.pelastusopisto.fi\/wp-content\/uploads\/Pelastusopisto240524-K430-net.jpg\" \/>\n\t<meta property=\"og:image:width\" content=\"1200\" \/>\n\t<meta property=\"og:image:height\" content=\"800\" \/>\n\t<meta property=\"og:image:type\" content=\"image\/jpeg\" \/>\n<meta name=\"author\" content=\"Marjo Pitk\u00e4nen\" \/>\n<meta name=\"twitter:card\" content=\"summary_large_image\" \/>\n<meta name=\"twitter:creator\" content=\"@Pelastusopisto\" \/>\n<meta name=\"twitter:site\" content=\"@Pelastusopisto\" \/>\n<meta name=\"twitter:label1\" content=\"Skriven av\" \/>\n\t<meta name=\"twitter:data1\" content=\"Marjo Pitk\u00e4nen\" \/>\n\t<meta name=\"twitter:label2\" content=\"Ber\u00e4knad l\u00e4stid\" \/>\n\t<meta name=\"twitter:data2\" content=\"3 minuter\" \/>\n<script type=\"application\/ld+json\" class=\"yoast-schema-graph\">{\"@context\":\"https:\\\/\\\/schema.org\",\"@graph\":[{\"@type\":\"Article\",\"@id\":\"https:\\\/\\\/www.pelastusopisto.fi\\\/sv\\\/uutisia\\\/pelastusopisto-ja-varsinais-suomen-hyvinvointialueen-pelastuslaitos-tiivistavat-yhteistyota\\\/#article\",\"isPartOf\":{\"@id\":\"https:\\\/\\\/www.pelastusopisto.fi\\\/sv\\\/uutisia\\\/pelastusopisto-ja-varsinais-suomen-hyvinvointialueen-pelastuslaitos-tiivistavat-yhteistyota\\\/\"},\"author\":{\"name\":\"Marjo Pitk\u00e4nen\",\"@id\":\"https:\\\/\\\/www.pelastusopisto.fi\\\/sv\\\/#\\\/schema\\\/person\\\/fcd88238f9bbf218a01bd88b71ad9e07\"},\"headline\":\"Pelastusopisto ja Varsinais-Suomen hyvinvointialueen pelastuslaitos tiivist\u00e4v\u00e4t yhteisty\u00f6t\u00e4\",\"datePublished\":\"2025-08-29T10:03:12+00:00\",\"dateModified\":\"2025-08-29T10:58:00+00:00\",\"mainEntityOfPage\":{\"@id\":\"https:\\\/\\\/www.pelastusopisto.fi\\\/sv\\\/uutisia\\\/pelastusopisto-ja-varsinais-suomen-hyvinvointialueen-pelastuslaitos-tiivistavat-yhteistyota\\\/\"},\"wordCount\":348,\"publisher\":{\"@id\":\"https:\\\/\\\/www.pelastusopisto.fi\\\/sv\\\/#organization\"},\"image\":{\"@id\":\"https:\\\/\\\/www.pelastusopisto.fi\\\/sv\\\/uutisia\\\/pelastusopisto-ja-varsinais-suomen-hyvinvointialueen-pelastuslaitos-tiivistavat-yhteistyota\\\/#primaryimage\"},\"thumbnailUrl\":\"https:\\\/\\\/www.pelastusopisto.fi\\\/wp-content\\\/uploads\\\/Pelastusopisto240524-K430-net.jpg\",\"articleSection\":[\"Uutisia\"],\"inLanguage\":\"sv-SE\"},{\"@type\":\"WebPage\",\"@id\":\"https:\\\/\\\/www.pelastusopisto.fi\\\/sv\\\/uutisia\\\/pelastusopisto-ja-varsinais-suomen-hyvinvointialueen-pelastuslaitos-tiivistavat-yhteistyota\\\/\",\"url\":\"https:\\\/\\\/www.pelastusopisto.fi\\\/sv\\\/uutisia\\\/pelastusopisto-ja-varsinais-suomen-hyvinvointialueen-pelastuslaitos-tiivistavat-yhteistyota\\\/\",\"name\":\"Pelastusopisto ja Varsinais-Suomen hyvinvointialueen pelastuslaitos tiivist\u00e4v\u00e4t yhteisty\u00f6t\u00e4 - Pelastusopisto\",\"isPartOf\":{\"@id\":\"https:\\\/\\\/www.pelastusopisto.fi\\\/sv\\\/#website\"},\"primaryImageOfPage\":{\"@id\":\"https:\\\/\\\/www.pelastusopisto.fi\\\/sv\\\/uutisia\\\/pelastusopisto-ja-varsinais-suomen-hyvinvointialueen-pelastuslaitos-tiivistavat-yhteistyota\\\/#primaryimage\"},\"image\":{\"@id\":\"https:\\\/\\\/www.pelastusopisto.fi\\\/sv\\\/uutisia\\\/pelastusopisto-ja-varsinais-suomen-hyvinvointialueen-pelastuslaitos-tiivistavat-yhteistyota\\\/#primaryimage\"},\"thumbnailUrl\":\"https:\\\/\\\/www.pelastusopisto.fi\\\/wp-content\\\/uploads\\\/Pelastusopisto240524-K430-net.jpg\",\"datePublished\":\"2025-08-29T10:03:12+00:00\",\"dateModified\":\"2025-08-29T10:58:00+00:00\",\"breadcrumb\":{\"@id\":\"https:\\\/\\\/www.pelastusopisto.fi\\\/sv\\\/uutisia\\\/pelastusopisto-ja-varsinais-suomen-hyvinvointialueen-pelastuslaitos-tiivistavat-yhteistyota\\\/#breadcrumb\"},\"inLanguage\":\"sv-SE\",\"potentialAction\":[{\"@type\":\"ReadAction\",\"target\":[\"https:\\\/\\\/www.pelastusopisto.fi\\\/sv\\\/uutisia\\\/pelastusopisto-ja-varsinais-suomen-hyvinvointialueen-pelastuslaitos-tiivistavat-yhteistyota\\\/\"]}]},{\"@type\":\"ImageObject\",\"inLanguage\":\"sv-SE\",\"@id\":\"https:\\\/\\\/www.pelastusopisto.fi\\\/sv\\\/uutisia\\\/pelastusopisto-ja-varsinais-suomen-hyvinvointialueen-pelastuslaitos-tiivistavat-yhteistyota\\\/#primaryimage\",\"url\":\"https:\\\/\\\/www.pelastusopisto.fi\\\/wp-content\\\/uploads\\\/Pelastusopisto240524-K430-net.jpg\",\"contentUrl\":\"https:\\\/\\\/www.pelastusopisto.fi\\\/wp-content\\\/uploads\\\/Pelastusopisto240524-K430-net.jpg\",\"width\":1200,\"height\":800,\"caption\":\"Kaksi opettajaa seuraamassa liikenneonnettomuusharjoitusta.\"},{\"@type\":\"BreadcrumbList\",\"@id\":\"https:\\\/\\\/www.pelastusopisto.fi\\\/sv\\\/uutisia\\\/pelastusopisto-ja-varsinais-suomen-hyvinvointialueen-pelastuslaitos-tiivistavat-yhteistyota\\\/#breadcrumb\",\"itemListElement\":[{\"@type\":\"ListItem\",\"position\":1,\"name\":\"Home\",\"item\":\"https:\\\/\\\/www.pelastusopisto.fi\\\/sv\\\/\"},{\"@type\":\"ListItem\",\"position\":2,\"name\":\"Pelastusopisto ja Varsinais-Suomen hyvinvointialueen pelastuslaitos tiivist\u00e4v\u00e4t yhteisty\u00f6t\u00e4\"}]},{\"@type\":\"WebSite\",\"@id\":\"https:\\\/\\\/www.pelastusopisto.fi\\\/sv\\\/#website\",\"url\":\"https:\\\/\\\/www.pelastusopisto.fi\\\/sv\\\/\",\"name\":\"Pelastusopisto\",\"description\":\"\",\"publisher\":{\"@id\":\"https:\\\/\\\/www.pelastusopisto.fi\\\/sv\\\/#organization\"},\"potentialAction\":[{\"@type\":\"SearchAction\",\"target\":{\"@type\":\"EntryPoint\",\"urlTemplate\":\"https:\\\/\\\/www.pelastusopisto.fi\\\/sv\\\/?s={search_term_string}\"},\"query-input\":{\"@type\":\"PropertyValueSpecification\",\"valueRequired\":true,\"valueName\":\"search_term_string\"}}],\"inLanguage\":\"sv-SE\"},{\"@type\":\"Organization\",\"@id\":\"https:\\\/\\\/www.pelastusopisto.fi\\\/sv\\\/#organization\",\"name\":\"Pelastusopisto\",\"url\":\"https:\\\/\\\/www.pelastusopisto.fi\\\/sv\\\/\",\"logo\":{\"@type\":\"ImageObject\",\"inLanguage\":\"sv-SE\",\"@id\":\"https:\\\/\\\/www.pelastusopisto.fi\\\/sv\\\/#\\\/schema\\\/logo\\\/image\\\/\",\"url\":\"https:\\\/\\\/www.pelastusopisto.fi\\\/wp-content\\\/uploads\\\/pelastusopisto-logo-net.png\",\"contentUrl\":\"https:\\\/\\\/www.pelastusopisto.fi\\\/wp-content\\\/uploads\\\/pelastusopisto-logo-net.png\",\"width\":387,\"height\":71,\"caption\":\"Pelastusopisto\"},\"image\":{\"@id\":\"https:\\\/\\\/www.pelastusopisto.fi\\\/sv\\\/#\\\/schema\\\/logo\\\/image\\\/\"},\"sameAs\":[\"https:\\\/\\\/www.facebook.com\\\/Pelastusopisto\\\/\",\"https:\\\/\\\/x.com\\\/Pelastusopisto\",\"https:\\\/\\\/www.instagram.com\\\/pelastusopisto\\\/\",\"https:\\\/\\\/fi.linkedin.com\\\/school\\\/pelastusopisto\\\/\",\"https:\\\/\\\/www.youtube.com\\\/channel\\\/UCQjXYneFsnDYnJtZBfr9Ajg\"]},{\"@type\":\"Person\",\"@id\":\"https:\\\/\\\/www.pelastusopisto.fi\\\/sv\\\/#\\\/schema\\\/person\\\/fcd88238f9bbf218a01bd88b71ad9e07\",\"name\":\"Marjo Pitk\u00e4nen\",\"url\":\"https:\\\/\\\/www.pelastusopisto.fi\\\/sv\\\/author\\\/marjo-pitk\\\/\"}]}<\/script>\n<!-- \/ Yoast SEO plugin. -->","yoast_head_json":{"title":"Pelastusopisto ja Varsinais-Suomen hyvinvointialueen pelastuslaitos tiivist\u00e4v\u00e4t yhteisty\u00f6t\u00e4 - Pelastusopisto","robots":{"index":"index","follow":"follow","max-snippet":"max-snippet:-1","max-image-preview":"max-image-preview:large","max-video-preview":"max-video-preview:-1"},"canonical":"https:\/\/www.pelastusopisto.fi\/sv\/uutisia\/pelastusopisto-ja-varsinais-suomen-hyvinvointialueen-pelastuslaitos-tiivistavat-yhteistyota\/","og_locale":"sv_SE","og_type":"article","og_title":"Pelastusopisto ja Varsinais-Suomen hyvinvointialueen pelastuslaitos tiivist\u00e4v\u00e4t yhteisty\u00f6t\u00e4 - Pelastusopisto","og_description":"Pelastusopisto ja Varsinais-Suomen hyvinvointialueen pelastuslaitos ovat solmineet yhteisty\u00f6sopimuksen, jonka tavoitteena [&hellip;]","og_url":"https:\/\/www.pelastusopisto.fi\/sv\/uutisia\/pelastusopisto-ja-varsinais-suomen-hyvinvointialueen-pelastuslaitos-tiivistavat-yhteistyota\/","og_site_name":"Pelastusopisto","article_publisher":"https:\/\/www.facebook.com\/Pelastusopisto\/","article_published_time":"2025-08-29T10:03:12+00:00","article_modified_time":"2025-08-29T10:58:00+00:00","og_image":[{"width":1200,"height":800,"url":"https:\/\/www.pelastusopisto.fi\/wp-content\/uploads\/Pelastusopisto240524-K430-net.jpg","type":"image\/jpeg"}],"author":"Marjo Pitk\u00e4nen","twitter_card":"summary_large_image","twitter_creator":"@Pelastusopisto","twitter_site":"@Pelastusopisto","twitter_misc":{"Skriven av":"Marjo Pitk\u00e4nen","Ber\u00e4knad l\u00e4stid":"3 minuter"},"schema":{"@context":"https:\/\/schema.org","@graph":[{"@type":"Article","@id":"https:\/\/www.pelastusopisto.fi\/sv\/uutisia\/pelastusopisto-ja-varsinais-suomen-hyvinvointialueen-pelastuslaitos-tiivistavat-yhteistyota\/#article","isPartOf":{"@id":"https:\/\/www.pelastusopisto.fi\/sv\/uutisia\/pelastusopisto-ja-varsinais-suomen-hyvinvointialueen-pelastuslaitos-tiivistavat-yhteistyota\/"},"author":{"name":"Marjo Pitk\u00e4nen","@id":"https:\/\/www.pelastusopisto.fi\/sv\/#\/schema\/person\/fcd88238f9bbf218a01bd88b71ad9e07"},"headline":"Pelastusopisto ja Varsinais-Suomen hyvinvointialueen pelastuslaitos tiivist\u00e4v\u00e4t yhteisty\u00f6t\u00e4","datePublished":"2025-08-29T10:03:12+00:00","dateModified":"2025-08-29T10:58:00+00:00","mainEntityOfPage":{"@id":"https:\/\/www.pelastusopisto.fi\/sv\/uutisia\/pelastusopisto-ja-varsinais-suomen-hyvinvointialueen-pelastuslaitos-tiivistavat-yhteistyota\/"},"wordCount":348,"publisher":{"@id":"https:\/\/www.pelastusopisto.fi\/sv\/#organization"},"image":{"@id":"https:\/\/www.pelastusopisto.fi\/sv\/uutisia\/pelastusopisto-ja-varsinais-suomen-hyvinvointialueen-pelastuslaitos-tiivistavat-yhteistyota\/#primaryimage"},"thumbnailUrl":"https:\/\/www.pelastusopisto.fi\/wp-content\/uploads\/Pelastusopisto240524-K430-net.jpg","articleSection":["Uutisia"],"inLanguage":"sv-SE"},{"@type":"WebPage","@id":"https:\/\/www.pelastusopisto.fi\/sv\/uutisia\/pelastusopisto-ja-varsinais-suomen-hyvinvointialueen-pelastuslaitos-tiivistavat-yhteistyota\/","url":"https:\/\/www.pelastusopisto.fi\/sv\/uutisia\/pelastusopisto-ja-varsinais-suomen-hyvinvointialueen-pelastuslaitos-tiivistavat-yhteistyota\/","name":"Pelastusopisto ja Varsinais-Suomen hyvinvointialueen pelastuslaitos tiivist\u00e4v\u00e4t yhteisty\u00f6t\u00e4 - Pelastusopisto","isPartOf":{"@id":"https:\/\/www.pelastusopisto.fi\/sv\/#website"},"primaryImageOfPage":{"@id":"https:\/\/www.pelastusopisto.fi\/sv\/uutisia\/pelastusopisto-ja-varsinais-suomen-hyvinvointialueen-pelastuslaitos-tiivistavat-yhteistyota\/#primaryimage"},"image":{"@id":"https:\/\/www.pelastusopisto.fi\/sv\/uutisia\/pelastusopisto-ja-varsinais-suomen-hyvinvointialueen-pelastuslaitos-tiivistavat-yhteistyota\/#primaryimage"},"thumbnailUrl":"https:\/\/www.pelastusopisto.fi\/wp-content\/uploads\/Pelastusopisto240524-K430-net.jpg","datePublished":"2025-08-29T10:03:12+00:00","dateModified":"2025-08-29T10:58:00+00:00","breadcrumb":{"@id":"https:\/\/www.pelastusopisto.fi\/sv\/uutisia\/pelastusopisto-ja-varsinais-suomen-hyvinvointialueen-pelastuslaitos-tiivistavat-yhteistyota\/#breadcrumb"},"inLanguage":"sv-SE","potentialAction":[{"@type":"ReadAction","target":["https:\/\/www.pelastusopisto.fi\/sv\/uutisia\/pelastusopisto-ja-varsinais-suomen-hyvinvointialueen-pelastuslaitos-tiivistavat-yhteistyota\/"]}]},{"@type":"ImageObject","inLanguage":"sv-SE","@id":"https:\/\/www.pelastusopisto.fi\/sv\/uutisia\/pelastusopisto-ja-varsinais-suomen-hyvinvointialueen-pelastuslaitos-tiivistavat-yhteistyota\/#primaryimage","url":"https:\/\/www.pelastusopisto.fi\/wp-content\/uploads\/Pelastusopisto240524-K430-net.jpg","contentUrl":"https:\/\/www.pelastusopisto.fi\/wp-content\/uploads\/Pelastusopisto240524-K430-net.jpg","width":1200,"height":800,"caption":"Kaksi opettajaa seuraamassa liikenneonnettomuusharjoitusta."},{"@type":"BreadcrumbList","@id":"https:\/\/www.pelastusopisto.fi\/sv\/uutisia\/pelastusopisto-ja-varsinais-suomen-hyvinvointialueen-pelastuslaitos-tiivistavat-yhteistyota\/#breadcrumb","itemListElement":[{"@type":"ListItem","position":1,"name":"Home","item":"https:\/\/www.pelastusopisto.fi\/sv\/"},{"@type":"ListItem","position":2,"name":"Pelastusopisto ja Varsinais-Suomen hyvinvointialueen pelastuslaitos tiivist\u00e4v\u00e4t yhteisty\u00f6t\u00e4"}]},{"@type":"WebSite","@id":"https:\/\/www.pelastusopisto.fi\/sv\/#website","url":"https:\/\/www.pelastusopisto.fi\/sv\/","name":"Pelastusopisto","description":"","publisher":{"@id":"https:\/\/www.pelastusopisto.fi\/sv\/#organization"},"potentialAction":[{"@type":"SearchAction","target":{"@type":"EntryPoint","urlTemplate":"https:\/\/www.pelastusopisto.fi\/sv\/?s={search_term_string}"},"query-input":{"@type":"PropertyValueSpecification","valueRequired":true,"valueName":"search_term_string"}}],"inLanguage":"sv-SE"},{"@type":"Organization","@id":"https:\/\/www.pelastusopisto.fi\/sv\/#organization","name":"Pelastusopisto","url":"https:\/\/www.pelastusopisto.fi\/sv\/","logo":{"@type":"ImageObject","inLanguage":"sv-SE","@id":"https:\/\/www.pelastusopisto.fi\/sv\/#\/schema\/logo\/image\/","url":"https:\/\/www.pelastusopisto.fi\/wp-content\/uploads\/pelastusopisto-logo-net.png","contentUrl":"https:\/\/www.pelastusopisto.fi\/wp-content\/uploads\/pelastusopisto-logo-net.png","width":387,"height":71,"caption":"Pelastusopisto"},"image":{"@id":"https:\/\/www.pelastusopisto.fi\/sv\/#\/schema\/logo\/image\/"},"sameAs":["https:\/\/www.facebook.com\/Pelastusopisto\/","https:\/\/x.com\/Pelastusopisto","https:\/\/www.instagram.com\/pelastusopisto\/","https:\/\/fi.linkedin.com\/school\/pelastusopisto\/","https:\/\/www.youtube.com\/channel\/UCQjXYneFsnDYnJtZBfr9Ajg"]},{"@type":"Person","@id":"https:\/\/www.pelastusopisto.fi\/sv\/#\/schema\/person\/fcd88238f9bbf218a01bd88b71ad9e07","name":"Marjo Pitk\u00e4nen","url":"https:\/\/www.pelastusopisto.fi\/sv\/author\/marjo-pitk\/"}]}},"featured_image_src":"https:\/\/www.pelastusopisto.fi\/wp-content\/uploads\/Pelastusopisto240524-K430-net-600x400.jpg","featured_image_src_square":"https:\/\/www.pelastusopisto.fi\/wp-content\/uploads\/Pelastusopisto240524-K430-net-600x600.jpg","author_info":{"display_name":"Marjo Pitk\u00e4nen","author_link":"https:\/\/www.pelastusopisto.fi\/sv\/author\/marjo-pitk\/"},"_links":{"self":[{"href":"https:\/\/www.pelastusopisto.fi\/sv\/wp-json\/wp\/v2\/posts\/80621","targetHints":{"allow":["GET"]}}],"collection":[{"href":"https:\/\/www.pelastusopisto.fi\/sv\/wp-json\/wp\/v2\/posts"}],"about":[{"href":"https:\/\/www.pelastusopisto.fi\/sv\/wp-json\/wp\/v2\/types\/post"}],"author":[{"embeddable":true,"href":"https:\/\/www.pelastusopisto.fi\/sv\/wp-json\/wp\/v2\/users\/107"}],"replies":[{"embeddable":true,"href":"https:\/\/www.pelastusopisto.fi\/sv\/wp-json\/wp\/v2\/comments?post=80621"}],"version-history":[{"count":7,"href":"https:\/\/www.pelastusopisto.fi\/sv\/wp-json\/wp\/v2\/posts\/80621\/revisions"}],"predecessor-version":[{"id":80633,"href":"https:\/\/www.pelastusopisto.fi\/sv\/wp-json\/wp\/v2\/posts\/80621\/revisions\/80633"}],"wp:featuredmedia":[{"embeddable":true,"href":"https:\/\/www.pelastusopisto.fi\/sv\/wp-json\/wp\/v2\/media\/80618"}],"wp:attachment":[{"href":"https:\/\/www.pelastusopisto.fi\/sv\/wp-json\/wp\/v2\/media?parent=80621"}],"wp:term":[{"taxonomy":"category","embeddable":true,"href":"https:\/\/www.pelastusopisto.fi\/sv\/wp-json\/wp\/v2\/categories?post=80621"},{"taxonomy":"post_tag","embeddable":true,"href":"https:\/\/www.pelastusopisto.fi\/sv\/wp-json\/wp\/v2\/tags?post=80621"}],"curies":[{"name":"wp","href":"https:\/\/api.w.org\/{rel}","templated":true}]}}