{"id":68266,"date":"2024-01-08T14:04:16","date_gmt":"2024-01-08T12:04:16","guid":{"rendered":"https:\/\/www.pelastusopisto.fi\/?p=68266"},"modified":"2024-01-08T14:04:18","modified_gmt":"2024-01-08T12:04:18","slug":"kevatlukukauden-avajaiset-ma-8-1-2024","status":"publish","type":"post","link":"https:\/\/www.pelastusopisto.fi\/sv\/uutisia\/kevatlukukauden-avajaiset-ma-8-1-2024\/","title":{"rendered":"Kev\u00e4tlukukauden avajaiset ma 8.1.2024"},"content":{"rendered":"\n<p>Pelastusopistolla juhlittiin t\u00e4n\u00e4\u00e4n lukukauden avajaisia perinteisin menoin. Alkava lukukausi on j\u00e4rjestyksess\u00e4\u00e4n 64. Opiskelijat ja henkil\u00f6kunta kokoontuivat kuulemaan musiikkiesityksi\u00e4 ja puheenvuoroja.<\/p>\n\n\n\n<p>Maamme-laulun j\u00e4lkeen rehtori <strong>Mervi Parviainen<\/strong> kertoi puheessaan uuden vuoden tuovan aina mukanaan odotuksia ja toiveita. Uutta t\u00e4ss\u00e4 ajassa on, ett\u00e4 vauhti kiihtyy. Hallintojohtaja <strong>Jouni Pummila<\/strong> nosti puheenvuorossaan jatkuvan oppimisen ja rakentavan keskustelukulttuurin.<\/p>\n\n\n\n<figure class=\"wp-block-gallery has-nested-images columns-default is-cropped wp-block-gallery-1 is-layout-flex wp-block-gallery-is-layout-flex\">\n<figure class=\"wp-block-image size-large\"><img loading=\"lazy\" decoding=\"async\" width=\"1024\" height=\"683\" data-id=\"68317\" src=\"https:\/\/www.pelastusopisto.fi\/wp-content\/uploads\/avajaiset-8-1-2024-P1012548-net-1024x683.jpg\" alt=\"\" class=\"wp-image-68317\" srcset=\"https:\/\/www.pelastusopisto.fi\/wp-content\/uploads\/avajaiset-8-1-2024-P1012548-net-1024x683.jpg 1024w, https:\/\/www.pelastusopisto.fi\/wp-content\/uploads\/avajaiset-8-1-2024-P1012548-net-300x200.jpg 300w, https:\/\/www.pelastusopisto.fi\/wp-content\/uploads\/avajaiset-8-1-2024-P1012548-net-768x512.jpg 768w, https:\/\/www.pelastusopisto.fi\/wp-content\/uploads\/avajaiset-8-1-2024-P1012548-net-480x320.jpg 480w, https:\/\/www.pelastusopisto.fi\/wp-content\/uploads\/avajaiset-8-1-2024-P1012548-net-600x400.jpg 600w, https:\/\/www.pelastusopisto.fi\/wp-content\/uploads\/avajaiset-8-1-2024-P1012548-net.jpg 1200w\" sizes=\"auto, (max-width: 1024px) 100vw, 1024px\" \/><\/figure>\n\n\n\n<figure class=\"wp-block-image size-large\"><img loading=\"lazy\" decoding=\"async\" width=\"1024\" height=\"683\" data-id=\"68320\" src=\"https:\/\/www.pelastusopisto.fi\/wp-content\/uploads\/avajaiset-8-1-2024-P1012549-net-1024x683.jpg\" alt=\"\" class=\"wp-image-68320\" srcset=\"https:\/\/www.pelastusopisto.fi\/wp-content\/uploads\/avajaiset-8-1-2024-P1012549-net-1024x683.jpg 1024w, https:\/\/www.pelastusopisto.fi\/wp-content\/uploads\/avajaiset-8-1-2024-P1012549-net-300x200.jpg 300w, https:\/\/www.pelastusopisto.fi\/wp-content\/uploads\/avajaiset-8-1-2024-P1012549-net-768x512.jpg 768w, https:\/\/www.pelastusopisto.fi\/wp-content\/uploads\/avajaiset-8-1-2024-P1012549-net-480x320.jpg 480w, https:\/\/www.pelastusopisto.fi\/wp-content\/uploads\/avajaiset-8-1-2024-P1012549-net-600x400.jpg 600w, https:\/\/www.pelastusopisto.fi\/wp-content\/uploads\/avajaiset-8-1-2024-P1012549-net.jpg 1200w\" sizes=\"auto, (max-width: 1024px) 100vw, 1024px\" \/><\/figure>\n<\/figure>\n\n\n\n<p> <\/p>\n\n\n\n<p>Opintonsa aloittivat kaksikielinen h\u00e4t\u00e4keskusp\u00e4ivyst\u00e4j\u00e4kurssi 44, pelastajakurssit 127 ja 128 sek\u00e4 pelastusalan p\u00e4\u00e4llyst\u00f6tutkinnon kurssi AMKA14. Avajaisten edetess\u00e4 kurssinjohtajat jakoivat uusille opiskelijoille opiskelijatunnukset.<\/p>\n\n\n\n<figure class=\"wp-block-gallery has-nested-images columns-default is-cropped wp-block-gallery-2 is-layout-flex wp-block-gallery-is-layout-flex\">\n<figure class=\"wp-block-image size-large\"><img loading=\"lazy\" decoding=\"async\" width=\"1024\" height=\"683\" data-id=\"68323\" src=\"https:\/\/www.pelastusopisto.fi\/wp-content\/uploads\/avajaiset-8-1-2024-P1012572-net-1024x683.jpg\" alt=\"\" class=\"wp-image-68323\" srcset=\"https:\/\/www.pelastusopisto.fi\/wp-content\/uploads\/avajaiset-8-1-2024-P1012572-net-1024x683.jpg 1024w, https:\/\/www.pelastusopisto.fi\/wp-content\/uploads\/avajaiset-8-1-2024-P1012572-net-300x200.jpg 300w, https:\/\/www.pelastusopisto.fi\/wp-content\/uploads\/avajaiset-8-1-2024-P1012572-net-768x512.jpg 768w, https:\/\/www.pelastusopisto.fi\/wp-content\/uploads\/avajaiset-8-1-2024-P1012572-net-480x320.jpg 480w, https:\/\/www.pelastusopisto.fi\/wp-content\/uploads\/avajaiset-8-1-2024-P1012572-net-600x400.jpg 600w, https:\/\/www.pelastusopisto.fi\/wp-content\/uploads\/avajaiset-8-1-2024-P1012572-net.jpg 1200w\" sizes=\"auto, (max-width: 1024px) 100vw, 1024px\" \/><\/figure>\n\n\n\n<figure class=\"wp-block-image size-large\"><img loading=\"lazy\" decoding=\"async\" width=\"1024\" height=\"683\" data-id=\"68326\" src=\"https:\/\/www.pelastusopisto.fi\/wp-content\/uploads\/avajaiset-8-1-2024-P1012577-net-1024x683.jpg\" alt=\"\" class=\"wp-image-68326\" srcset=\"https:\/\/www.pelastusopisto.fi\/wp-content\/uploads\/avajaiset-8-1-2024-P1012577-net-1024x683.jpg 1024w, https:\/\/www.pelastusopisto.fi\/wp-content\/uploads\/avajaiset-8-1-2024-P1012577-net-300x200.jpg 300w, https:\/\/www.pelastusopisto.fi\/wp-content\/uploads\/avajaiset-8-1-2024-P1012577-net-768x512.jpg 768w, https:\/\/www.pelastusopisto.fi\/wp-content\/uploads\/avajaiset-8-1-2024-P1012577-net-480x320.jpg 480w, https:\/\/www.pelastusopisto.fi\/wp-content\/uploads\/avajaiset-8-1-2024-P1012577-net-600x400.jpg 600w, https:\/\/www.pelastusopisto.fi\/wp-content\/uploads\/avajaiset-8-1-2024-P1012577-net.jpg 1200w\" sizes=\"auto, (max-width: 1024px) 100vw, 1024px\" \/><\/figure>\n<\/figure>\n\n\n\n<p> <\/p>\n\n\n\n<p>Tervetuloa uudet opiskelijat ja hyv\u00e4\u00e4 alkanutta lukukautta kaikille!<\/p>\n\n\n\n<p><strong>Lis\u00e4tietoja:<br>Mervi Parviainen<\/strong><br>Rehtori<br>029 545 3470, mervi.parviainen@pelastusopisto.fi<\/p>\n","protected":false},"excerpt":{"rendered":"<p>Pelastusopistolla juhlittiin t\u00e4n\u00e4\u00e4n lukukauden avajaisia perinteisin menoin. Alkava lukukausi on [&hellip;]<\/p>\n","protected":false},"author":107,"featured_media":68314,"comment_status":"closed","ping_status":"closed","sticky":false,"template":"","format":"standard","meta":{"_acf_changed":false,"_genesis_hide_title":false,"_genesis_hide_breadcrumbs":false,"_genesis_hide_singular_image":false,"_genesis_hide_footer_widgets":false,"_genesis_custom_body_class":"","_genesis_custom_post_class":"","_genesis_layout":"","footnotes":""},"categories":[91],"tags":[],"class_list":{"0":"post-68266","1":"post","2":"type-post","3":"status-publish","4":"format-standard","5":"has-post-thumbnail","7":"category-uutisia","8":"entry"},"acf":[],"gutentor_comment":0,"yoast_head":"<!-- This site is optimized with the Yoast SEO plugin v27.5 - https:\/\/yoast.com\/product\/yoast-seo-wordpress\/ -->\n<title>Kev\u00e4tlukukauden avajaiset ma 8.1.2024 - Pelastusopisto<\/title>\n<meta name=\"robots\" content=\"index, follow, max-snippet:-1, max-image-preview:large, max-video-preview:-1\" \/>\n<link rel=\"canonical\" href=\"https:\/\/www.pelastusopisto.fi\/sv\/uutisia\/kevatlukukauden-avajaiset-ma-8-1-2024\/\" \/>\n<meta property=\"og:locale\" content=\"sv_SE\" \/>\n<meta property=\"og:type\" content=\"article\" \/>\n<meta property=\"og:title\" content=\"Kev\u00e4tlukukauden avajaiset ma 8.1.2024 - Pelastusopisto\" \/>\n<meta property=\"og:description\" content=\"Pelastusopistolla juhlittiin t\u00e4n\u00e4\u00e4n lukukauden avajaisia perinteisin menoin. Alkava lukukausi on [&hellip;]\" \/>\n<meta property=\"og:url\" content=\"https:\/\/www.pelastusopisto.fi\/sv\/uutisia\/kevatlukukauden-avajaiset-ma-8-1-2024\/\" \/>\n<meta property=\"og:site_name\" content=\"Pelastusopisto\" \/>\n<meta property=\"article:publisher\" content=\"https:\/\/www.facebook.com\/Pelastusopisto\/\" \/>\n<meta property=\"article:published_time\" content=\"2024-01-08T12:04:16+00:00\" \/>\n<meta property=\"article:modified_time\" content=\"2024-01-08T12:04:18+00:00\" \/>\n<meta property=\"og:image\" content=\"https:\/\/www.pelastusopisto.fi\/wp-content\/uploads\/avajaiset-8-1-2024-P1012569-net.jpg\" \/>\n\t<meta property=\"og:image:width\" content=\"1200\" \/>\n\t<meta property=\"og:image:height\" content=\"800\" \/>\n\t<meta property=\"og:image:type\" content=\"image\/jpeg\" \/>\n<meta name=\"author\" content=\"Marjo Pitk\u00e4nen\" \/>\n<meta name=\"twitter:card\" content=\"summary_large_image\" \/>\n<meta name=\"twitter:creator\" content=\"@Pelastusopisto\" \/>\n<meta name=\"twitter:site\" content=\"@Pelastusopisto\" \/>\n<meta name=\"twitter:label1\" content=\"Skriven av\" \/>\n\t<meta name=\"twitter:data1\" content=\"Marjo Pitk\u00e4nen\" \/>\n\t<meta name=\"twitter:label2\" content=\"Ber\u00e4knad l\u00e4stid\" \/>\n\t<meta name=\"twitter:data2\" content=\"2 minuter\" \/>\n<script type=\"application\/ld+json\" class=\"yoast-schema-graph\">{\"@context\":\"https:\\\/\\\/schema.org\",\"@graph\":[{\"@type\":\"Article\",\"@id\":\"https:\\\/\\\/www.pelastusopisto.fi\\\/sv\\\/uutisia\\\/kevatlukukauden-avajaiset-ma-8-1-2024\\\/#article\",\"isPartOf\":{\"@id\":\"https:\\\/\\\/www.pelastusopisto.fi\\\/sv\\\/uutisia\\\/kevatlukukauden-avajaiset-ma-8-1-2024\\\/\"},\"author\":{\"name\":\"Marjo Pitk\u00e4nen\",\"@id\":\"https:\\\/\\\/www.pelastusopisto.fi\\\/sv\\\/#\\\/schema\\\/person\\\/fcd88238f9bbf218a01bd88b71ad9e07\"},\"headline\":\"Kev\u00e4tlukukauden avajaiset ma 8.1.2024\",\"datePublished\":\"2024-01-08T12:04:16+00:00\",\"dateModified\":\"2024-01-08T12:04:18+00:00\",\"mainEntityOfPage\":{\"@id\":\"https:\\\/\\\/www.pelastusopisto.fi\\\/sv\\\/uutisia\\\/kevatlukukauden-avajaiset-ma-8-1-2024\\\/\"},\"wordCount\":104,\"publisher\":{\"@id\":\"https:\\\/\\\/www.pelastusopisto.fi\\\/sv\\\/#organization\"},\"image\":{\"@id\":\"https:\\\/\\\/www.pelastusopisto.fi\\\/sv\\\/uutisia\\\/kevatlukukauden-avajaiset-ma-8-1-2024\\\/#primaryimage\"},\"thumbnailUrl\":\"https:\\\/\\\/www.pelastusopisto.fi\\\/wp-content\\\/uploads\\\/avajaiset-8-1-2024-P1012569-net.jpg\",\"articleSection\":[\"Uutisia\"],\"inLanguage\":\"sv-SE\"},{\"@type\":\"WebPage\",\"@id\":\"https:\\\/\\\/www.pelastusopisto.fi\\\/sv\\\/uutisia\\\/kevatlukukauden-avajaiset-ma-8-1-2024\\\/\",\"url\":\"https:\\\/\\\/www.pelastusopisto.fi\\\/sv\\\/uutisia\\\/kevatlukukauden-avajaiset-ma-8-1-2024\\\/\",\"name\":\"Kev\u00e4tlukukauden avajaiset ma 8.1.2024 - Pelastusopisto\",\"isPartOf\":{\"@id\":\"https:\\\/\\\/www.pelastusopisto.fi\\\/sv\\\/#website\"},\"primaryImageOfPage\":{\"@id\":\"https:\\\/\\\/www.pelastusopisto.fi\\\/sv\\\/uutisia\\\/kevatlukukauden-avajaiset-ma-8-1-2024\\\/#primaryimage\"},\"image\":{\"@id\":\"https:\\\/\\\/www.pelastusopisto.fi\\\/sv\\\/uutisia\\\/kevatlukukauden-avajaiset-ma-8-1-2024\\\/#primaryimage\"},\"thumbnailUrl\":\"https:\\\/\\\/www.pelastusopisto.fi\\\/wp-content\\\/uploads\\\/avajaiset-8-1-2024-P1012569-net.jpg\",\"datePublished\":\"2024-01-08T12:04:16+00:00\",\"dateModified\":\"2024-01-08T12:04:18+00:00\",\"breadcrumb\":{\"@id\":\"https:\\\/\\\/www.pelastusopisto.fi\\\/sv\\\/uutisia\\\/kevatlukukauden-avajaiset-ma-8-1-2024\\\/#breadcrumb\"},\"inLanguage\":\"sv-SE\",\"potentialAction\":[{\"@type\":\"ReadAction\",\"target\":[\"https:\\\/\\\/www.pelastusopisto.fi\\\/sv\\\/uutisia\\\/kevatlukukauden-avajaiset-ma-8-1-2024\\\/\"]}]},{\"@type\":\"ImageObject\",\"inLanguage\":\"sv-SE\",\"@id\":\"https:\\\/\\\/www.pelastusopisto.fi\\\/sv\\\/uutisia\\\/kevatlukukauden-avajaiset-ma-8-1-2024\\\/#primaryimage\",\"url\":\"https:\\\/\\\/www.pelastusopisto.fi\\\/wp-content\\\/uploads\\\/avajaiset-8-1-2024-P1012569-net.jpg\",\"contentUrl\":\"https:\\\/\\\/www.pelastusopisto.fi\\\/wp-content\\\/uploads\\\/avajaiset-8-1-2024-P1012569-net.jpg\",\"width\":1200,\"height\":800,\"caption\":\"Rehtori k\u00e4ttelee opintonsa aloittavaa pelastajaopiskelijaa.\"},{\"@type\":\"BreadcrumbList\",\"@id\":\"https:\\\/\\\/www.pelastusopisto.fi\\\/sv\\\/uutisia\\\/kevatlukukauden-avajaiset-ma-8-1-2024\\\/#breadcrumb\",\"itemListElement\":[{\"@type\":\"ListItem\",\"position\":1,\"name\":\"Home\",\"item\":\"https:\\\/\\\/www.pelastusopisto.fi\\\/sv\\\/\"},{\"@type\":\"ListItem\",\"position\":2,\"name\":\"Kev\u00e4tlukukauden avajaiset ma 8.1.2024\"}]},{\"@type\":\"WebSite\",\"@id\":\"https:\\\/\\\/www.pelastusopisto.fi\\\/sv\\\/#website\",\"url\":\"https:\\\/\\\/www.pelastusopisto.fi\\\/sv\\\/\",\"name\":\"Pelastusopisto\",\"description\":\"\",\"publisher\":{\"@id\":\"https:\\\/\\\/www.pelastusopisto.fi\\\/sv\\\/#organization\"},\"potentialAction\":[{\"@type\":\"SearchAction\",\"target\":{\"@type\":\"EntryPoint\",\"urlTemplate\":\"https:\\\/\\\/www.pelastusopisto.fi\\\/sv\\\/?s={search_term_string}\"},\"query-input\":{\"@type\":\"PropertyValueSpecification\",\"valueRequired\":true,\"valueName\":\"search_term_string\"}}],\"inLanguage\":\"sv-SE\"},{\"@type\":\"Organization\",\"@id\":\"https:\\\/\\\/www.pelastusopisto.fi\\\/sv\\\/#organization\",\"name\":\"Pelastusopisto\",\"url\":\"https:\\\/\\\/www.pelastusopisto.fi\\\/sv\\\/\",\"logo\":{\"@type\":\"ImageObject\",\"inLanguage\":\"sv-SE\",\"@id\":\"https:\\\/\\\/www.pelastusopisto.fi\\\/sv\\\/#\\\/schema\\\/logo\\\/image\\\/\",\"url\":\"https:\\\/\\\/www.pelastusopisto.fi\\\/wp-content\\\/uploads\\\/pelastusopisto-logo-net.png\",\"contentUrl\":\"https:\\\/\\\/www.pelastusopisto.fi\\\/wp-content\\\/uploads\\\/pelastusopisto-logo-net.png\",\"width\":387,\"height\":71,\"caption\":\"Pelastusopisto\"},\"image\":{\"@id\":\"https:\\\/\\\/www.pelastusopisto.fi\\\/sv\\\/#\\\/schema\\\/logo\\\/image\\\/\"},\"sameAs\":[\"https:\\\/\\\/www.facebook.com\\\/Pelastusopisto\\\/\",\"https:\\\/\\\/x.com\\\/Pelastusopisto\",\"https:\\\/\\\/www.instagram.com\\\/pelastusopisto\\\/\",\"https:\\\/\\\/fi.linkedin.com\\\/school\\\/pelastusopisto\\\/\",\"https:\\\/\\\/www.youtube.com\\\/channel\\\/UCQjXYneFsnDYnJtZBfr9Ajg\"]},{\"@type\":\"Person\",\"@id\":\"https:\\\/\\\/www.pelastusopisto.fi\\\/sv\\\/#\\\/schema\\\/person\\\/fcd88238f9bbf218a01bd88b71ad9e07\",\"name\":\"Marjo Pitk\u00e4nen\",\"url\":\"https:\\\/\\\/www.pelastusopisto.fi\\\/sv\\\/author\\\/marjo-pitk\\\/\"}]}<\/script>\n<!-- \/ Yoast SEO plugin. -->","yoast_head_json":{"title":"Kev\u00e4tlukukauden avajaiset ma 8.1.2024 - Pelastusopisto","robots":{"index":"index","follow":"follow","max-snippet":"max-snippet:-1","max-image-preview":"max-image-preview:large","max-video-preview":"max-video-preview:-1"},"canonical":"https:\/\/www.pelastusopisto.fi\/sv\/uutisia\/kevatlukukauden-avajaiset-ma-8-1-2024\/","og_locale":"sv_SE","og_type":"article","og_title":"Kev\u00e4tlukukauden avajaiset ma 8.1.2024 - Pelastusopisto","og_description":"Pelastusopistolla juhlittiin t\u00e4n\u00e4\u00e4n lukukauden avajaisia perinteisin menoin. Alkava lukukausi on [&hellip;]","og_url":"https:\/\/www.pelastusopisto.fi\/sv\/uutisia\/kevatlukukauden-avajaiset-ma-8-1-2024\/","og_site_name":"Pelastusopisto","article_publisher":"https:\/\/www.facebook.com\/Pelastusopisto\/","article_published_time":"2024-01-08T12:04:16+00:00","article_modified_time":"2024-01-08T12:04:18+00:00","og_image":[{"width":1200,"height":800,"url":"https:\/\/www.pelastusopisto.fi\/wp-content\/uploads\/avajaiset-8-1-2024-P1012569-net.jpg","type":"image\/jpeg"}],"author":"Marjo Pitk\u00e4nen","twitter_card":"summary_large_image","twitter_creator":"@Pelastusopisto","twitter_site":"@Pelastusopisto","twitter_misc":{"Skriven av":"Marjo Pitk\u00e4nen","Ber\u00e4knad l\u00e4stid":"2 minuter"},"schema":{"@context":"https:\/\/schema.org","@graph":[{"@type":"Article","@id":"https:\/\/www.pelastusopisto.fi\/sv\/uutisia\/kevatlukukauden-avajaiset-ma-8-1-2024\/#article","isPartOf":{"@id":"https:\/\/www.pelastusopisto.fi\/sv\/uutisia\/kevatlukukauden-avajaiset-ma-8-1-2024\/"},"author":{"name":"Marjo Pitk\u00e4nen","@id":"https:\/\/www.pelastusopisto.fi\/sv\/#\/schema\/person\/fcd88238f9bbf218a01bd88b71ad9e07"},"headline":"Kev\u00e4tlukukauden avajaiset ma 8.1.2024","datePublished":"2024-01-08T12:04:16+00:00","dateModified":"2024-01-08T12:04:18+00:00","mainEntityOfPage":{"@id":"https:\/\/www.pelastusopisto.fi\/sv\/uutisia\/kevatlukukauden-avajaiset-ma-8-1-2024\/"},"wordCount":104,"publisher":{"@id":"https:\/\/www.pelastusopisto.fi\/sv\/#organization"},"image":{"@id":"https:\/\/www.pelastusopisto.fi\/sv\/uutisia\/kevatlukukauden-avajaiset-ma-8-1-2024\/#primaryimage"},"thumbnailUrl":"https:\/\/www.pelastusopisto.fi\/wp-content\/uploads\/avajaiset-8-1-2024-P1012569-net.jpg","articleSection":["Uutisia"],"inLanguage":"sv-SE"},{"@type":"WebPage","@id":"https:\/\/www.pelastusopisto.fi\/sv\/uutisia\/kevatlukukauden-avajaiset-ma-8-1-2024\/","url":"https:\/\/www.pelastusopisto.fi\/sv\/uutisia\/kevatlukukauden-avajaiset-ma-8-1-2024\/","name":"Kev\u00e4tlukukauden avajaiset ma 8.1.2024 - Pelastusopisto","isPartOf":{"@id":"https:\/\/www.pelastusopisto.fi\/sv\/#website"},"primaryImageOfPage":{"@id":"https:\/\/www.pelastusopisto.fi\/sv\/uutisia\/kevatlukukauden-avajaiset-ma-8-1-2024\/#primaryimage"},"image":{"@id":"https:\/\/www.pelastusopisto.fi\/sv\/uutisia\/kevatlukukauden-avajaiset-ma-8-1-2024\/#primaryimage"},"thumbnailUrl":"https:\/\/www.pelastusopisto.fi\/wp-content\/uploads\/avajaiset-8-1-2024-P1012569-net.jpg","datePublished":"2024-01-08T12:04:16+00:00","dateModified":"2024-01-08T12:04:18+00:00","breadcrumb":{"@id":"https:\/\/www.pelastusopisto.fi\/sv\/uutisia\/kevatlukukauden-avajaiset-ma-8-1-2024\/#breadcrumb"},"inLanguage":"sv-SE","potentialAction":[{"@type":"ReadAction","target":["https:\/\/www.pelastusopisto.fi\/sv\/uutisia\/kevatlukukauden-avajaiset-ma-8-1-2024\/"]}]},{"@type":"ImageObject","inLanguage":"sv-SE","@id":"https:\/\/www.pelastusopisto.fi\/sv\/uutisia\/kevatlukukauden-avajaiset-ma-8-1-2024\/#primaryimage","url":"https:\/\/www.pelastusopisto.fi\/wp-content\/uploads\/avajaiset-8-1-2024-P1012569-net.jpg","contentUrl":"https:\/\/www.pelastusopisto.fi\/wp-content\/uploads\/avajaiset-8-1-2024-P1012569-net.jpg","width":1200,"height":800,"caption":"Rehtori k\u00e4ttelee opintonsa aloittavaa pelastajaopiskelijaa."},{"@type":"BreadcrumbList","@id":"https:\/\/www.pelastusopisto.fi\/sv\/uutisia\/kevatlukukauden-avajaiset-ma-8-1-2024\/#breadcrumb","itemListElement":[{"@type":"ListItem","position":1,"name":"Home","item":"https:\/\/www.pelastusopisto.fi\/sv\/"},{"@type":"ListItem","position":2,"name":"Kev\u00e4tlukukauden avajaiset ma 8.1.2024"}]},{"@type":"WebSite","@id":"https:\/\/www.pelastusopisto.fi\/sv\/#website","url":"https:\/\/www.pelastusopisto.fi\/sv\/","name":"Pelastusopisto","description":"","publisher":{"@id":"https:\/\/www.pelastusopisto.fi\/sv\/#organization"},"potentialAction":[{"@type":"SearchAction","target":{"@type":"EntryPoint","urlTemplate":"https:\/\/www.pelastusopisto.fi\/sv\/?s={search_term_string}"},"query-input":{"@type":"PropertyValueSpecification","valueRequired":true,"valueName":"search_term_string"}}],"inLanguage":"sv-SE"},{"@type":"Organization","@id":"https:\/\/www.pelastusopisto.fi\/sv\/#organization","name":"Pelastusopisto","url":"https:\/\/www.pelastusopisto.fi\/sv\/","logo":{"@type":"ImageObject","inLanguage":"sv-SE","@id":"https:\/\/www.pelastusopisto.fi\/sv\/#\/schema\/logo\/image\/","url":"https:\/\/www.pelastusopisto.fi\/wp-content\/uploads\/pelastusopisto-logo-net.png","contentUrl":"https:\/\/www.pelastusopisto.fi\/wp-content\/uploads\/pelastusopisto-logo-net.png","width":387,"height":71,"caption":"Pelastusopisto"},"image":{"@id":"https:\/\/www.pelastusopisto.fi\/sv\/#\/schema\/logo\/image\/"},"sameAs":["https:\/\/www.facebook.com\/Pelastusopisto\/","https:\/\/x.com\/Pelastusopisto","https:\/\/www.instagram.com\/pelastusopisto\/","https:\/\/fi.linkedin.com\/school\/pelastusopisto\/","https:\/\/www.youtube.com\/channel\/UCQjXYneFsnDYnJtZBfr9Ajg"]},{"@type":"Person","@id":"https:\/\/www.pelastusopisto.fi\/sv\/#\/schema\/person\/fcd88238f9bbf218a01bd88b71ad9e07","name":"Marjo Pitk\u00e4nen","url":"https:\/\/www.pelastusopisto.fi\/sv\/author\/marjo-pitk\/"}]}},"featured_image_src":"https:\/\/www.pelastusopisto.fi\/wp-content\/uploads\/avajaiset-8-1-2024-P1012569-net-600x400.jpg","featured_image_src_square":"https:\/\/www.pelastusopisto.fi\/wp-content\/uploads\/avajaiset-8-1-2024-P1012569-net-600x600.jpg","author_info":{"display_name":"Marjo Pitk\u00e4nen","author_link":"https:\/\/www.pelastusopisto.fi\/sv\/author\/marjo-pitk\/"},"_links":{"self":[{"href":"https:\/\/www.pelastusopisto.fi\/sv\/wp-json\/wp\/v2\/posts\/68266","targetHints":{"allow":["GET"]}}],"collection":[{"href":"https:\/\/www.pelastusopisto.fi\/sv\/wp-json\/wp\/v2\/posts"}],"about":[{"href":"https:\/\/www.pelastusopisto.fi\/sv\/wp-json\/wp\/v2\/types\/post"}],"author":[{"embeddable":true,"href":"https:\/\/www.pelastusopisto.fi\/sv\/wp-json\/wp\/v2\/users\/107"}],"replies":[{"embeddable":true,"href":"https:\/\/www.pelastusopisto.fi\/sv\/wp-json\/wp\/v2\/comments?post=68266"}],"version-history":[{"count":9,"href":"https:\/\/www.pelastusopisto.fi\/sv\/wp-json\/wp\/v2\/posts\/68266\/revisions"}],"predecessor-version":[{"id":68333,"href":"https:\/\/www.pelastusopisto.fi\/sv\/wp-json\/wp\/v2\/posts\/68266\/revisions\/68333"}],"wp:featuredmedia":[{"embeddable":true,"href":"https:\/\/www.pelastusopisto.fi\/sv\/wp-json\/wp\/v2\/media\/68314"}],"wp:attachment":[{"href":"https:\/\/www.pelastusopisto.fi\/sv\/wp-json\/wp\/v2\/media?parent=68266"}],"wp:term":[{"taxonomy":"category","embeddable":true,"href":"https:\/\/www.pelastusopisto.fi\/sv\/wp-json\/wp\/v2\/categories?post=68266"},{"taxonomy":"post_tag","embeddable":true,"href":"https:\/\/www.pelastusopisto.fi\/sv\/wp-json\/wp\/v2\/tags?post=68266"}],"curies":[{"name":"wp","href":"https:\/\/api.w.org\/{rel}","templated":true}]}}