{"id":61314,"date":"2023-09-01T12:44:19","date_gmt":"2023-09-01T09:44:19","guid":{"rendered":"https:\/\/www.pelastusopisto.fi\/?p=61314"},"modified":"2023-09-01T12:44:22","modified_gmt":"2023-09-01T09:44:22","slug":"raportti-sosiaalista-mediaa-tulee-hyodyntaa-suunnitelmallisesti-viranomaisten-kriisi-ja-onnettomuusviestinnassa","status":"publish","type":"post","link":"https:\/\/www.pelastusopisto.fi\/sv\/uutisia\/raportti-sosiaalista-mediaa-tulee-hyodyntaa-suunnitelmallisesti-viranomaisten-kriisi-ja-onnettomuusviestinnassa\/","title":{"rendered":"Raportti: Sosiaalista mediaa tulee hy\u00f6dynt\u00e4\u00e4 suunnitelmallisesti viranomaisten kriisi- ja onnettomuusviestinn\u00e4ss\u00e4"},"content":{"rendered":"\n<p><em>Sosiaalisen median t\u00e4ysipainoinen hy\u00f6dynt\u00e4minen edellytt\u00e4\u00e4, ett\u00e4 viranomaisten viestint\u00e4ohjeissa on m\u00e4\u00e4riteltyn\u00e4 kanavakohtaisesti viestinn\u00e4n tavoitteet, kohderyhm\u00e4t, ydinviestit ja viestint\u00e4vastuut. Somen hy\u00f6dynt\u00e4miseen ja viranomaisten koulutukseen on my\u00f6s resursoitava riitt\u00e4v\u00e4sti. My\u00f6s tuen j\u00e4rjest\u00e4minen tulisi huomioida tilanteissa, joissa viranomaiset joutuvat maalittamisen tai muun h\u00e4iritsev\u00e4n toiminnan kohteeksi.<\/em><\/p>\n\n\n\n<p>Viranomaisten someviestint\u00e4 voidaan jakaa kriisin elinkaarta mukaillen somen hy\u00f6dynt\u00e4miseen ennen kriisi\u00e4, kriisin aikana ja sen j\u00e4lkeen.<\/p>\n\n\n\n<p>\u201dKriiseihin valmistautumisessa olennaisia asioita ovat someviestinn\u00e4n suunnittelu, yleis\u00f6suhteen rakentaminen ja saavutettavuuden varmistaminen. Kriisinaikaisessa someviestinn\u00e4ss\u00e4 tarvitaan yhteisty\u00f6verkostoja, mediaekosysteemiss\u00e4 luovimista, kyky\u00e4 vastustaa informaatiovaikuttamista ja valmiutta hy\u00f6dynt\u00e4\u00e4 teko\u00e4ly\u00e4. Kriisinj\u00e4lkeisess\u00e4 someviestinn\u00e4ss\u00e4 keskeisi\u00e4 tavoitteita ovat luottamuksen rakentaminen ja kriiseist\u00e4 oppiminen\u201d, sanoo professori <strong>Harri Jalonen<\/strong> Vaasan yliopistosta.<\/p>\n\n\n\n<p>Kriisiajan viranomaisviestinn\u00e4ll\u00e4 on my\u00f6s yhteiskunnallista luottamusta rakentava ulottuvuutensa.<\/p>\n\n\n\n<p>\u201dOikea-aikainen, ymm\u00e4rrett\u00e4v\u00e4 ja saavutettava kriisiviestint\u00e4 on omiaan vahvistamaan kansalaisten luottamusta viranomaisiin\u201d, arvioi neuvotteleva virkamies <strong>Teija Mankkinen<\/strong> sis\u00e4ministeri\u00f6st\u00e4.<\/p>\n\n\n\n<h2 class=\"wp-block-heading\"><strong>Operatiivisia ja strategisia kehitt\u00e4missuosituksia<\/strong><\/h2>\n\n\n\n<p>Some pelastaa -hankkeessa (Sosiaalinen media kriisi- ja onnettomuustilanteiden johtamisessa) tarkasteltiin sosiaalisen median hy\u00f6dynt\u00e4mist\u00e4 suomalaisissa ja kansainv\u00e4lisiss\u00e4 kriisi- ja poikkeustilanteissa.<\/p>\n\n\n\n<p>Vaasan yliopiston, Poliisiammattikorkeakoulun ja Pelastusopiston yhteishankkeessa toteutettiin kansainv\u00e4linen kirjallisuuskatsaus, haastateltiin eri hallinnonaloilla ty\u00f6skentelevi\u00e4 viranhaltijoita, ja lis\u00e4ksi j\u00e4rjestettiin someviestinn\u00e4n kyvykkyyksi\u00e4 j\u00e4sent\u00e4v\u00e4 turvallisuuskahvila viranomaisille ja viestinn\u00e4n asiantuntijoille.<\/p>\n\n\n\n<p>Hankkeen loppuraportti kokoaa yhteen eri aineistojen pohjalta muodostetut havainnot ja tarjoaa seitsem\u00e4n tutkimukseen pohjautuvaa kehitt\u00e4misehdotusta.<\/p>\n\n\n\n<p>\u201dKiinnit\u00e4mme loppuraportissamme huomiota somen hy\u00f6dynt\u00e4miseen sek\u00e4 operatiivisessa ett\u00e4 strategisessa viranomaisviestinn\u00e4ss\u00e4\u201d, kertovat hankkeeseen osallistuneet <strong>Alisa Puustinen<\/strong> Pelastusopistolta sek\u00e4 <strong>Pirjo Jukarainen<\/strong> Poliisiammattikorkeakoulusta.<\/p>\n\n\n\n<p>Some pelastaa \u2013 sosiaalinen media kriisi- ja onnettomuustilanteiden johtamisessa -hanke on toteutettu osana valtioneuvoston vuoden 2022 selvitys- ja tutkimussuunnitelman toimeenpanoa.<\/p>\n\n\n\n<p><strong>Lis\u00e4tietoja: <\/strong>Some pelastaa -hankkeen johtaja, professori Harri Jalonen, Vaasan yliopisto, harri.jalonen(at)uwasa.fi, p. 044\u00a0907 4964, Erikoistutkija Pirjo Jukarainen, Poliisiammattikorkeakoulu, pirjo.jukarainen(at)polamk.fi sek\u00e4 Some pelastaa -hankkeen ohjausryhm\u00e4n puheenjohtaja, neuvotteleva virkamies Teija Mankkinen, sis\u00e4ministeri\u00f6, teija.mankkinen(at)govsec.fi<\/p>\n\n\n\n<p><a href=\"https:\/\/urn.fi\/URN:ISBN:978-952-383-475-0\">Raportti: Sosiaalinen media viranomaisten onnettomuus- ja kriisiviestinn\u00e4ss\u00e4<\/a><br><a href=\"https:\/\/tietokayttoon.fi\/-\/some-pelastaa-sosiaalinen-media-kriisi-ja-onnettomuustilanteiden-johtamisessa-sopu-\">Lis\u00e4tietoa Some pelastaa -hankkeesta (suomeksi)<\/a><\/p>\n","protected":false},"excerpt":{"rendered":"<p>Sosiaalisen median t\u00e4ysipainoinen hy\u00f6dynt\u00e4minen edellytt\u00e4\u00e4, ett\u00e4 viranomaisten viestint\u00e4ohjeissa on m\u00e4\u00e4riteltyn\u00e4 [&hellip;]<\/p>\n","protected":false},"author":107,"featured_media":53248,"comment_status":"closed","ping_status":"closed","sticky":false,"template":"","format":"standard","meta":{"_acf_changed":false,"_genesis_hide_title":false,"_genesis_hide_breadcrumbs":false,"_genesis_hide_singular_image":false,"_genesis_hide_footer_widgets":false,"_genesis_custom_body_class":"","_genesis_custom_post_class":"","_genesis_layout":"","footnotes":""},"categories":[94,91],"tags":[],"class_list":{"0":"post-61314","1":"post","2":"type-post","3":"status-publish","4":"format-standard","5":"has-post-thumbnail","7":"category-tutkimuksen-tiedotteet","8":"category-uutisia","9":"entry"},"acf":[],"gutentor_comment":0,"yoast_head":"<!-- This site is optimized with the Yoast SEO plugin v27.5 - https:\/\/yoast.com\/product\/yoast-seo-wordpress\/ -->\n<title>Raportti: Sosiaalista mediaa tulee hy\u00f6dynt\u00e4\u00e4 suunnitelmallisesti viranomaisten kriisi- ja onnettomuusviestinn\u00e4ss\u00e4 - Pelastusopisto<\/title>\n<meta name=\"robots\" content=\"index, follow, max-snippet:-1, max-image-preview:large, max-video-preview:-1\" \/>\n<link rel=\"canonical\" href=\"https:\/\/www.pelastusopisto.fi\/sv\/uutisia\/raportti-sosiaalista-mediaa-tulee-hyodyntaa-suunnitelmallisesti-viranomaisten-kriisi-ja-onnettomuusviestinnassa\/\" \/>\n<meta property=\"og:locale\" content=\"sv_SE\" \/>\n<meta property=\"og:type\" content=\"article\" \/>\n<meta property=\"og:title\" content=\"Raportti: Sosiaalista mediaa tulee hy\u00f6dynt\u00e4\u00e4 suunnitelmallisesti viranomaisten kriisi- ja onnettomuusviestinn\u00e4ss\u00e4 - Pelastusopisto\" \/>\n<meta property=\"og:description\" content=\"Sosiaalisen median t\u00e4ysipainoinen hy\u00f6dynt\u00e4minen edellytt\u00e4\u00e4, ett\u00e4 viranomaisten viestint\u00e4ohjeissa on m\u00e4\u00e4riteltyn\u00e4 [&hellip;]\" \/>\n<meta property=\"og:url\" content=\"https:\/\/www.pelastusopisto.fi\/sv\/uutisia\/raportti-sosiaalista-mediaa-tulee-hyodyntaa-suunnitelmallisesti-viranomaisten-kriisi-ja-onnettomuusviestinnassa\/\" \/>\n<meta property=\"og:site_name\" content=\"Pelastusopisto\" \/>\n<meta property=\"article:publisher\" content=\"https:\/\/www.facebook.com\/Pelastusopisto\/\" \/>\n<meta property=\"article:published_time\" content=\"2023-09-01T09:44:19+00:00\" \/>\n<meta property=\"article:modified_time\" content=\"2023-09-01T09:44:22+00:00\" \/>\n<meta property=\"og:image\" content=\"https:\/\/www.pelastusopisto.fi\/wp-content\/uploads\/SomePelastaa.jpg\" \/>\n\t<meta property=\"og:image:width\" content=\"1200\" \/>\n\t<meta property=\"og:image:height\" content=\"800\" \/>\n\t<meta property=\"og:image:type\" content=\"image\/jpeg\" \/>\n<meta name=\"author\" content=\"Marjo Pitk\u00e4nen\" \/>\n<meta name=\"twitter:card\" content=\"summary_large_image\" \/>\n<meta name=\"twitter:creator\" content=\"@Pelastusopisto\" \/>\n<meta name=\"twitter:site\" content=\"@Pelastusopisto\" \/>\n<meta name=\"twitter:label1\" content=\"Skriven av\" \/>\n\t<meta name=\"twitter:data1\" content=\"Marjo Pitk\u00e4nen\" \/>\n\t<meta name=\"twitter:label2\" content=\"Ber\u00e4knad l\u00e4stid\" \/>\n\t<meta name=\"twitter:data2\" content=\"2 minuter\" \/>\n<script type=\"application\/ld+json\" class=\"yoast-schema-graph\">{\"@context\":\"https:\\\/\\\/schema.org\",\"@graph\":[{\"@type\":\"Article\",\"@id\":\"https:\\\/\\\/www.pelastusopisto.fi\\\/sv\\\/uutisia\\\/raportti-sosiaalista-mediaa-tulee-hyodyntaa-suunnitelmallisesti-viranomaisten-kriisi-ja-onnettomuusviestinnassa\\\/#article\",\"isPartOf\":{\"@id\":\"https:\\\/\\\/www.pelastusopisto.fi\\\/sv\\\/uutisia\\\/raportti-sosiaalista-mediaa-tulee-hyodyntaa-suunnitelmallisesti-viranomaisten-kriisi-ja-onnettomuusviestinnassa\\\/\"},\"author\":{\"name\":\"Marjo Pitk\u00e4nen\",\"@id\":\"https:\\\/\\\/www.pelastusopisto.fi\\\/sv\\\/#\\\/schema\\\/person\\\/fcd88238f9bbf218a01bd88b71ad9e07\"},\"headline\":\"Raportti: Sosiaalista mediaa tulee hy\u00f6dynt\u00e4\u00e4 suunnitelmallisesti viranomaisten kriisi- ja onnettomuusviestinn\u00e4ss\u00e4\",\"datePublished\":\"2023-09-01T09:44:19+00:00\",\"dateModified\":\"2023-09-01T09:44:22+00:00\",\"mainEntityOfPage\":{\"@id\":\"https:\\\/\\\/www.pelastusopisto.fi\\\/sv\\\/uutisia\\\/raportti-sosiaalista-mediaa-tulee-hyodyntaa-suunnitelmallisesti-viranomaisten-kriisi-ja-onnettomuusviestinnassa\\\/\"},\"wordCount\":347,\"publisher\":{\"@id\":\"https:\\\/\\\/www.pelastusopisto.fi\\\/sv\\\/#organization\"},\"image\":{\"@id\":\"https:\\\/\\\/www.pelastusopisto.fi\\\/sv\\\/uutisia\\\/raportti-sosiaalista-mediaa-tulee-hyodyntaa-suunnitelmallisesti-viranomaisten-kriisi-ja-onnettomuusviestinnassa\\\/#primaryimage\"},\"thumbnailUrl\":\"https:\\\/\\\/www.pelastusopisto.fi\\\/wp-content\\\/uploads\\\/SomePelastaa.jpg\",\"articleSection\":[\"TKI-toiminta\",\"Uutisia\"],\"inLanguage\":\"sv-SE\"},{\"@type\":\"WebPage\",\"@id\":\"https:\\\/\\\/www.pelastusopisto.fi\\\/sv\\\/uutisia\\\/raportti-sosiaalista-mediaa-tulee-hyodyntaa-suunnitelmallisesti-viranomaisten-kriisi-ja-onnettomuusviestinnassa\\\/\",\"url\":\"https:\\\/\\\/www.pelastusopisto.fi\\\/sv\\\/uutisia\\\/raportti-sosiaalista-mediaa-tulee-hyodyntaa-suunnitelmallisesti-viranomaisten-kriisi-ja-onnettomuusviestinnassa\\\/\",\"name\":\"Raportti: Sosiaalista mediaa tulee hy\u00f6dynt\u00e4\u00e4 suunnitelmallisesti viranomaisten kriisi- ja onnettomuusviestinn\u00e4ss\u00e4 - Pelastusopisto\",\"isPartOf\":{\"@id\":\"https:\\\/\\\/www.pelastusopisto.fi\\\/sv\\\/#website\"},\"primaryImageOfPage\":{\"@id\":\"https:\\\/\\\/www.pelastusopisto.fi\\\/sv\\\/uutisia\\\/raportti-sosiaalista-mediaa-tulee-hyodyntaa-suunnitelmallisesti-viranomaisten-kriisi-ja-onnettomuusviestinnassa\\\/#primaryimage\"},\"image\":{\"@id\":\"https:\\\/\\\/www.pelastusopisto.fi\\\/sv\\\/uutisia\\\/raportti-sosiaalista-mediaa-tulee-hyodyntaa-suunnitelmallisesti-viranomaisten-kriisi-ja-onnettomuusviestinnassa\\\/#primaryimage\"},\"thumbnailUrl\":\"https:\\\/\\\/www.pelastusopisto.fi\\\/wp-content\\\/uploads\\\/SomePelastaa.jpg\",\"datePublished\":\"2023-09-01T09:44:19+00:00\",\"dateModified\":\"2023-09-01T09:44:22+00:00\",\"breadcrumb\":{\"@id\":\"https:\\\/\\\/www.pelastusopisto.fi\\\/sv\\\/uutisia\\\/raportti-sosiaalista-mediaa-tulee-hyodyntaa-suunnitelmallisesti-viranomaisten-kriisi-ja-onnettomuusviestinnassa\\\/#breadcrumb\"},\"inLanguage\":\"sv-SE\",\"potentialAction\":[{\"@type\":\"ReadAction\",\"target\":[\"https:\\\/\\\/www.pelastusopisto.fi\\\/sv\\\/uutisia\\\/raportti-sosiaalista-mediaa-tulee-hyodyntaa-suunnitelmallisesti-viranomaisten-kriisi-ja-onnettomuusviestinnassa\\\/\"]}]},{\"@type\":\"ImageObject\",\"inLanguage\":\"sv-SE\",\"@id\":\"https:\\\/\\\/www.pelastusopisto.fi\\\/sv\\\/uutisia\\\/raportti-sosiaalista-mediaa-tulee-hyodyntaa-suunnitelmallisesti-viranomaisten-kriisi-ja-onnettomuusviestinnassa\\\/#primaryimage\",\"url\":\"https:\\\/\\\/www.pelastusopisto.fi\\\/wp-content\\\/uploads\\\/SomePelastaa.jpg\",\"contentUrl\":\"https:\\\/\\\/www.pelastusopisto.fi\\\/wp-content\\\/uploads\\\/SomePelastaa.jpg\",\"width\":1200,\"height\":800,\"caption\":\"Puhelimen n\u00e4ytt\u00f6, jossa Instagramin, Facebookin ja Twitterin kuvakkeet.\"},{\"@type\":\"BreadcrumbList\",\"@id\":\"https:\\\/\\\/www.pelastusopisto.fi\\\/sv\\\/uutisia\\\/raportti-sosiaalista-mediaa-tulee-hyodyntaa-suunnitelmallisesti-viranomaisten-kriisi-ja-onnettomuusviestinnassa\\\/#breadcrumb\",\"itemListElement\":[{\"@type\":\"ListItem\",\"position\":1,\"name\":\"Home\",\"item\":\"https:\\\/\\\/www.pelastusopisto.fi\\\/sv\\\/\"},{\"@type\":\"ListItem\",\"position\":2,\"name\":\"Raportti: Sosiaalista mediaa tulee hy\u00f6dynt\u00e4\u00e4 suunnitelmallisesti viranomaisten kriisi- ja onnettomuusviestinn\u00e4ss\u00e4\"}]},{\"@type\":\"WebSite\",\"@id\":\"https:\\\/\\\/www.pelastusopisto.fi\\\/sv\\\/#website\",\"url\":\"https:\\\/\\\/www.pelastusopisto.fi\\\/sv\\\/\",\"name\":\"Pelastusopisto\",\"description\":\"\",\"publisher\":{\"@id\":\"https:\\\/\\\/www.pelastusopisto.fi\\\/sv\\\/#organization\"},\"potentialAction\":[{\"@type\":\"SearchAction\",\"target\":{\"@type\":\"EntryPoint\",\"urlTemplate\":\"https:\\\/\\\/www.pelastusopisto.fi\\\/sv\\\/?s={search_term_string}\"},\"query-input\":{\"@type\":\"PropertyValueSpecification\",\"valueRequired\":true,\"valueName\":\"search_term_string\"}}],\"inLanguage\":\"sv-SE\"},{\"@type\":\"Organization\",\"@id\":\"https:\\\/\\\/www.pelastusopisto.fi\\\/sv\\\/#organization\",\"name\":\"Pelastusopisto\",\"url\":\"https:\\\/\\\/www.pelastusopisto.fi\\\/sv\\\/\",\"logo\":{\"@type\":\"ImageObject\",\"inLanguage\":\"sv-SE\",\"@id\":\"https:\\\/\\\/www.pelastusopisto.fi\\\/sv\\\/#\\\/schema\\\/logo\\\/image\\\/\",\"url\":\"https:\\\/\\\/www.pelastusopisto.fi\\\/wp-content\\\/uploads\\\/pelastusopisto-logo-net.png\",\"contentUrl\":\"https:\\\/\\\/www.pelastusopisto.fi\\\/wp-content\\\/uploads\\\/pelastusopisto-logo-net.png\",\"width\":387,\"height\":71,\"caption\":\"Pelastusopisto\"},\"image\":{\"@id\":\"https:\\\/\\\/www.pelastusopisto.fi\\\/sv\\\/#\\\/schema\\\/logo\\\/image\\\/\"},\"sameAs\":[\"https:\\\/\\\/www.facebook.com\\\/Pelastusopisto\\\/\",\"https:\\\/\\\/x.com\\\/Pelastusopisto\",\"https:\\\/\\\/www.instagram.com\\\/pelastusopisto\\\/\",\"https:\\\/\\\/fi.linkedin.com\\\/school\\\/pelastusopisto\\\/\",\"https:\\\/\\\/www.youtube.com\\\/channel\\\/UCQjXYneFsnDYnJtZBfr9Ajg\"]},{\"@type\":\"Person\",\"@id\":\"https:\\\/\\\/www.pelastusopisto.fi\\\/sv\\\/#\\\/schema\\\/person\\\/fcd88238f9bbf218a01bd88b71ad9e07\",\"name\":\"Marjo Pitk\u00e4nen\",\"url\":\"https:\\\/\\\/www.pelastusopisto.fi\\\/sv\\\/author\\\/marjo-pitk\\\/\"}]}<\/script>\n<!-- \/ Yoast SEO plugin. -->","yoast_head_json":{"title":"Raportti: Sosiaalista mediaa tulee hy\u00f6dynt\u00e4\u00e4 suunnitelmallisesti viranomaisten kriisi- ja onnettomuusviestinn\u00e4ss\u00e4 - Pelastusopisto","robots":{"index":"index","follow":"follow","max-snippet":"max-snippet:-1","max-image-preview":"max-image-preview:large","max-video-preview":"max-video-preview:-1"},"canonical":"https:\/\/www.pelastusopisto.fi\/sv\/uutisia\/raportti-sosiaalista-mediaa-tulee-hyodyntaa-suunnitelmallisesti-viranomaisten-kriisi-ja-onnettomuusviestinnassa\/","og_locale":"sv_SE","og_type":"article","og_title":"Raportti: Sosiaalista mediaa tulee hy\u00f6dynt\u00e4\u00e4 suunnitelmallisesti viranomaisten kriisi- ja onnettomuusviestinn\u00e4ss\u00e4 - Pelastusopisto","og_description":"Sosiaalisen median t\u00e4ysipainoinen hy\u00f6dynt\u00e4minen edellytt\u00e4\u00e4, ett\u00e4 viranomaisten viestint\u00e4ohjeissa on m\u00e4\u00e4riteltyn\u00e4 [&hellip;]","og_url":"https:\/\/www.pelastusopisto.fi\/sv\/uutisia\/raportti-sosiaalista-mediaa-tulee-hyodyntaa-suunnitelmallisesti-viranomaisten-kriisi-ja-onnettomuusviestinnassa\/","og_site_name":"Pelastusopisto","article_publisher":"https:\/\/www.facebook.com\/Pelastusopisto\/","article_published_time":"2023-09-01T09:44:19+00:00","article_modified_time":"2023-09-01T09:44:22+00:00","og_image":[{"width":1200,"height":800,"url":"https:\/\/www.pelastusopisto.fi\/wp-content\/uploads\/SomePelastaa.jpg","type":"image\/jpeg"}],"author":"Marjo Pitk\u00e4nen","twitter_card":"summary_large_image","twitter_creator":"@Pelastusopisto","twitter_site":"@Pelastusopisto","twitter_misc":{"Skriven av":"Marjo Pitk\u00e4nen","Ber\u00e4knad l\u00e4stid":"2 minuter"},"schema":{"@context":"https:\/\/schema.org","@graph":[{"@type":"Article","@id":"https:\/\/www.pelastusopisto.fi\/sv\/uutisia\/raportti-sosiaalista-mediaa-tulee-hyodyntaa-suunnitelmallisesti-viranomaisten-kriisi-ja-onnettomuusviestinnassa\/#article","isPartOf":{"@id":"https:\/\/www.pelastusopisto.fi\/sv\/uutisia\/raportti-sosiaalista-mediaa-tulee-hyodyntaa-suunnitelmallisesti-viranomaisten-kriisi-ja-onnettomuusviestinnassa\/"},"author":{"name":"Marjo Pitk\u00e4nen","@id":"https:\/\/www.pelastusopisto.fi\/sv\/#\/schema\/person\/fcd88238f9bbf218a01bd88b71ad9e07"},"headline":"Raportti: Sosiaalista mediaa tulee hy\u00f6dynt\u00e4\u00e4 suunnitelmallisesti viranomaisten kriisi- ja onnettomuusviestinn\u00e4ss\u00e4","datePublished":"2023-09-01T09:44:19+00:00","dateModified":"2023-09-01T09:44:22+00:00","mainEntityOfPage":{"@id":"https:\/\/www.pelastusopisto.fi\/sv\/uutisia\/raportti-sosiaalista-mediaa-tulee-hyodyntaa-suunnitelmallisesti-viranomaisten-kriisi-ja-onnettomuusviestinnassa\/"},"wordCount":347,"publisher":{"@id":"https:\/\/www.pelastusopisto.fi\/sv\/#organization"},"image":{"@id":"https:\/\/www.pelastusopisto.fi\/sv\/uutisia\/raportti-sosiaalista-mediaa-tulee-hyodyntaa-suunnitelmallisesti-viranomaisten-kriisi-ja-onnettomuusviestinnassa\/#primaryimage"},"thumbnailUrl":"https:\/\/www.pelastusopisto.fi\/wp-content\/uploads\/SomePelastaa.jpg","articleSection":["TKI-toiminta","Uutisia"],"inLanguage":"sv-SE"},{"@type":"WebPage","@id":"https:\/\/www.pelastusopisto.fi\/sv\/uutisia\/raportti-sosiaalista-mediaa-tulee-hyodyntaa-suunnitelmallisesti-viranomaisten-kriisi-ja-onnettomuusviestinnassa\/","url":"https:\/\/www.pelastusopisto.fi\/sv\/uutisia\/raportti-sosiaalista-mediaa-tulee-hyodyntaa-suunnitelmallisesti-viranomaisten-kriisi-ja-onnettomuusviestinnassa\/","name":"Raportti: Sosiaalista mediaa tulee hy\u00f6dynt\u00e4\u00e4 suunnitelmallisesti viranomaisten kriisi- ja onnettomuusviestinn\u00e4ss\u00e4 - Pelastusopisto","isPartOf":{"@id":"https:\/\/www.pelastusopisto.fi\/sv\/#website"},"primaryImageOfPage":{"@id":"https:\/\/www.pelastusopisto.fi\/sv\/uutisia\/raportti-sosiaalista-mediaa-tulee-hyodyntaa-suunnitelmallisesti-viranomaisten-kriisi-ja-onnettomuusviestinnassa\/#primaryimage"},"image":{"@id":"https:\/\/www.pelastusopisto.fi\/sv\/uutisia\/raportti-sosiaalista-mediaa-tulee-hyodyntaa-suunnitelmallisesti-viranomaisten-kriisi-ja-onnettomuusviestinnassa\/#primaryimage"},"thumbnailUrl":"https:\/\/www.pelastusopisto.fi\/wp-content\/uploads\/SomePelastaa.jpg","datePublished":"2023-09-01T09:44:19+00:00","dateModified":"2023-09-01T09:44:22+00:00","breadcrumb":{"@id":"https:\/\/www.pelastusopisto.fi\/sv\/uutisia\/raportti-sosiaalista-mediaa-tulee-hyodyntaa-suunnitelmallisesti-viranomaisten-kriisi-ja-onnettomuusviestinnassa\/#breadcrumb"},"inLanguage":"sv-SE","potentialAction":[{"@type":"ReadAction","target":["https:\/\/www.pelastusopisto.fi\/sv\/uutisia\/raportti-sosiaalista-mediaa-tulee-hyodyntaa-suunnitelmallisesti-viranomaisten-kriisi-ja-onnettomuusviestinnassa\/"]}]},{"@type":"ImageObject","inLanguage":"sv-SE","@id":"https:\/\/www.pelastusopisto.fi\/sv\/uutisia\/raportti-sosiaalista-mediaa-tulee-hyodyntaa-suunnitelmallisesti-viranomaisten-kriisi-ja-onnettomuusviestinnassa\/#primaryimage","url":"https:\/\/www.pelastusopisto.fi\/wp-content\/uploads\/SomePelastaa.jpg","contentUrl":"https:\/\/www.pelastusopisto.fi\/wp-content\/uploads\/SomePelastaa.jpg","width":1200,"height":800,"caption":"Puhelimen n\u00e4ytt\u00f6, jossa Instagramin, Facebookin ja Twitterin kuvakkeet."},{"@type":"BreadcrumbList","@id":"https:\/\/www.pelastusopisto.fi\/sv\/uutisia\/raportti-sosiaalista-mediaa-tulee-hyodyntaa-suunnitelmallisesti-viranomaisten-kriisi-ja-onnettomuusviestinnassa\/#breadcrumb","itemListElement":[{"@type":"ListItem","position":1,"name":"Home","item":"https:\/\/www.pelastusopisto.fi\/sv\/"},{"@type":"ListItem","position":2,"name":"Raportti: Sosiaalista mediaa tulee hy\u00f6dynt\u00e4\u00e4 suunnitelmallisesti viranomaisten kriisi- ja onnettomuusviestinn\u00e4ss\u00e4"}]},{"@type":"WebSite","@id":"https:\/\/www.pelastusopisto.fi\/sv\/#website","url":"https:\/\/www.pelastusopisto.fi\/sv\/","name":"Pelastusopisto","description":"","publisher":{"@id":"https:\/\/www.pelastusopisto.fi\/sv\/#organization"},"potentialAction":[{"@type":"SearchAction","target":{"@type":"EntryPoint","urlTemplate":"https:\/\/www.pelastusopisto.fi\/sv\/?s={search_term_string}"},"query-input":{"@type":"PropertyValueSpecification","valueRequired":true,"valueName":"search_term_string"}}],"inLanguage":"sv-SE"},{"@type":"Organization","@id":"https:\/\/www.pelastusopisto.fi\/sv\/#organization","name":"Pelastusopisto","url":"https:\/\/www.pelastusopisto.fi\/sv\/","logo":{"@type":"ImageObject","inLanguage":"sv-SE","@id":"https:\/\/www.pelastusopisto.fi\/sv\/#\/schema\/logo\/image\/","url":"https:\/\/www.pelastusopisto.fi\/wp-content\/uploads\/pelastusopisto-logo-net.png","contentUrl":"https:\/\/www.pelastusopisto.fi\/wp-content\/uploads\/pelastusopisto-logo-net.png","width":387,"height":71,"caption":"Pelastusopisto"},"image":{"@id":"https:\/\/www.pelastusopisto.fi\/sv\/#\/schema\/logo\/image\/"},"sameAs":["https:\/\/www.facebook.com\/Pelastusopisto\/","https:\/\/x.com\/Pelastusopisto","https:\/\/www.instagram.com\/pelastusopisto\/","https:\/\/fi.linkedin.com\/school\/pelastusopisto\/","https:\/\/www.youtube.com\/channel\/UCQjXYneFsnDYnJtZBfr9Ajg"]},{"@type":"Person","@id":"https:\/\/www.pelastusopisto.fi\/sv\/#\/schema\/person\/fcd88238f9bbf218a01bd88b71ad9e07","name":"Marjo Pitk\u00e4nen","url":"https:\/\/www.pelastusopisto.fi\/sv\/author\/marjo-pitk\/"}]}},"featured_image_src":"https:\/\/www.pelastusopisto.fi\/wp-content\/uploads\/SomePelastaa-600x400.jpg","featured_image_src_square":"https:\/\/www.pelastusopisto.fi\/wp-content\/uploads\/SomePelastaa-600x600.jpg","author_info":{"display_name":"Marjo Pitk\u00e4nen","author_link":"https:\/\/www.pelastusopisto.fi\/sv\/author\/marjo-pitk\/"},"_links":{"self":[{"href":"https:\/\/www.pelastusopisto.fi\/sv\/wp-json\/wp\/v2\/posts\/61314","targetHints":{"allow":["GET"]}}],"collection":[{"href":"https:\/\/www.pelastusopisto.fi\/sv\/wp-json\/wp\/v2\/posts"}],"about":[{"href":"https:\/\/www.pelastusopisto.fi\/sv\/wp-json\/wp\/v2\/types\/post"}],"author":[{"embeddable":true,"href":"https:\/\/www.pelastusopisto.fi\/sv\/wp-json\/wp\/v2\/users\/107"}],"replies":[{"embeddable":true,"href":"https:\/\/www.pelastusopisto.fi\/sv\/wp-json\/wp\/v2\/comments?post=61314"}],"version-history":[{"count":6,"href":"https:\/\/www.pelastusopisto.fi\/sv\/wp-json\/wp\/v2\/posts\/61314\/revisions"}],"predecessor-version":[{"id":61663,"href":"https:\/\/www.pelastusopisto.fi\/sv\/wp-json\/wp\/v2\/posts\/61314\/revisions\/61663"}],"wp:featuredmedia":[{"embeddable":true,"href":"https:\/\/www.pelastusopisto.fi\/sv\/wp-json\/wp\/v2\/media\/53248"}],"wp:attachment":[{"href":"https:\/\/www.pelastusopisto.fi\/sv\/wp-json\/wp\/v2\/media?parent=61314"}],"wp:term":[{"taxonomy":"category","embeddable":true,"href":"https:\/\/www.pelastusopisto.fi\/sv\/wp-json\/wp\/v2\/categories?post=61314"},{"taxonomy":"post_tag","embeddable":true,"href":"https:\/\/www.pelastusopisto.fi\/sv\/wp-json\/wp\/v2\/tags?post=61314"}],"curies":[{"name":"wp","href":"https:\/\/api.w.org\/{rel}","templated":true}]}}