{"id":60935,"date":"2023-08-14T15:00:32","date_gmt":"2023-08-14T12:00:32","guid":{"rendered":"https:\/\/www.pelastusopisto.fi\/?p=60935"},"modified":"2023-08-14T15:14:16","modified_gmt":"2023-08-14T12:14:16","slug":"ensimmainen-ryhma-pelastajia-lahtee-portugaliin-torjumaan-maastopaloja","status":"publish","type":"post","link":"https:\/\/www.pelastusopisto.fi\/sv\/uutisia\/ensimmainen-ryhma-pelastajia-lahtee-portugaliin-torjumaan-maastopaloja\/","title":{"rendered":"Ensimm\u00e4inen ryhm\u00e4 pelastajia l\u00e4htee Portugaliin torjumaan maastopaloja"},"content":{"rendered":"\n<p><strong>Suomi l\u00e4hett\u00e4\u00e4 valmiussiirtona keskiviikkona 16.8. ensimm\u00e4isen 24 pelastusty\u00f6ntekij\u00e4n ryhm\u00e4n auttamaan Portugalia maastopalojen hallinnassa.<\/strong><\/p>\n\n\n\n<p>Kaikkiaan Suomesta l\u00e4hetet\u00e4\u00e4n 48 pelastusty\u00f6ntekij\u00e4\u00e4. Toinen ryhm\u00e4 l\u00e4htee syyskuun alussa. Molemmat maastopalojen sammuttamiseen erikoistuneet Finn Rescue Team -ryhm\u00e4t ty\u00f6skentelev\u00e4t Portugalissa noin kahden viikon ajan.<\/p>\n\n\n\n<p>Portugali pyysi apua maastopalojen hallintaan EU:n pelastuspalvelumekanismin kautta. Valmiussiirtoihin osallistuu pelastajia useista EU-maista ja niihin osallistumisesta on sovittu ennen maastopalokautta. Pelastushenkil\u00f6st\u00f6n teht\u00e4v\u00e4n\u00e4 on avustaa ja tukea paikallisia viranomaisia maastopalojen sammuttamisessa.<\/p>\n\n\n\n<p>EU toteuttaa t\u00e4n\u00e4 vuonna valmiussiirtoja Portugalin lis\u00e4ksi Kreikkaan ja Ranskaan.<\/p>\n\n\n\n<p>Kes\u00e4n 2023 maastopalotilanne on ollut etel\u00e4isess\u00e4 Euroopassa haasteellinen, ja edellisten vuosien kokemusten perusteella Portugali on valikoitunut t\u00e4n\u00e4 vuonna Suomen tukikohteeksi. Portugalissa on ollut suuria tulipaloja t\u00e4n\u00e4 kes\u00e4n\u00e4, ja ennusteet kertovat tilanteen my\u00f6s jatkuvan l\u00e4hiviikkoina.<\/p>\n\n\n\n<h2 class=\"wp-block-heading\"><strong>Valmiussiirrot ovat osa EU-tasoista varautumista<\/strong><\/h2>\n\n\n\n<p>Sis\u00e4ministeri\u00f6 p\u00e4\u00e4tt\u00e4\u00e4 Suomen pelastustoimeen liittyv\u00e4n kansainv\u00e4lisen avun l\u00e4hett\u00e4misest\u00e4. EU:n pelastuspalvelumekanismi on yksi keskeisimmist\u00e4 kansainv\u00e4lisen avunannon v\u00e4lineist\u00e4. Maat voivat pyyt\u00e4\u00e4 sen kautta apua muilta mailta onnettomuus- tai h\u00e4iri\u00f6tilanteista selvi\u00e4miseen.<\/p>\n\n\n\n<p>&#8211; Valmiussiirrot ovat osa EU-tasoista varautumista s\u00e4\u00e4n \u00e4\u00e4ri-ilmi\u00f6ihin ja etenkin maastopaloihin vastaamiseksi. Suomi haluaa aktiivisesti osallistua muiden maiden tukemiseen ja samalla saamme itse arvokasta oppia maastopalojen sammuttamisesta haasteellisissa olosuhteissa. N\u00e4it\u00e4 kokemuksia tulemme hy\u00f6dynt\u00e4m\u00e4\u00e4n, kun itse varaudumme ilmastonmuutoksen mukanaan tuomiin s\u00e4\u00e4n \u00e4\u00e4ri-ilmi\u00f6ihin, sanoo pelastusylitarkastaja <strong>Pekka Tiainen<\/strong>.<\/p>\n\n\n\n<p>Pelastusopisto vastaa l\u00e4hetett\u00e4vien ty\u00f6ntekij\u00f6iden rekrytoinnista, koulutuksesta ja materiaalilogistiikasta sek\u00e4 toimii heid\u00e4n ty\u00f6nantajanaan.<\/p>\n\n\n\n<p>&#8211; L\u00e4htij\u00e4t ovat saaneet teht\u00e4v\u00e4lle koulutusta sek\u00e4 meilt\u00e4 Pelastusopistolta ett\u00e4 maastopalomuodostelman muodostavilta pelastuslaitoksilta (Pohjois-Savo, Pohjois-Karjala, Etel\u00e4-Savo, Etel\u00e4-karjala ja Kymenlaakso). Meid\u00e4n koulutus on keskittynyt kansainv\u00e4lisess\u00e4 ymp\u00e4rist\u00f6ss\u00e4 ty\u00f6skentelyyn, kun taas pelastuslaitokset ovat valmentaneet l\u00e4htij\u00f6it\u00e4 sammutusty\u00f6n n\u00e4k\u00f6kulmasta, toteaa Pelastusopiston kansainv\u00e4lisen pelastustoiminnan koordinaattori <strong>Matti Inkeroinen<\/strong>.<\/p>\n\n\n\n<p><strong>Lis\u00e4tiedot:<\/strong><\/p>\n\n\n\n<p>sis\u00e4ministeri\u00f6n pelastusylitarkastaja Pekka Tiainen, p. 050 456 4477, etunimi.sukunimi@gov.fi (kansainv\u00e4linen pelastustoiminta)<\/p>\n\n\n\n<p>Pelastusopiston kansainv\u00e4lisen pelastustoiminnan koordinaattori Matti Inkeroinen, p. 029&nbsp;545 3547 etunimi.sukunimi@pelastusopisto.fi<\/p>\n\n\n\n<p>Tiedote 25.7.2023: <a href=\"https:\/\/www.pelastusopisto.fi\/uutisia\/pelastusopisto-toimii-portugaliin-maastopaloja-hallitsemaan-lahetettavien-pelastustyontekijoiden-tyonantajana\/\">Pelastusopisto toimii Portugaliin maastopaloja hallitsemaan l\u00e4hetett\u00e4vien pelastusty\u00f6ntekij\u00f6iden ty\u00f6nantajana<\/a><\/p>\n\n\n\n<p><a href=\"https:\/\/intermin.fi\/pelastustoimi\/kansainvalinen-avunanto\">Lis\u00e4tietoa kansainv\u00e4lisen avun antamisesta<\/a><\/p>\n\n\n\n<p>&#8212;<\/p>\n\n\n\n<p><strong><a href=\"https:\/\/intermin.fi\/sv\/-\/de-forsta-raddarna-reser-till-portugal-for-att-bekampa-terrangbrander\">De f\u00f6rsta r\u00e4ddarna reser till Portugal f\u00f6r att bek\u00e4mpa terr\u00e4ngbr\u00e4nder<\/a><\/strong><\/p>\n\n\n\n<p><strong><a href=\"https:\/\/intermin.fi\/en\/-\/first-group-of-rescue-workers-leave-for-portugal-to-fight-wildfires\">First group of rescue workers leave for Portugal to fight wildfires<\/a><\/strong><\/p>\n","protected":false},"excerpt":{"rendered":"<p>Suomi l\u00e4hett\u00e4\u00e4 valmiussiirtona keskiviikkona 16.8. ensimm\u00e4isen 24 pelastusty\u00f6ntekij\u00e4n ryhm\u00e4n auttamaan [&hellip;]<\/p>\n","protected":false},"author":107,"featured_media":60451,"comment_status":"closed","ping_status":"closed","sticky":false,"template":"","format":"standard","meta":{"_acf_changed":false,"_genesis_hide_title":false,"_genesis_hide_breadcrumbs":false,"_genesis_hide_singular_image":false,"_genesis_hide_footer_widgets":false,"_genesis_custom_body_class":"","_genesis_custom_post_class":"","_genesis_layout":"","footnotes":""},"categories":[91],"tags":[],"class_list":{"0":"post-60935","1":"post","2":"type-post","3":"status-publish","4":"format-standard","5":"has-post-thumbnail","7":"category-uutisia","8":"entry"},"acf":[],"gutentor_comment":0,"yoast_head":"<!-- This site is optimized with the Yoast SEO plugin v27.4 - https:\/\/yoast.com\/product\/yoast-seo-wordpress\/ -->\n<title>Ensimm\u00e4inen ryhm\u00e4 pelastajia l\u00e4htee Portugaliin torjumaan maastopaloja - Pelastusopisto<\/title>\n<meta name=\"robots\" content=\"index, follow, max-snippet:-1, max-image-preview:large, max-video-preview:-1\" \/>\n<link rel=\"canonical\" href=\"https:\/\/www.pelastusopisto.fi\/sv\/uutisia\/ensimmainen-ryhma-pelastajia-lahtee-portugaliin-torjumaan-maastopaloja\/\" \/>\n<meta property=\"og:locale\" content=\"sv_SE\" \/>\n<meta property=\"og:type\" content=\"article\" \/>\n<meta property=\"og:title\" content=\"Ensimm\u00e4inen ryhm\u00e4 pelastajia l\u00e4htee Portugaliin torjumaan maastopaloja - Pelastusopisto\" \/>\n<meta property=\"og:description\" content=\"Suomi l\u00e4hett\u00e4\u00e4 valmiussiirtona keskiviikkona 16.8. ensimm\u00e4isen 24 pelastusty\u00f6ntekij\u00e4n ryhm\u00e4n auttamaan [&hellip;]\" \/>\n<meta property=\"og:url\" content=\"https:\/\/www.pelastusopisto.fi\/sv\/uutisia\/ensimmainen-ryhma-pelastajia-lahtee-portugaliin-torjumaan-maastopaloja\/\" \/>\n<meta property=\"og:site_name\" content=\"Pelastusopisto\" \/>\n<meta property=\"article:publisher\" content=\"https:\/\/www.facebook.com\/Pelastusopisto\/\" \/>\n<meta property=\"article:published_time\" content=\"2023-08-14T12:00:32+00:00\" \/>\n<meta property=\"article:modified_time\" content=\"2023-08-14T12:14:16+00:00\" \/>\n<meta property=\"og:image\" content=\"https:\/\/www.pelastusopisto.fi\/wp-content\/uploads\/Portugali-web.jpg\" \/>\n\t<meta property=\"og:image:width\" content=\"1200\" \/>\n\t<meta property=\"og:image:height\" content=\"800\" \/>\n\t<meta property=\"og:image:type\" content=\"image\/jpeg\" \/>\n<meta name=\"author\" content=\"Marjo Pitk\u00e4nen\" \/>\n<meta name=\"twitter:card\" content=\"summary_large_image\" \/>\n<meta name=\"twitter:creator\" content=\"@Pelastusopisto\" \/>\n<meta name=\"twitter:site\" content=\"@Pelastusopisto\" \/>\n<meta name=\"twitter:label1\" content=\"Skriven av\" \/>\n\t<meta name=\"twitter:data1\" content=\"Marjo Pitk\u00e4nen\" \/>\n\t<meta name=\"twitter:label2\" content=\"Ber\u00e4knad l\u00e4stid\" \/>\n\t<meta name=\"twitter:data2\" content=\"2 minuter\" \/>\n<script type=\"application\/ld+json\" class=\"yoast-schema-graph\">{\"@context\":\"https:\\\/\\\/schema.org\",\"@graph\":[{\"@type\":\"Article\",\"@id\":\"https:\\\/\\\/www.pelastusopisto.fi\\\/sv\\\/uutisia\\\/ensimmainen-ryhma-pelastajia-lahtee-portugaliin-torjumaan-maastopaloja\\\/#article\",\"isPartOf\":{\"@id\":\"https:\\\/\\\/www.pelastusopisto.fi\\\/sv\\\/uutisia\\\/ensimmainen-ryhma-pelastajia-lahtee-portugaliin-torjumaan-maastopaloja\\\/\"},\"author\":{\"name\":\"Marjo Pitk\u00e4nen\",\"@id\":\"https:\\\/\\\/www.pelastusopisto.fi\\\/sv\\\/#\\\/schema\\\/person\\\/fcd88238f9bbf218a01bd88b71ad9e07\"},\"headline\":\"Ensimm\u00e4inen ryhm\u00e4 pelastajia l\u00e4htee Portugaliin torjumaan maastopaloja\",\"datePublished\":\"2023-08-14T12:00:32+00:00\",\"dateModified\":\"2023-08-14T12:14:16+00:00\",\"mainEntityOfPage\":{\"@id\":\"https:\\\/\\\/www.pelastusopisto.fi\\\/sv\\\/uutisia\\\/ensimmainen-ryhma-pelastajia-lahtee-portugaliin-torjumaan-maastopaloja\\\/\"},\"wordCount\":393,\"publisher\":{\"@id\":\"https:\\\/\\\/www.pelastusopisto.fi\\\/sv\\\/#organization\"},\"image\":{\"@id\":\"https:\\\/\\\/www.pelastusopisto.fi\\\/sv\\\/uutisia\\\/ensimmainen-ryhma-pelastajia-lahtee-portugaliin-torjumaan-maastopaloja\\\/#primaryimage\"},\"thumbnailUrl\":\"https:\\\/\\\/www.pelastusopisto.fi\\\/wp-content\\\/uploads\\\/Portugali-web.jpg\",\"articleSection\":[\"Uutisia\"],\"inLanguage\":\"sv-SE\"},{\"@type\":\"WebPage\",\"@id\":\"https:\\\/\\\/www.pelastusopisto.fi\\\/sv\\\/uutisia\\\/ensimmainen-ryhma-pelastajia-lahtee-portugaliin-torjumaan-maastopaloja\\\/\",\"url\":\"https:\\\/\\\/www.pelastusopisto.fi\\\/sv\\\/uutisia\\\/ensimmainen-ryhma-pelastajia-lahtee-portugaliin-torjumaan-maastopaloja\\\/\",\"name\":\"Ensimm\u00e4inen ryhm\u00e4 pelastajia l\u00e4htee Portugaliin torjumaan maastopaloja - Pelastusopisto\",\"isPartOf\":{\"@id\":\"https:\\\/\\\/www.pelastusopisto.fi\\\/sv\\\/#website\"},\"primaryImageOfPage\":{\"@id\":\"https:\\\/\\\/www.pelastusopisto.fi\\\/sv\\\/uutisia\\\/ensimmainen-ryhma-pelastajia-lahtee-portugaliin-torjumaan-maastopaloja\\\/#primaryimage\"},\"image\":{\"@id\":\"https:\\\/\\\/www.pelastusopisto.fi\\\/sv\\\/uutisia\\\/ensimmainen-ryhma-pelastajia-lahtee-portugaliin-torjumaan-maastopaloja\\\/#primaryimage\"},\"thumbnailUrl\":\"https:\\\/\\\/www.pelastusopisto.fi\\\/wp-content\\\/uploads\\\/Portugali-web.jpg\",\"datePublished\":\"2023-08-14T12:00:32+00:00\",\"dateModified\":\"2023-08-14T12:14:16+00:00\",\"breadcrumb\":{\"@id\":\"https:\\\/\\\/www.pelastusopisto.fi\\\/sv\\\/uutisia\\\/ensimmainen-ryhma-pelastajia-lahtee-portugaliin-torjumaan-maastopaloja\\\/#breadcrumb\"},\"inLanguage\":\"sv-SE\",\"potentialAction\":[{\"@type\":\"ReadAction\",\"target\":[\"https:\\\/\\\/www.pelastusopisto.fi\\\/sv\\\/uutisia\\\/ensimmainen-ryhma-pelastajia-lahtee-portugaliin-torjumaan-maastopaloja\\\/\"]}]},{\"@type\":\"ImageObject\",\"inLanguage\":\"sv-SE\",\"@id\":\"https:\\\/\\\/www.pelastusopisto.fi\\\/sv\\\/uutisia\\\/ensimmainen-ryhma-pelastajia-lahtee-portugaliin-torjumaan-maastopaloja\\\/#primaryimage\",\"url\":\"https:\\\/\\\/www.pelastusopisto.fi\\\/wp-content\\\/uploads\\\/Portugali-web.jpg\",\"contentUrl\":\"https:\\\/\\\/www.pelastusopisto.fi\\\/wp-content\\\/uploads\\\/Portugali-web.jpg\",\"width\":1200,\"height\":800,\"caption\":\"Kuvituskuva viime vuoden valmiussiirrosta Kreikassa. Kuva: Esa Ik\u00e4heimo 2022\"},{\"@type\":\"BreadcrumbList\",\"@id\":\"https:\\\/\\\/www.pelastusopisto.fi\\\/sv\\\/uutisia\\\/ensimmainen-ryhma-pelastajia-lahtee-portugaliin-torjumaan-maastopaloja\\\/#breadcrumb\",\"itemListElement\":[{\"@type\":\"ListItem\",\"position\":1,\"name\":\"Home\",\"item\":\"https:\\\/\\\/www.pelastusopisto.fi\\\/sv\\\/\"},{\"@type\":\"ListItem\",\"position\":2,\"name\":\"Ensimm\u00e4inen ryhm\u00e4 pelastajia l\u00e4htee Portugaliin torjumaan maastopaloja\"}]},{\"@type\":\"WebSite\",\"@id\":\"https:\\\/\\\/www.pelastusopisto.fi\\\/sv\\\/#website\",\"url\":\"https:\\\/\\\/www.pelastusopisto.fi\\\/sv\\\/\",\"name\":\"Pelastusopisto\",\"description\":\"\",\"publisher\":{\"@id\":\"https:\\\/\\\/www.pelastusopisto.fi\\\/sv\\\/#organization\"},\"potentialAction\":[{\"@type\":\"SearchAction\",\"target\":{\"@type\":\"EntryPoint\",\"urlTemplate\":\"https:\\\/\\\/www.pelastusopisto.fi\\\/sv\\\/?s={search_term_string}\"},\"query-input\":{\"@type\":\"PropertyValueSpecification\",\"valueRequired\":true,\"valueName\":\"search_term_string\"}}],\"inLanguage\":\"sv-SE\"},{\"@type\":\"Organization\",\"@id\":\"https:\\\/\\\/www.pelastusopisto.fi\\\/sv\\\/#organization\",\"name\":\"Pelastusopisto\",\"url\":\"https:\\\/\\\/www.pelastusopisto.fi\\\/sv\\\/\",\"logo\":{\"@type\":\"ImageObject\",\"inLanguage\":\"sv-SE\",\"@id\":\"https:\\\/\\\/www.pelastusopisto.fi\\\/sv\\\/#\\\/schema\\\/logo\\\/image\\\/\",\"url\":\"https:\\\/\\\/www.pelastusopisto.fi\\\/wp-content\\\/uploads\\\/pelastusopisto-logo-net.png\",\"contentUrl\":\"https:\\\/\\\/www.pelastusopisto.fi\\\/wp-content\\\/uploads\\\/pelastusopisto-logo-net.png\",\"width\":387,\"height\":71,\"caption\":\"Pelastusopisto\"},\"image\":{\"@id\":\"https:\\\/\\\/www.pelastusopisto.fi\\\/sv\\\/#\\\/schema\\\/logo\\\/image\\\/\"},\"sameAs\":[\"https:\\\/\\\/www.facebook.com\\\/Pelastusopisto\\\/\",\"https:\\\/\\\/x.com\\\/Pelastusopisto\",\"https:\\\/\\\/www.instagram.com\\\/pelastusopisto\\\/\",\"https:\\\/\\\/fi.linkedin.com\\\/school\\\/pelastusopisto\\\/\",\"https:\\\/\\\/www.youtube.com\\\/channel\\\/UCQjXYneFsnDYnJtZBfr9Ajg\"]},{\"@type\":\"Person\",\"@id\":\"https:\\\/\\\/www.pelastusopisto.fi\\\/sv\\\/#\\\/schema\\\/person\\\/fcd88238f9bbf218a01bd88b71ad9e07\",\"name\":\"Marjo Pitk\u00e4nen\",\"url\":\"https:\\\/\\\/www.pelastusopisto.fi\\\/sv\\\/author\\\/marjo-pitk\\\/\"}]}<\/script>\n<!-- \/ Yoast SEO plugin. -->","yoast_head_json":{"title":"Ensimm\u00e4inen ryhm\u00e4 pelastajia l\u00e4htee Portugaliin torjumaan maastopaloja - Pelastusopisto","robots":{"index":"index","follow":"follow","max-snippet":"max-snippet:-1","max-image-preview":"max-image-preview:large","max-video-preview":"max-video-preview:-1"},"canonical":"https:\/\/www.pelastusopisto.fi\/sv\/uutisia\/ensimmainen-ryhma-pelastajia-lahtee-portugaliin-torjumaan-maastopaloja\/","og_locale":"sv_SE","og_type":"article","og_title":"Ensimm\u00e4inen ryhm\u00e4 pelastajia l\u00e4htee Portugaliin torjumaan maastopaloja - Pelastusopisto","og_description":"Suomi l\u00e4hett\u00e4\u00e4 valmiussiirtona keskiviikkona 16.8. ensimm\u00e4isen 24 pelastusty\u00f6ntekij\u00e4n ryhm\u00e4n auttamaan [&hellip;]","og_url":"https:\/\/www.pelastusopisto.fi\/sv\/uutisia\/ensimmainen-ryhma-pelastajia-lahtee-portugaliin-torjumaan-maastopaloja\/","og_site_name":"Pelastusopisto","article_publisher":"https:\/\/www.facebook.com\/Pelastusopisto\/","article_published_time":"2023-08-14T12:00:32+00:00","article_modified_time":"2023-08-14T12:14:16+00:00","og_image":[{"width":1200,"height":800,"url":"https:\/\/www.pelastusopisto.fi\/wp-content\/uploads\/Portugali-web.jpg","type":"image\/jpeg"}],"author":"Marjo Pitk\u00e4nen","twitter_card":"summary_large_image","twitter_creator":"@Pelastusopisto","twitter_site":"@Pelastusopisto","twitter_misc":{"Skriven av":"Marjo Pitk\u00e4nen","Ber\u00e4knad l\u00e4stid":"2 minuter"},"schema":{"@context":"https:\/\/schema.org","@graph":[{"@type":"Article","@id":"https:\/\/www.pelastusopisto.fi\/sv\/uutisia\/ensimmainen-ryhma-pelastajia-lahtee-portugaliin-torjumaan-maastopaloja\/#article","isPartOf":{"@id":"https:\/\/www.pelastusopisto.fi\/sv\/uutisia\/ensimmainen-ryhma-pelastajia-lahtee-portugaliin-torjumaan-maastopaloja\/"},"author":{"name":"Marjo Pitk\u00e4nen","@id":"https:\/\/www.pelastusopisto.fi\/sv\/#\/schema\/person\/fcd88238f9bbf218a01bd88b71ad9e07"},"headline":"Ensimm\u00e4inen ryhm\u00e4 pelastajia l\u00e4htee Portugaliin torjumaan maastopaloja","datePublished":"2023-08-14T12:00:32+00:00","dateModified":"2023-08-14T12:14:16+00:00","mainEntityOfPage":{"@id":"https:\/\/www.pelastusopisto.fi\/sv\/uutisia\/ensimmainen-ryhma-pelastajia-lahtee-portugaliin-torjumaan-maastopaloja\/"},"wordCount":393,"publisher":{"@id":"https:\/\/www.pelastusopisto.fi\/sv\/#organization"},"image":{"@id":"https:\/\/www.pelastusopisto.fi\/sv\/uutisia\/ensimmainen-ryhma-pelastajia-lahtee-portugaliin-torjumaan-maastopaloja\/#primaryimage"},"thumbnailUrl":"https:\/\/www.pelastusopisto.fi\/wp-content\/uploads\/Portugali-web.jpg","articleSection":["Uutisia"],"inLanguage":"sv-SE"},{"@type":"WebPage","@id":"https:\/\/www.pelastusopisto.fi\/sv\/uutisia\/ensimmainen-ryhma-pelastajia-lahtee-portugaliin-torjumaan-maastopaloja\/","url":"https:\/\/www.pelastusopisto.fi\/sv\/uutisia\/ensimmainen-ryhma-pelastajia-lahtee-portugaliin-torjumaan-maastopaloja\/","name":"Ensimm\u00e4inen ryhm\u00e4 pelastajia l\u00e4htee Portugaliin torjumaan maastopaloja - Pelastusopisto","isPartOf":{"@id":"https:\/\/www.pelastusopisto.fi\/sv\/#website"},"primaryImageOfPage":{"@id":"https:\/\/www.pelastusopisto.fi\/sv\/uutisia\/ensimmainen-ryhma-pelastajia-lahtee-portugaliin-torjumaan-maastopaloja\/#primaryimage"},"image":{"@id":"https:\/\/www.pelastusopisto.fi\/sv\/uutisia\/ensimmainen-ryhma-pelastajia-lahtee-portugaliin-torjumaan-maastopaloja\/#primaryimage"},"thumbnailUrl":"https:\/\/www.pelastusopisto.fi\/wp-content\/uploads\/Portugali-web.jpg","datePublished":"2023-08-14T12:00:32+00:00","dateModified":"2023-08-14T12:14:16+00:00","breadcrumb":{"@id":"https:\/\/www.pelastusopisto.fi\/sv\/uutisia\/ensimmainen-ryhma-pelastajia-lahtee-portugaliin-torjumaan-maastopaloja\/#breadcrumb"},"inLanguage":"sv-SE","potentialAction":[{"@type":"ReadAction","target":["https:\/\/www.pelastusopisto.fi\/sv\/uutisia\/ensimmainen-ryhma-pelastajia-lahtee-portugaliin-torjumaan-maastopaloja\/"]}]},{"@type":"ImageObject","inLanguage":"sv-SE","@id":"https:\/\/www.pelastusopisto.fi\/sv\/uutisia\/ensimmainen-ryhma-pelastajia-lahtee-portugaliin-torjumaan-maastopaloja\/#primaryimage","url":"https:\/\/www.pelastusopisto.fi\/wp-content\/uploads\/Portugali-web.jpg","contentUrl":"https:\/\/www.pelastusopisto.fi\/wp-content\/uploads\/Portugali-web.jpg","width":1200,"height":800,"caption":"Kuvituskuva viime vuoden valmiussiirrosta Kreikassa. Kuva: Esa Ik\u00e4heimo 2022"},{"@type":"BreadcrumbList","@id":"https:\/\/www.pelastusopisto.fi\/sv\/uutisia\/ensimmainen-ryhma-pelastajia-lahtee-portugaliin-torjumaan-maastopaloja\/#breadcrumb","itemListElement":[{"@type":"ListItem","position":1,"name":"Home","item":"https:\/\/www.pelastusopisto.fi\/sv\/"},{"@type":"ListItem","position":2,"name":"Ensimm\u00e4inen ryhm\u00e4 pelastajia l\u00e4htee Portugaliin torjumaan maastopaloja"}]},{"@type":"WebSite","@id":"https:\/\/www.pelastusopisto.fi\/sv\/#website","url":"https:\/\/www.pelastusopisto.fi\/sv\/","name":"Pelastusopisto","description":"","publisher":{"@id":"https:\/\/www.pelastusopisto.fi\/sv\/#organization"},"potentialAction":[{"@type":"SearchAction","target":{"@type":"EntryPoint","urlTemplate":"https:\/\/www.pelastusopisto.fi\/sv\/?s={search_term_string}"},"query-input":{"@type":"PropertyValueSpecification","valueRequired":true,"valueName":"search_term_string"}}],"inLanguage":"sv-SE"},{"@type":"Organization","@id":"https:\/\/www.pelastusopisto.fi\/sv\/#organization","name":"Pelastusopisto","url":"https:\/\/www.pelastusopisto.fi\/sv\/","logo":{"@type":"ImageObject","inLanguage":"sv-SE","@id":"https:\/\/www.pelastusopisto.fi\/sv\/#\/schema\/logo\/image\/","url":"https:\/\/www.pelastusopisto.fi\/wp-content\/uploads\/pelastusopisto-logo-net.png","contentUrl":"https:\/\/www.pelastusopisto.fi\/wp-content\/uploads\/pelastusopisto-logo-net.png","width":387,"height":71,"caption":"Pelastusopisto"},"image":{"@id":"https:\/\/www.pelastusopisto.fi\/sv\/#\/schema\/logo\/image\/"},"sameAs":["https:\/\/www.facebook.com\/Pelastusopisto\/","https:\/\/x.com\/Pelastusopisto","https:\/\/www.instagram.com\/pelastusopisto\/","https:\/\/fi.linkedin.com\/school\/pelastusopisto\/","https:\/\/www.youtube.com\/channel\/UCQjXYneFsnDYnJtZBfr9Ajg"]},{"@type":"Person","@id":"https:\/\/www.pelastusopisto.fi\/sv\/#\/schema\/person\/fcd88238f9bbf218a01bd88b71ad9e07","name":"Marjo Pitk\u00e4nen","url":"https:\/\/www.pelastusopisto.fi\/sv\/author\/marjo-pitk\/"}]}},"featured_image_src":"https:\/\/www.pelastusopisto.fi\/wp-content\/uploads\/Portugali-web-600x400.jpg","featured_image_src_square":"https:\/\/www.pelastusopisto.fi\/wp-content\/uploads\/Portugali-web-600x600.jpg","author_info":{"display_name":"Marjo Pitk\u00e4nen","author_link":"https:\/\/www.pelastusopisto.fi\/sv\/author\/marjo-pitk\/"},"_links":{"self":[{"href":"https:\/\/www.pelastusopisto.fi\/sv\/wp-json\/wp\/v2\/posts\/60935","targetHints":{"allow":["GET"]}}],"collection":[{"href":"https:\/\/www.pelastusopisto.fi\/sv\/wp-json\/wp\/v2\/posts"}],"about":[{"href":"https:\/\/www.pelastusopisto.fi\/sv\/wp-json\/wp\/v2\/types\/post"}],"author":[{"embeddable":true,"href":"https:\/\/www.pelastusopisto.fi\/sv\/wp-json\/wp\/v2\/users\/107"}],"replies":[{"embeddable":true,"href":"https:\/\/www.pelastusopisto.fi\/sv\/wp-json\/wp\/v2\/comments?post=60935"}],"version-history":[{"count":4,"href":"https:\/\/www.pelastusopisto.fi\/sv\/wp-json\/wp\/v2\/posts\/60935\/revisions"}],"predecessor-version":[{"id":60941,"href":"https:\/\/www.pelastusopisto.fi\/sv\/wp-json\/wp\/v2\/posts\/60935\/revisions\/60941"}],"wp:featuredmedia":[{"embeddable":true,"href":"https:\/\/www.pelastusopisto.fi\/sv\/wp-json\/wp\/v2\/media\/60451"}],"wp:attachment":[{"href":"https:\/\/www.pelastusopisto.fi\/sv\/wp-json\/wp\/v2\/media?parent=60935"}],"wp:term":[{"taxonomy":"category","embeddable":true,"href":"https:\/\/www.pelastusopisto.fi\/sv\/wp-json\/wp\/v2\/categories?post=60935"},{"taxonomy":"post_tag","embeddable":true,"href":"https:\/\/www.pelastusopisto.fi\/sv\/wp-json\/wp\/v2\/tags?post=60935"}],"curies":[{"name":"wp","href":"https:\/\/api.w.org\/{rel}","templated":true}]}}