{"id":54033,"date":"2023-02-07T15:24:59","date_gmt":"2023-02-07T13:24:59","guid":{"rendered":"https:\/\/www.pelastusopisto.fi\/?p=33935"},"modified":"2023-02-07T15:24:59","modified_gmt":"2023-02-07T13:24:59","slug":"suomi-lahettaa-kansainvalisen-pelastustoiminnan-asiantuntija-apua-turkkiin","status":"publish","type":"post","link":"https:\/\/www.pelastusopisto.fi\/sv\/uutisia\/suomi-lahettaa-kansainvalisen-pelastustoiminnan-asiantuntija-apua-turkkiin\/","title":{"rendered":"Suomi l\u00e4hett\u00e4\u00e4 kansainv\u00e4lisen pelastustoiminnan asiantuntija-apua Turkkiin"},"content":{"rendered":"\n<p>Suomi l\u00e4hett\u00e4\u00e4 Turkkiin maanj\u00e4ristysalueelle kolme EUCPT-asiantuntijaa (European Union Civil Protection Team) ja nelj\u00e4n hengen TAST-muodostelman (Technical Assistance and Support Team). EUCPT-asiantuntijat l\u00e4htiv\u00e4t Suomesta tiistaina 7.2. ja TAST-muodostelma l\u00e4htee keskiviikkona 8.2. Teht\u00e4v\u00e4 kest\u00e4\u00e4 alustavan arvion mukaan noin kolme viikkoa. Pelastusopisto toimii l\u00e4hetettyjen asiantuntijoiden ty\u00f6nantajana ja l\u00e4hett\u00e4misest\u00e4 p\u00e4\u00e4tt\u00e4\u00e4 sis\u00e4ministeri\u00f6.<\/p>\n\n\n\n<p>Asiantuntijat l\u00e4hetet\u00e4\u00e4n osana Euroopan unionin pelastuspalvelumekanismia (Union Civil Protection Mechanism. EUCPT-asiantuntijoiden teht\u00e4v\u00e4n\u00e4 on kartoittaa tuhoja ja koordinoida mahdollista kansainv\u00e4list\u00e4 pelastustoimintaa yhdess\u00e4 paikallisviranomaisten kanssa ker\u00e4\u00e4m\u00e4ll\u00e4 tietoa ja yll\u00e4pit\u00e4m\u00e4ll\u00e4 tilannekuvaa.<\/p>\n\n\n\n<p>Suomen TAST-muodostelma osallistuu teht\u00e4v\u00e4\u00e4n yhteisty\u00f6ss\u00e4 tanskalaisen ja ruotsalaisen TAST:in kanssa, mist\u00e4 on sovittu pohjoismaisessa yhteisty\u00f6ss\u00e4 siviilivalmiudesta ja pelastustoimesta vastaavien toimijoiden kesken. TAST:ien teht\u00e4v\u00e4 on tukea EU:n\u00a0koordinaatiotiimin ty\u00f6skentely\u00e4 kentt\u00e4olosuhteissa. TAST:it perustavat ja yll\u00e4pit\u00e4v\u00e4t leiri\u00e4, jossa koordinaatiotiimin on mahdollista majoittua ja ty\u00f6skennell\u00e4.<\/p>\n\n\n\n<h2 class=\"wp-block-heading\">Suomi on aktiivinen asiantuntija-avun l\u00e4hett\u00e4j\u00e4<\/h2>\n\n\n\n<p>Kansainv\u00e4linen pelastustoiminta on valtiosopimuksiin ja lains\u00e4\u00e4d\u00e4nt\u00f6\u00f6n perustuvaa avun antamista ulkomaille sek\u00e4 avun vastaanottamista Suomeen. T\u00e4llaisia tilanteita ovat luonnon tai ihmisen aiheuttamat katastrofit ja onnettomuudet, joissa maan omat pelastusresurssit eiv\u00e4t riit\u00e4. Suomi osallistuu kansainv\u00e4liseen pelastustoimintaan Euroopan unionin ja kansainv\u00e4listen j\u00e4rjest\u00f6jen kautta. Lis\u00e4ksi kansainv\u00e4list\u00e4 pelastustoimintaa toteutetaan kahdenv\u00e4listen ja monenkeskisten valtioiden v\u00e4listen sopimuksien puitteissa.<\/p>\n\n\n\n<p>Sis\u00e4ministeri\u00f6 p\u00e4\u00e4tt\u00e4\u00e4 pelastustoimeen liittyv\u00e4n kansainv\u00e4lisen avun l\u00e4hett\u00e4misest\u00e4. Pelastusopisto vastaa asiantuntijoiden kouluttamisesta, rekrytoinnista ja logistiikasta sek\u00e4 kansainv\u00e4lisen pelastustoiminnan k\u00e4yt\u00e4nn\u00f6n toteuttamisesta.<\/p>\n\n\n\n<p><strong>Lis\u00e4tietoja<\/strong><\/p>\n\n\n\n<p><strong>Jari Korpela<\/strong> (teht\u00e4v\u00e4\u00e4n ja kansainv\u00e4liseen pelastustoimintaan liittyv\u00e4t operatiiviset lis\u00e4tiedot)<br>Koulutussuunnittelija, Pelastusopisto<br>029 545 3480, jari.korpela@pelastusopisto.fi<\/p>\n\n\n\n<p><strong>Pauliina Eskola <\/strong>(kansainv\u00e4linen pelastustoiminta)<br>pelastusosaston kansainv\u00e4listen asioiden johtaja, sis\u00e4ministeri\u00f6<br>0295 488 263, pauliina.eskola@gov.fi<\/p>\n\n\n\n<p><a href=\"https:\/\/intermin.fi\/pelastustoimi\/kansainvalinen-avunanto\">Lis\u00e4tietoa kansainv\u00e4lisen avun antamisesta<\/a>.<\/p>\n","protected":false},"excerpt":{"rendered":"<p>Suomi l\u00e4hett\u00e4\u00e4 Turkkiin maanj\u00e4ristysalueelle kolme EUCPT-asiantuntijaa (European Union Civil Protection [&hellip;]<\/p>\n","protected":false},"author":103,"featured_media":33936,"comment_status":"closed","ping_status":"closed","sticky":false,"template":"","format":"standard","meta":{"_acf_changed":false,"_genesis_hide_title":false,"_genesis_hide_breadcrumbs":false,"_genesis_hide_singular_image":false,"_genesis_hide_footer_widgets":false,"_genesis_custom_body_class":"","_genesis_custom_post_class":"","_genesis_layout":"","footnotes":""},"categories":[91],"tags":[],"class_list":{"0":"post-54033","1":"post","2":"type-post","3":"status-publish","4":"format-standard","5":"has-post-thumbnail","7":"category-uutisia","8":"entry"},"acf":[],"gutentor_comment":0,"yoast_head":"<!-- This site is optimized with the Yoast SEO plugin v27.5 - https:\/\/yoast.com\/product\/yoast-seo-wordpress\/ -->\n<title>Suomi l\u00e4hett\u00e4\u00e4 kansainv\u00e4lisen pelastustoiminnan asiantuntija-apua Turkkiin - Pelastusopisto<\/title>\n<meta name=\"robots\" content=\"index, follow, max-snippet:-1, max-image-preview:large, max-video-preview:-1\" \/>\n<link rel=\"canonical\" href=\"https:\/\/www.pelastusopisto.fi\/sv\/uutisia\/suomi-lahettaa-kansainvalisen-pelastustoiminnan-asiantuntija-apua-turkkiin\/\" \/>\n<meta property=\"og:locale\" content=\"sv_SE\" \/>\n<meta property=\"og:type\" content=\"article\" \/>\n<meta property=\"og:title\" content=\"Suomi l\u00e4hett\u00e4\u00e4 kansainv\u00e4lisen pelastustoiminnan asiantuntija-apua Turkkiin - Pelastusopisto\" \/>\n<meta property=\"og:description\" content=\"Suomi l\u00e4hett\u00e4\u00e4 Turkkiin maanj\u00e4ristysalueelle kolme EUCPT-asiantuntijaa (European Union Civil Protection [&hellip;]\" \/>\n<meta property=\"og:url\" content=\"https:\/\/www.pelastusopisto.fi\/sv\/uutisia\/suomi-lahettaa-kansainvalisen-pelastustoiminnan-asiantuntija-apua-turkkiin\/\" \/>\n<meta property=\"og:site_name\" content=\"Pelastusopisto\" \/>\n<meta property=\"article:publisher\" content=\"https:\/\/www.facebook.com\/Pelastusopisto\/\" \/>\n<meta property=\"article:published_time\" content=\"2023-02-07T13:24:59+00:00\" \/>\n<meta property=\"og:image\" content=\"https:\/\/www.pelastusopisto.fi\/wp-content\/uploads\/TAST_Turkki.jpg\" \/>\n\t<meta property=\"og:image:width\" content=\"900\" \/>\n\t<meta property=\"og:image:height\" content=\"600\" \/>\n\t<meta property=\"og:image:type\" content=\"image\/jpeg\" \/>\n<meta name=\"author\" content=\"Viestinta-Peo\" \/>\n<meta name=\"twitter:card\" content=\"summary_large_image\" \/>\n<meta name=\"twitter:creator\" content=\"@Pelastusopisto\" \/>\n<meta name=\"twitter:site\" content=\"@Pelastusopisto\" \/>\n<meta name=\"twitter:label1\" content=\"Skriven av\" \/>\n\t<meta name=\"twitter:data1\" content=\"Viestinta-Peo\" \/>\n\t<meta name=\"twitter:label2\" content=\"Ber\u00e4knad l\u00e4stid\" \/>\n\t<meta name=\"twitter:data2\" content=\"2 minuter\" \/>\n<script type=\"application\/ld+json\" class=\"yoast-schema-graph\">{\"@context\":\"https:\\\/\\\/schema.org\",\"@graph\":[{\"@type\":\"Article\",\"@id\":\"https:\\\/\\\/www.pelastusopisto.fi\\\/sv\\\/uutisia\\\/suomi-lahettaa-kansainvalisen-pelastustoiminnan-asiantuntija-apua-turkkiin\\\/#article\",\"isPartOf\":{\"@id\":\"https:\\\/\\\/www.pelastusopisto.fi\\\/sv\\\/uutisia\\\/suomi-lahettaa-kansainvalisen-pelastustoiminnan-asiantuntija-apua-turkkiin\\\/\"},\"author\":{\"name\":\"Viestinta-Peo\",\"@id\":\"https:\\\/\\\/www.pelastusopisto.fi\\\/sv\\\/#\\\/schema\\\/person\\\/152cef2bb81e815d963aaf12ae9b26eb\"},\"headline\":\"Suomi l\u00e4hett\u00e4\u00e4 kansainv\u00e4lisen pelastustoiminnan asiantuntija-apua Turkkiin\",\"datePublished\":\"2023-02-07T13:24:59+00:00\",\"mainEntityOfPage\":{\"@id\":\"https:\\\/\\\/www.pelastusopisto.fi\\\/sv\\\/uutisia\\\/suomi-lahettaa-kansainvalisen-pelastustoiminnan-asiantuntija-apua-turkkiin\\\/\"},\"wordCount\":305,\"publisher\":{\"@id\":\"https:\\\/\\\/www.pelastusopisto.fi\\\/sv\\\/#organization\"},\"image\":{\"@id\":\"https:\\\/\\\/www.pelastusopisto.fi\\\/sv\\\/uutisia\\\/suomi-lahettaa-kansainvalisen-pelastustoiminnan-asiantuntija-apua-turkkiin\\\/#primaryimage\"},\"thumbnailUrl\":\"https:\\\/\\\/www.pelastusopisto.fi\\\/wp-content\\\/uploads\\\/TAST_Turkki.jpg\",\"articleSection\":[\"Uutisia\"],\"inLanguage\":\"sv-SE\"},{\"@type\":\"WebPage\",\"@id\":\"https:\\\/\\\/www.pelastusopisto.fi\\\/sv\\\/uutisia\\\/suomi-lahettaa-kansainvalisen-pelastustoiminnan-asiantuntija-apua-turkkiin\\\/\",\"url\":\"https:\\\/\\\/www.pelastusopisto.fi\\\/sv\\\/uutisia\\\/suomi-lahettaa-kansainvalisen-pelastustoiminnan-asiantuntija-apua-turkkiin\\\/\",\"name\":\"Suomi l\u00e4hett\u00e4\u00e4 kansainv\u00e4lisen pelastustoiminnan asiantuntija-apua Turkkiin - Pelastusopisto\",\"isPartOf\":{\"@id\":\"https:\\\/\\\/www.pelastusopisto.fi\\\/sv\\\/#website\"},\"primaryImageOfPage\":{\"@id\":\"https:\\\/\\\/www.pelastusopisto.fi\\\/sv\\\/uutisia\\\/suomi-lahettaa-kansainvalisen-pelastustoiminnan-asiantuntija-apua-turkkiin\\\/#primaryimage\"},\"image\":{\"@id\":\"https:\\\/\\\/www.pelastusopisto.fi\\\/sv\\\/uutisia\\\/suomi-lahettaa-kansainvalisen-pelastustoiminnan-asiantuntija-apua-turkkiin\\\/#primaryimage\"},\"thumbnailUrl\":\"https:\\\/\\\/www.pelastusopisto.fi\\\/wp-content\\\/uploads\\\/TAST_Turkki.jpg\",\"datePublished\":\"2023-02-07T13:24:59+00:00\",\"breadcrumb\":{\"@id\":\"https:\\\/\\\/www.pelastusopisto.fi\\\/sv\\\/uutisia\\\/suomi-lahettaa-kansainvalisen-pelastustoiminnan-asiantuntija-apua-turkkiin\\\/#breadcrumb\"},\"inLanguage\":\"sv-SE\",\"potentialAction\":[{\"@type\":\"ReadAction\",\"target\":[\"https:\\\/\\\/www.pelastusopisto.fi\\\/sv\\\/uutisia\\\/suomi-lahettaa-kansainvalisen-pelastustoiminnan-asiantuntija-apua-turkkiin\\\/\"]}]},{\"@type\":\"ImageObject\",\"inLanguage\":\"sv-SE\",\"@id\":\"https:\\\/\\\/www.pelastusopisto.fi\\\/sv\\\/uutisia\\\/suomi-lahettaa-kansainvalisen-pelastustoiminnan-asiantuntija-apua-turkkiin\\\/#primaryimage\",\"url\":\"https:\\\/\\\/www.pelastusopisto.fi\\\/wp-content\\\/uploads\\\/TAST_Turkki.jpg\",\"contentUrl\":\"https:\\\/\\\/www.pelastusopisto.fi\\\/wp-content\\\/uploads\\\/TAST_Turkki.jpg\",\"width\":900,\"height\":600,\"caption\":\"Metallisia laatikoita, joiden kyljess\u00e4 Finn Rescue Teamin logo.\"},{\"@type\":\"BreadcrumbList\",\"@id\":\"https:\\\/\\\/www.pelastusopisto.fi\\\/sv\\\/uutisia\\\/suomi-lahettaa-kansainvalisen-pelastustoiminnan-asiantuntija-apua-turkkiin\\\/#breadcrumb\",\"itemListElement\":[{\"@type\":\"ListItem\",\"position\":1,\"name\":\"Home\",\"item\":\"https:\\\/\\\/www.pelastusopisto.fi\\\/sv\\\/\"},{\"@type\":\"ListItem\",\"position\":2,\"name\":\"Suomi l\u00e4hett\u00e4\u00e4 kansainv\u00e4lisen pelastustoiminnan asiantuntija-apua Turkkiin\"}]},{\"@type\":\"WebSite\",\"@id\":\"https:\\\/\\\/www.pelastusopisto.fi\\\/sv\\\/#website\",\"url\":\"https:\\\/\\\/www.pelastusopisto.fi\\\/sv\\\/\",\"name\":\"Pelastusopisto\",\"description\":\"\",\"publisher\":{\"@id\":\"https:\\\/\\\/www.pelastusopisto.fi\\\/sv\\\/#organization\"},\"potentialAction\":[{\"@type\":\"SearchAction\",\"target\":{\"@type\":\"EntryPoint\",\"urlTemplate\":\"https:\\\/\\\/www.pelastusopisto.fi\\\/sv\\\/?s={search_term_string}\"},\"query-input\":{\"@type\":\"PropertyValueSpecification\",\"valueRequired\":true,\"valueName\":\"search_term_string\"}}],\"inLanguage\":\"sv-SE\"},{\"@type\":\"Organization\",\"@id\":\"https:\\\/\\\/www.pelastusopisto.fi\\\/sv\\\/#organization\",\"name\":\"Pelastusopisto\",\"url\":\"https:\\\/\\\/www.pelastusopisto.fi\\\/sv\\\/\",\"logo\":{\"@type\":\"ImageObject\",\"inLanguage\":\"sv-SE\",\"@id\":\"https:\\\/\\\/www.pelastusopisto.fi\\\/sv\\\/#\\\/schema\\\/logo\\\/image\\\/\",\"url\":\"https:\\\/\\\/www.pelastusopisto.fi\\\/wp-content\\\/uploads\\\/pelastusopisto-logo-net.png\",\"contentUrl\":\"https:\\\/\\\/www.pelastusopisto.fi\\\/wp-content\\\/uploads\\\/pelastusopisto-logo-net.png\",\"width\":387,\"height\":71,\"caption\":\"Pelastusopisto\"},\"image\":{\"@id\":\"https:\\\/\\\/www.pelastusopisto.fi\\\/sv\\\/#\\\/schema\\\/logo\\\/image\\\/\"},\"sameAs\":[\"https:\\\/\\\/www.facebook.com\\\/Pelastusopisto\\\/\",\"https:\\\/\\\/x.com\\\/Pelastusopisto\",\"https:\\\/\\\/www.instagram.com\\\/pelastusopisto\\\/\",\"https:\\\/\\\/fi.linkedin.com\\\/school\\\/pelastusopisto\\\/\",\"https:\\\/\\\/www.youtube.com\\\/channel\\\/UCQjXYneFsnDYnJtZBfr9Ajg\"]},{\"@type\":\"Person\",\"@id\":\"https:\\\/\\\/www.pelastusopisto.fi\\\/sv\\\/#\\\/schema\\\/person\\\/152cef2bb81e815d963aaf12ae9b26eb\",\"name\":\"Viestinta-Peo\",\"url\":\"https:\\\/\\\/www.pelastusopisto.fi\\\/sv\\\/author\\\/viestinta-peo\\\/\"}]}<\/script>\n<!-- \/ Yoast SEO plugin. -->","yoast_head_json":{"title":"Suomi l\u00e4hett\u00e4\u00e4 kansainv\u00e4lisen pelastustoiminnan asiantuntija-apua Turkkiin - Pelastusopisto","robots":{"index":"index","follow":"follow","max-snippet":"max-snippet:-1","max-image-preview":"max-image-preview:large","max-video-preview":"max-video-preview:-1"},"canonical":"https:\/\/www.pelastusopisto.fi\/sv\/uutisia\/suomi-lahettaa-kansainvalisen-pelastustoiminnan-asiantuntija-apua-turkkiin\/","og_locale":"sv_SE","og_type":"article","og_title":"Suomi l\u00e4hett\u00e4\u00e4 kansainv\u00e4lisen pelastustoiminnan asiantuntija-apua Turkkiin - Pelastusopisto","og_description":"Suomi l\u00e4hett\u00e4\u00e4 Turkkiin maanj\u00e4ristysalueelle kolme EUCPT-asiantuntijaa (European Union Civil Protection [&hellip;]","og_url":"https:\/\/www.pelastusopisto.fi\/sv\/uutisia\/suomi-lahettaa-kansainvalisen-pelastustoiminnan-asiantuntija-apua-turkkiin\/","og_site_name":"Pelastusopisto","article_publisher":"https:\/\/www.facebook.com\/Pelastusopisto\/","article_published_time":"2023-02-07T13:24:59+00:00","og_image":[{"width":900,"height":600,"url":"https:\/\/www.pelastusopisto.fi\/wp-content\/uploads\/TAST_Turkki.jpg","type":"image\/jpeg"}],"author":"Viestinta-Peo","twitter_card":"summary_large_image","twitter_creator":"@Pelastusopisto","twitter_site":"@Pelastusopisto","twitter_misc":{"Skriven av":"Viestinta-Peo","Ber\u00e4knad l\u00e4stid":"2 minuter"},"schema":{"@context":"https:\/\/schema.org","@graph":[{"@type":"Article","@id":"https:\/\/www.pelastusopisto.fi\/sv\/uutisia\/suomi-lahettaa-kansainvalisen-pelastustoiminnan-asiantuntija-apua-turkkiin\/#article","isPartOf":{"@id":"https:\/\/www.pelastusopisto.fi\/sv\/uutisia\/suomi-lahettaa-kansainvalisen-pelastustoiminnan-asiantuntija-apua-turkkiin\/"},"author":{"name":"Viestinta-Peo","@id":"https:\/\/www.pelastusopisto.fi\/sv\/#\/schema\/person\/152cef2bb81e815d963aaf12ae9b26eb"},"headline":"Suomi l\u00e4hett\u00e4\u00e4 kansainv\u00e4lisen pelastustoiminnan asiantuntija-apua Turkkiin","datePublished":"2023-02-07T13:24:59+00:00","mainEntityOfPage":{"@id":"https:\/\/www.pelastusopisto.fi\/sv\/uutisia\/suomi-lahettaa-kansainvalisen-pelastustoiminnan-asiantuntija-apua-turkkiin\/"},"wordCount":305,"publisher":{"@id":"https:\/\/www.pelastusopisto.fi\/sv\/#organization"},"image":{"@id":"https:\/\/www.pelastusopisto.fi\/sv\/uutisia\/suomi-lahettaa-kansainvalisen-pelastustoiminnan-asiantuntija-apua-turkkiin\/#primaryimage"},"thumbnailUrl":"https:\/\/www.pelastusopisto.fi\/wp-content\/uploads\/TAST_Turkki.jpg","articleSection":["Uutisia"],"inLanguage":"sv-SE"},{"@type":"WebPage","@id":"https:\/\/www.pelastusopisto.fi\/sv\/uutisia\/suomi-lahettaa-kansainvalisen-pelastustoiminnan-asiantuntija-apua-turkkiin\/","url":"https:\/\/www.pelastusopisto.fi\/sv\/uutisia\/suomi-lahettaa-kansainvalisen-pelastustoiminnan-asiantuntija-apua-turkkiin\/","name":"Suomi l\u00e4hett\u00e4\u00e4 kansainv\u00e4lisen pelastustoiminnan asiantuntija-apua Turkkiin - Pelastusopisto","isPartOf":{"@id":"https:\/\/www.pelastusopisto.fi\/sv\/#website"},"primaryImageOfPage":{"@id":"https:\/\/www.pelastusopisto.fi\/sv\/uutisia\/suomi-lahettaa-kansainvalisen-pelastustoiminnan-asiantuntija-apua-turkkiin\/#primaryimage"},"image":{"@id":"https:\/\/www.pelastusopisto.fi\/sv\/uutisia\/suomi-lahettaa-kansainvalisen-pelastustoiminnan-asiantuntija-apua-turkkiin\/#primaryimage"},"thumbnailUrl":"https:\/\/www.pelastusopisto.fi\/wp-content\/uploads\/TAST_Turkki.jpg","datePublished":"2023-02-07T13:24:59+00:00","breadcrumb":{"@id":"https:\/\/www.pelastusopisto.fi\/sv\/uutisia\/suomi-lahettaa-kansainvalisen-pelastustoiminnan-asiantuntija-apua-turkkiin\/#breadcrumb"},"inLanguage":"sv-SE","potentialAction":[{"@type":"ReadAction","target":["https:\/\/www.pelastusopisto.fi\/sv\/uutisia\/suomi-lahettaa-kansainvalisen-pelastustoiminnan-asiantuntija-apua-turkkiin\/"]}]},{"@type":"ImageObject","inLanguage":"sv-SE","@id":"https:\/\/www.pelastusopisto.fi\/sv\/uutisia\/suomi-lahettaa-kansainvalisen-pelastustoiminnan-asiantuntija-apua-turkkiin\/#primaryimage","url":"https:\/\/www.pelastusopisto.fi\/wp-content\/uploads\/TAST_Turkki.jpg","contentUrl":"https:\/\/www.pelastusopisto.fi\/wp-content\/uploads\/TAST_Turkki.jpg","width":900,"height":600,"caption":"Metallisia laatikoita, joiden kyljess\u00e4 Finn Rescue Teamin logo."},{"@type":"BreadcrumbList","@id":"https:\/\/www.pelastusopisto.fi\/sv\/uutisia\/suomi-lahettaa-kansainvalisen-pelastustoiminnan-asiantuntija-apua-turkkiin\/#breadcrumb","itemListElement":[{"@type":"ListItem","position":1,"name":"Home","item":"https:\/\/www.pelastusopisto.fi\/sv\/"},{"@type":"ListItem","position":2,"name":"Suomi l\u00e4hett\u00e4\u00e4 kansainv\u00e4lisen pelastustoiminnan asiantuntija-apua Turkkiin"}]},{"@type":"WebSite","@id":"https:\/\/www.pelastusopisto.fi\/sv\/#website","url":"https:\/\/www.pelastusopisto.fi\/sv\/","name":"Pelastusopisto","description":"","publisher":{"@id":"https:\/\/www.pelastusopisto.fi\/sv\/#organization"},"potentialAction":[{"@type":"SearchAction","target":{"@type":"EntryPoint","urlTemplate":"https:\/\/www.pelastusopisto.fi\/sv\/?s={search_term_string}"},"query-input":{"@type":"PropertyValueSpecification","valueRequired":true,"valueName":"search_term_string"}}],"inLanguage":"sv-SE"},{"@type":"Organization","@id":"https:\/\/www.pelastusopisto.fi\/sv\/#organization","name":"Pelastusopisto","url":"https:\/\/www.pelastusopisto.fi\/sv\/","logo":{"@type":"ImageObject","inLanguage":"sv-SE","@id":"https:\/\/www.pelastusopisto.fi\/sv\/#\/schema\/logo\/image\/","url":"https:\/\/www.pelastusopisto.fi\/wp-content\/uploads\/pelastusopisto-logo-net.png","contentUrl":"https:\/\/www.pelastusopisto.fi\/wp-content\/uploads\/pelastusopisto-logo-net.png","width":387,"height":71,"caption":"Pelastusopisto"},"image":{"@id":"https:\/\/www.pelastusopisto.fi\/sv\/#\/schema\/logo\/image\/"},"sameAs":["https:\/\/www.facebook.com\/Pelastusopisto\/","https:\/\/x.com\/Pelastusopisto","https:\/\/www.instagram.com\/pelastusopisto\/","https:\/\/fi.linkedin.com\/school\/pelastusopisto\/","https:\/\/www.youtube.com\/channel\/UCQjXYneFsnDYnJtZBfr9Ajg"]},{"@type":"Person","@id":"https:\/\/www.pelastusopisto.fi\/sv\/#\/schema\/person\/152cef2bb81e815d963aaf12ae9b26eb","name":"Viestinta-Peo","url":"https:\/\/www.pelastusopisto.fi\/sv\/author\/viestinta-peo\/"}]}},"featured_image_src":"https:\/\/www.pelastusopisto.fi\/wp-content\/uploads\/TAST_Turkki-600x400.jpg","featured_image_src_square":"https:\/\/www.pelastusopisto.fi\/wp-content\/uploads\/TAST_Turkki-600x600.jpg","author_info":{"display_name":"Viestinta-Peo","author_link":"https:\/\/www.pelastusopisto.fi\/sv\/author\/viestinta-peo\/"},"_links":{"self":[{"href":"https:\/\/www.pelastusopisto.fi\/sv\/wp-json\/wp\/v2\/posts\/54033","targetHints":{"allow":["GET"]}}],"collection":[{"href":"https:\/\/www.pelastusopisto.fi\/sv\/wp-json\/wp\/v2\/posts"}],"about":[{"href":"https:\/\/www.pelastusopisto.fi\/sv\/wp-json\/wp\/v2\/types\/post"}],"author":[{"embeddable":true,"href":"https:\/\/www.pelastusopisto.fi\/sv\/wp-json\/wp\/v2\/users\/103"}],"replies":[{"embeddable":true,"href":"https:\/\/www.pelastusopisto.fi\/sv\/wp-json\/wp\/v2\/comments?post=54033"}],"version-history":[{"count":0,"href":"https:\/\/www.pelastusopisto.fi\/sv\/wp-json\/wp\/v2\/posts\/54033\/revisions"}],"wp:featuredmedia":[{"embeddable":true,"href":"https:\/\/www.pelastusopisto.fi\/sv\/wp-json\/wp\/v2\/media\/33936"}],"wp:attachment":[{"href":"https:\/\/www.pelastusopisto.fi\/sv\/wp-json\/wp\/v2\/media?parent=54033"}],"wp:term":[{"taxonomy":"category","embeddable":true,"href":"https:\/\/www.pelastusopisto.fi\/sv\/wp-json\/wp\/v2\/categories?post=54033"},{"taxonomy":"post_tag","embeddable":true,"href":"https:\/\/www.pelastusopisto.fi\/sv\/wp-json\/wp\/v2\/tags?post=54033"}],"curies":[{"name":"wp","href":"https:\/\/api.w.org\/{rel}","templated":true}]}}