{"id":44902,"date":"2022-11-17T11:44:42","date_gmt":"2022-11-17T09:44:42","guid":{"rendered":"https:\/\/pela.iwn.co\/?p=44902"},"modified":"2025-03-26T16:08:13","modified_gmt":"2025-03-26T14:08:13","slug":"some-pelastaa-sosiaalinen-media-kriisi-ja-onnettomuustilanteiden-johtamisessa","status":"publish","type":"post","link":"https:\/\/www.pelastusopisto.fi\/sv\/tutkimus-ja-kehitys\/hankkeet\/some-pelastaa-sosiaalinen-media-kriisi-ja-onnettomuustilanteiden-johtamisessa\/","title":{"rendered":"SOME PELASTAA \u2013 Sosiaalinen media kriisi- ja onnettomuustilanteiden johtamisessa"},"content":{"rendered":"\n<section id=\"gmc84ea10\" class=\"wp-block-gutentor-m3 alignfull section-gmc84ea10 gutentor-module gutentor-container-cover murut-ja-teksti hanke-breadcrums\"><div class=\"grid-container gutentor-rm-ct-space-d gutentor-rm-ct-space-t gutentor-rm-ct-space\">\n<section id=\"gmf3d7f5e\" class=\"wp-block-gutentor-m4 section-gmf3d7f5e gutentor-module gutentor-advanced-columns\"><div class=\"grid-container\"><div class=\"grid-row\">\n<div id=\"col-gmce8532\" class=\"wp-block-gutentor-m4-col col-gmce8532 gutentor-single-column  grid-lg-12 grid-md-12 grid-12\"><div id=\"section-gmce8532\" class=\"section-gmce8532 gutentor-col-wrap\">\n<section id=\"gffee72\" class=\"wp-block-gutentor-m9 section-gffee72 gutentor-module gutentor-module-form-wrapper\"><div class=\"grid-container gutentor-rm-ct-space-d gutentor-rm-ct-space-t gutentor-rm-ct-space\">\n<div class=\"breadcrumb_section\"><ul id=\"breadcrumbs\" class=\"breadcrumbs\"><li class=\"item-home\"><a class=\"bread-link bread-home\" href=\"https:\/\/www.pelastusopisto.fi\/sv\/\"\n                title=\"Framsida\">Framsida<\/a><\/li><li class=\"separator separator-home\">  <\/li><\/ul><\/div>\n<\/div><\/section>\n<\/div><\/div>\n<\/div><\/div><\/section>\n<\/div><\/section>\n\n\n\n<section id=\"gm587acc4\" class=\"wp-block-gutentor-m3 alignfull section-gm587acc4 gutentor-module gutentor-container-cover has-color-bg has-custom-bg teksti-harmaa\"><div class=\"grid-container\">\n<section id=\"gme780fc3\" class=\"wp-block-gutentor-m3 section-gme780fc3 gutentor-module gutentor-container-cover\"><div class=\"grid-container\">\n<div id=\"section-g126762\" class=\"wp-block-gutentor-e1 section-g126762 gutentor-element gutentor-element-advanced-text\"><div class=\"gutentor-text-wrap\"><h1 class=\"gutentor-text\">SOME PELASTAA \u2013 Sosiaalinen media kriisi- ja onnettomuustilanteiden johtamisessa<\/h1><\/div><\/div>\n<\/div><\/section>\n<\/div><\/section>\n\n\n\n<section id=\"gm5e40f95\" class=\"wp-block-gutentor-m3 alignfull section-gm5e40f95 gutentor-module gutentor-container-cover has-color-bg has-custom-bg teksti-harmaa\"><div class=\"grid-container\">\n<section id=\"gm5f5af65\" class=\"wp-block-gutentor-m4 section-gm5f5af65 gutentor-module gutentor-advanced-columns hanke-gold-cover\"><div class=\"grid-container\"><div class=\"grid-row\">\n<div id=\"col-gm67bbdf\" class=\"wp-block-gutentor-m4-col col-gm67bbdf gutentor-single-column  grid-lg-12 grid-md-12 grid-12 hanke-table\"><div id=\"section-gm67bbdf\" class=\"section-gm67bbdf gutentor-col-wrap\">\n<div class=\"wp-block-columns is-layout-flex wp-container-core-columns-is-layout-9d6595d7 wp-block-columns-is-layout-flex\">\n<div class=\"wp-block-column hanke-gold-box has-background is-layout-flow wp-block-column-is-layout-flow\" style=\"background-color:#e2dab3\">\n<figure class=\"wp-block-table\"><table class=\"has-fixed-layout\"><tbody><tr><td><strong>Hankkeen kesto:<\/strong><\/td><td>1.8.2022\u201331.8.2023<\/td><\/tr><tr><td><strong>Hankkeen rahoitus:<\/strong><\/td><td>Valtioneuvosto<\/td><\/tr><tr><td><strong>Hankkeen koordinointi:<\/strong><\/td><td>Vaasan yliopisto<\/td><\/tr><tr><td><strong>Hankekonsortio:<\/strong>&nbsp;<\/td><td>Vaasan yliopisto, Pelastusopisto ja Poliisiammattikorkeakoulu<\/td><\/tr><\/tbody><\/table><\/figure>\n<\/div>\n<\/div>\n<\/div><\/div>\n<\/div><\/div><\/section>\n<\/div><\/section>\n\n\n\n<section id=\"gmfbdc3cb\" class=\"wp-block-gutentor-m3 alignfull section-gmfbdc3cb gutentor-module gutentor-container-cover has-color-bg has-custom-bg teksti-harmaa\"><div class=\"grid-container\">\n<section id=\"gmb63db72\" class=\"wp-block-gutentor-m3 alignfull section-gmb63db72 gutentor-module gutentor-container-cover has-color-bg has-custom-bg hanke-kuva-cover\"><div class=\"grid-container\"><div class=\"wp-block-image hanke-article-image\">\n<figure class=\"aligncenter\"><img loading=\"lazy\" decoding=\"async\" width=\"1200\" height=\"800\" src=\"https:\/\/www.pelastusopisto.fi\/wp-content\/uploads\/SomePelastaa.jpg\" alt=\"\" class=\"wp-image-53248\" srcset=\"https:\/\/www.pelastusopisto.fi\/wp-content\/uploads\/SomePelastaa.jpg 1200w, https:\/\/www.pelastusopisto.fi\/wp-content\/uploads\/SomePelastaa-300x200.jpg 300w, https:\/\/www.pelastusopisto.fi\/wp-content\/uploads\/SomePelastaa-1024x683.jpg 1024w, https:\/\/www.pelastusopisto.fi\/wp-content\/uploads\/SomePelastaa-768x512.jpg 768w, https:\/\/www.pelastusopisto.fi\/wp-content\/uploads\/SomePelastaa-480x320.jpg 480w, https:\/\/www.pelastusopisto.fi\/wp-content\/uploads\/SomePelastaa-600x400.jpg 600w\" sizes=\"auto, (max-width: 1200px) 100vw, 1200px\" \/><\/figure>\n<\/div><\/div><\/section>\n<\/div><\/section>\n\n\n\n<section id=\"gm2ccfa4a\" class=\"wp-block-gutentor-m3 alignfull section-gm2ccfa4a gutentor-module gutentor-container-cover has-color-bg has-custom-bg teksti-valkea\"><div class=\"grid-container\">\n<section id=\"gm1677862\" class=\"wp-block-gutentor-m4 section-gm1677862 gutentor-module gutentor-advanced-columns\"><div class=\"grid-container\"><div class=\"grid-row\">\n<div id=\"col-gm2b4c81\" class=\"wp-block-gutentor-m4-col col-gm2b4c81 gutentor-single-column  grid-lg-12 grid-md-12 grid-12\"><div id=\"section-gm2b4c81\" class=\"section-gm2b4c81 gutentor-col-wrap\">\n<div id=\"section-gd81788\" class=\"wp-block-gutentor-e1 section-gd81788 gutentor-element gutentor-element-advanced-text\"><div class=\"gutentor-text-wrap\"><h2 class=\"gutentor-text\">Hankkeen kuvaus<\/h2><\/div><\/div>\n\n\n\n<div id=\"section-gaf7c68\" class=\"wp-block-gutentor-e0 section-gaf7c68 gutentor-element gutentor-element-advanced-text\"><div class=\"gutentor-text-wrap\"><p class=\"gutentor-text\">T\u00e4m\u00e4n p\u00e4iv\u00e4n tiivistahtinen ja hybridi mediaekosysteemi asettaa viranomaisviestinn\u00e4lle uusia vaatimuksia. Toimivan viestinn\u00e4n merkitys korostuu erilaisissa kriisi- ja onnettomuustilanteissa, joissa tiedon tarve on valtava ja luottamuksen vahvistaminen julkishallintoa kohtaan tulee entist\u00e4kin t\u00e4rke\u00e4mm\u00e4ksi. Luotettavaa tietoa on kyett\u00e4v\u00e4 muodostamaan ja jakamaan aikaisempaa nopeammin.<br><br>Sosiaalinen media yht\u00e4\u00e4lt\u00e4 haastaa mutta toisaalta tuo viranomaiselle my\u00f6s monia mahdollisuuksia. Se tarjoaa suoran yhteyden eri sidos- ja kohderyhmiin sek\u00e4 auttaa p\u00e4\u00e4t\u00f6ksentekoa tukevan tilannekuvan rakentamisessa. Kriisiajan viranomaisviestinn\u00e4ll\u00e4 on lis\u00e4ksi yhteiskunnallista luottamusta rakentava ulottuvuutensa. Parhaimmillaan seurauksena on kollektiivista toimijuutta, joka tukee yhteiskunnan muutosherkkyytt\u00e4 ja toimintakyky\u00e4 muuttuvissa tilanteissa.<br><br>Suomesta puuttuu kattavan tutkimuksen avulla tuotettu kokonaisn\u00e4kym\u00e4 siihen, kuinka eri viranomaisissa on hy\u00f6dynnetty ja voitaisiin hy\u00f6dynt\u00e4\u00e4 sosiaalista mediaa suuronnettomuustilanteissa. SOME PELASTAA -tutkimushankkeen tarkoituksena onkin luoda katsaus sosiaalisen median k\u00e4ytt\u00f6\u00f6n viranomaisten poikkeustilanneviestinn\u00e4ss\u00e4 liittyv\u00e4\u00e4n ajankohtaiseen tutkimukseen sek\u00e4 tarkastella monimenetelm\u00e4llisesti sosiaalisen median hy\u00f6dynt\u00e4mist\u00e4 suomalaisissa ja kansainv\u00e4lisiss\u00e4 kriisi- ja onnettomuustilanteissa.<br><br><strong>Hankkeen loppuraportti julkaistiin 1.9.2023<\/strong>. Lue uutinen ja lataa raportti <a href=\"https:\/\/www.pelastusopisto.fi\/uutisia\/raportti-sosiaalista-mediaa-tulee-hyodyntaa-suunnitelmallisesti-viranomaisten-kriisi-ja-onnettomuusviestinnassa\/\">t\u00e4\u00e4lt\u00e4.<\/a><\/p><\/div><\/div>\n<\/div><\/div>\n<\/div><\/div><\/section>\n<\/div><\/section>\n\n\n\n<section id=\"gmcecee9d\" class=\"wp-block-gutentor-m3 alignfull section-gmcecee9d gutentor-module gutentor-container-cover has-color-bg has-custom-bg teksti-harmaa\"><div class=\"grid-container\">\n<section id=\"gmb68bf23\" class=\"wp-block-gutentor-m4 section-gmb68bf23 gutentor-module gutentor-advanced-columns\"><div class=\"grid-container\"><div class=\"grid-row\">\n<div id=\"col-gmb6dc8b\" class=\"wp-block-gutentor-m4-col col-gmb6dc8b gutentor-single-column  grid-lg-12 grid-md-12 grid-12\"><div id=\"section-gmb6dc8b\" class=\"section-gmb6dc8b gutentor-col-wrap\">\n<div id=\"section-gadc705\" class=\"wp-block-gutentor-e1 section-gadc705 gutentor-element gutentor-element-advanced-text\"><div class=\"gutentor-text-wrap\"><h2 class=\"gutentor-text\">Hankkeen tavoitteet<\/h2><\/div><\/div>\n\n\n\n<div id=\"section-g1558a7\" class=\"wp-block-gutentor-e0 section-g1558a7 gutentor-element gutentor-element-advanced-text\"><div class=\"gutentor-text-wrap\"><p class=\"gutentor-text\">Tavoitteena on selvitt\u00e4\u00e4, miten sosiaalista mediaa voidaan hy\u00f6dynt\u00e4\u00e4 suuronnettomuksiin liittyv\u00e4ss\u00e4 viestinn\u00e4ss\u00e4 ja t\u00e4t\u00e4 tukevassa kriisi- ja onnettomuusjohtamisty\u00f6ss\u00e4. L\u00e4ht\u00f6kohtana on ajatus siit\u00e4, ett\u00e4 tutkitun tiedon avulla viranomaisissa voidaan omaksua uusia toimivia ratkaisuja sosiaalisen median hy\u00f6dynt\u00e4miseen sek\u00e4 jatkossa varautua poikkeustilanteiden viestint\u00e4\u00e4n entist\u00e4 vahvemmin my\u00f6s sosiaalisen median mahdollisuuksien ja riskien n\u00e4k\u00f6kulmasta.<br><br>Hankkeessa tuotetaan kirjallisuuskatsaus ajankohtaiseen tutkimukseen, kartoitetaan kansainv\u00e4listen ja kansallisten tapausesimerkkien analyysin avulla hyvi\u00e4 k\u00e4yt\u00e4nt\u00f6j\u00e4 sek\u00e4 annetaan suosituksia sosiaalisessa mediassa toteutettavaan viranomaisviestint\u00e4\u00e4n. Hankkeen tuloksena syntyy uutta ymm\u00e4rryst\u00e4 sosiaalisen median hy\u00f6dynt\u00e4misest\u00e4 kriisi- ja onnettomuustilanteissa. Erityist\u00e4 huomiota kiinnitet\u00e4\u00e4n niihin kyvykkyyksiin, osaamisiin ja toimintavalmiuksiin, joita eri viranomaisilla tulisi muuttuvassa informaatioymp\u00e4rist\u00f6ss\u00e4 olla.<\/p><\/div><\/div>\n<\/div><\/div>\n<\/div><\/div><\/section>\n<\/div><\/section>\n\n\n\n<section id=\"gm0aaf6f9\" class=\"wp-block-gutentor-m3 alignfull section-gm0aaf6f9 gutentor-module gutentor-container-cover has-color-bg has-custom-bg teksti-harmaa\"><div class=\"grid-container\">\n<section id=\"gm489ce95\" class=\"wp-block-gutentor-m4 section-gm489ce95 gutentor-module gutentor-advanced-columns\"><div class=\"grid-container\"><div class=\"grid-row\">\n<div id=\"col-gmc05552\" class=\"wp-block-gutentor-m4-col col-gmc05552 gutentor-single-column  grid-lg-12 grid-md-12 grid-12\"><div id=\"section-gmc05552\" class=\"section-gmc05552 gutentor-col-wrap\">\n<div id=\"section-g851ba5\" class=\"wp-block-gutentor-e1 section-g851ba5 gutentor-element gutentor-element-advanced-text\"><div class=\"gutentor-text-wrap\"><h2 class=\"gutentor-text\">Lis\u00e4tietoja<\/h2><\/div><\/div>\n\n\n\n<div id=\"section-g86d47e\" class=\"wp-block-gutentor-e0 section-g86d47e gutentor-element gutentor-element-advanced-text\"><div class=\"gutentor-text-wrap\"><p class=\"gutentor-text\"><strong>Aino Harinen<\/strong><br>Tutkija<br><br><strong>Mimmi Tolvanen<\/strong><br>Tutkimusjohtaja<br>029 545 3409<br>etunimi.sukunimi@pelastusopisto.fi<\/p><\/div><\/div>\n\n\n\n<p>Lue hankkeen esittely Valtioneuvoston selvitys- ja tutkimustoiminnan verkkosivustolla (tietokayttoon.fi)<\/p>\n\n\n\n<div id=\"section-g9590b7\" class=\"wp-block-gutentor-e2 section-g9590b7 gutentor-element gutentor-element-button\"><span class=\"gutentor-button-wrap\"><a class=\"gutentor-button gutentor-block-button gutentor-icon-before\" href=\"https:\/\/tietokayttoon.fi\/-\/some-pelastaa-sosiaalinen-media-kriisi-ja-onnettomuustilanteiden-johtamisessa-sopu-?inheritRedirect=true&amp;redirect=https%3A%2F%2Ftietokayttoon.fi%2Fajankohtaista%2Fblogi%2F-%2Fblogs%2Fsosiaalinen-media-haastaa-viranomaisviestintaa\" target=\"_blank\" rel=\" noopener noreferrer\"><i class=\"gutentor-button-icon fas fa-chevron-right\"><\/i><span><strong>Hankkeen esittely<\/strong> <strong>(tietokayttoon.fi)<\/strong><\/span><\/a><\/span><\/div>\n\n\n\n<p><strong>Hankkeen loppuraportti julkaistiin 1.9.2023<\/strong>. Lue uutinen ja lataa raportti <a href=\"https:\/\/www.pelastusopisto.fi\/uutisia\/raportti-sosiaalista-mediaa-tulee-hyodyntaa-suunnitelmallisesti-viranomaisten-kriisi-ja-onnettomuusviestinnassa\/\">t\u00e4\u00e4lt\u00e4.<\/a><\/p>\n\n\n\n<p>Hankkeen toinen Policy Brief -katsaus &#8221;Nopeammin, ymm\u00e4rrett\u00e4v\u00e4mmin, luotettavammin: sosiaalinen media viranomaisten kriisi- ja onnettomuusviestinn\u00e4ss\u00e4&#8221; julkaistiin 25.8.2023. <\/p>\n\n\n\n<div id=\"section-g7a6637\" class=\"wp-block-gutentor-e2 section-g7a6637 gutentor-element gutentor-element-button\"><span class=\"gutentor-button-wrap\"><a class=\"gutentor-button gutentor-block-button gutentor-icon-before\" href=\"https:\/\/tietokayttoon.fi\/documents\/113169639\/113170760\/28-2023-Sosiaalinen+media+viranomaisten+kriisi-+ja+onnettomuusviestinn%C3%A4ss%C3%A4.pdf\/fa9c8054-6cea-32d2-055b-820d703ee3c0\/28-2023-Sosiaalinen+media+viranomaisten+kriisi-+ja+onnettomuusviestinn%C3%A4ss%C3%A4.pdf?version=1.0&amp;t=1692944460552\" target=\"_blank\" rel=\" noopener noreferrer\"><i class=\"gutentor-button-icon fas fa-chevron-right\"><\/i><span><strong>Lataa Policy Brief -julkaisu t\u00e4st\u00e4 linkist\u00e4 (tietokayttoon.fi)<\/strong><\/span><\/a><\/span><\/div>\n\n\n\n<p>Hankkeen ensimm\u00e4inen Policy Brief -katsaus &#8221;SOME onnettomuusviestinn\u00e4ss\u00e4: Strategiaa, osallisuutta, monikanavaisuutta ja ennakointia&#8221; julkaistiin 9.1.2023. <a href=\"https:\/\/www.pelastusopisto.fi\/some-pelastaa-hankkeen-katsaus-some-tukee-kriisi-ja-onnettomuustilanteiden-johtamista\/\" target=\"_blank\" rel=\"noreferrer noopener\">Lue Pelastusopiston uutinen t\u00e4st\u00e4 linkist\u00e4 (verkkosivu) \u00bb.<\/a><\/p>\n\n\n\n<div id=\"section-g1460f1\" class=\"wp-block-gutentor-e2 section-g1460f1 gutentor-element gutentor-element-button\"><span class=\"gutentor-button-wrap\"><a class=\"gutentor-button gutentor-block-button gutentor-icon-before\" href=\"https:\/\/tietokayttoon.fi\/julkaisu?pubid=43101\" target=\"_blank\" rel=\" noopener noreferrer\"><i class=\"gutentor-button-icon fas fa-chevron-right\"><\/i><span><strong>Lataa Policy Brief -julkaisu t\u00e4st\u00e4 linkist\u00e4 (tietokayttoon.fi)<\/strong><\/span><\/a><\/span><\/div>\n\n\n\n<p>Lue hankkeen toteuttajien kuudes blogikirjoitus &#8221;Sosiaalisessa mediassa sananvapauden turvaaminen on yhteinen teht\u00e4v\u00e4 (Rantam\u00e4ki, Aino; Harinen Aino; Jalonen Harri, 25.8.2023.)<\/p>\n\n\n\n<div id=\"section-g3bf4aa\" class=\"wp-block-gutentor-e2 section-g3bf4aa gutentor-element gutentor-element-button\"><span class=\"gutentor-button-wrap\"><a class=\"gutentor-button gutentor-block-button gutentor-icon-before\" href=\"https:\/\/tietokayttoon.fi\/ajankohtaista\/blogi\/-\/blogs\/sosiaalisessa-mediassa-sananvapauden-turvaaminen-on-yhteinen-tehtava\" target=\"_blank\" rel=\" noopener noreferrer\"><i class=\"gutentor-button-icon fas fa-chevron-right\"><\/i><span><strong>Sosiaalisessa mediassa sananvapauden turvaaminen on yhteinen teht\u00e4v\u00e4 (tietokayttoon.fi)<\/strong><\/span><\/a><\/span><\/div>\n\n\n\n<p>Lue hankkeen toteuttajien viides blogikirjoitus &#8221;Somevaikuttajista kumppani viranomaisten kriisiviestint\u00e4\u00e4n?&#8221; (Jukarainen Pirjo; Harinen Aino; Salminen-Hiltunen Tuire; Rantam\u00e4ki Aino, 17.8.2023.)<\/p>\n\n\n\n<div id=\"section-gda908d\" class=\"wp-block-gutentor-e2 section-gda908d gutentor-element gutentor-element-button\"><span class=\"gutentor-button-wrap\"><a class=\"gutentor-button gutentor-block-button gutentor-icon-before\" href=\"https:\/\/tietokayttoon.fi\/ajankohtaista\/blogi\/-\/blogs\/somevaikuttajista-kumppani-viranomaisten-kriisiviestintaan-\" target=\"_blank\" rel=\" noopener noreferrer\"><i class=\"gutentor-button-icon fas fa-chevron-right\"><\/i><span><strong>Somevaikuttajista kumppani viranomaisten kriisiviestint\u00e4\u00e4n? (tietokayttoon.fi)<\/strong><\/span><\/a><\/span><\/div>\n\n\n\n<p>Lue hankkeen toteuttajien nelj\u00e4s blogikirjoitus &#8221;Teko\u00e4ly viranomaisten kriisijohtamisessa ja -viestinn\u00e4ss\u00e4 &#8211; uhka vai mahdollisuus?&#8221; (Harinen, Aino; Jalonen Harri; Rantam\u00e4ki Aino; Niemi, Tomi, 21.4.2023.)<\/p>\n\n\n\n<div id=\"section-g45d359\" class=\"wp-block-gutentor-e2 section-g45d359 gutentor-element gutentor-element-button\"><span class=\"gutentor-button-wrap\"><a class=\"gutentor-button gutentor-block-button gutentor-icon-before\" href=\"https:\/\/tietokayttoon.fi\/ajankohtaista\/blogi\/-\/blogs\/teko-ly-viranomaisten-kriisijohtamisessa-ja-viestinn-ss-uhka-vai-mahdollisuus-\" target=\"_blank\" rel=\" noopener noreferrer\"><i class=\"gutentor-button-icon fas fa-chevron-right\"><\/i><span><strong>Teko\u00e4ly viranomaisten kriisijohtamisessa ja -viestinn\u00e4ss\u00e4: uhka vai mahdollisuus? (tietokayttoon.fi)<\/strong><\/span><\/a><\/span><\/div>\n\n\n\n<p>Lue hankkeen toteuttajien kolmas blogikirjoitus &#8221;Malinformaatioon vastataan tehokkaimmin sen omassa elinymp\u00e4rist\u00f6ss\u00e4&#8221; (Rantam\u00e4ki, Aino; Puustinen, Alisa; Harinen, Aino, 31.3.2023.)<\/p>\n\n\n\n<div id=\"section-g807d78\" class=\"wp-block-gutentor-e2 section-g807d78 gutentor-element gutentor-element-button\"><span class=\"gutentor-button-wrap\"><a class=\"gutentor-button gutentor-block-button gutentor-icon-before\" href=\"https:\/\/tietokayttoon.fi\/ajankohtaista\/blogi\/-\/blogs\/malinformaatioon-vastataan-tehokkaimmin-sen-omassa-elinymparistossa\" target=\"_blank\" rel=\" noopener noreferrer\"><i class=\"gutentor-button-icon fas fa-chevron-right\"><\/i><span><strong>Malinformaatioon vastataan tehokkaimmin sen omassa elinymp\u00e4rist\u00f6ss\u00e4 (tietokayttoon.fi)<\/strong><\/span><\/a><\/span><\/div>\n\n\n\n<p>Lue hankkeen toteuttajien toinen blogikirjoitus &#8221;Sosiaalinen media vaatii viranomaisilta ennakointia&#8221; (Jalonen, Harri; Jukarainen, Pirjo; Puustinen, Alisa; Harinen, Aino; Salmi-Hiltunen Tuire, 20.12.2022.)<\/p>\n\n\n\n<div id=\"section-g03a1f6\" class=\"wp-block-gutentor-e2 section-g03a1f6 gutentor-element gutentor-element-button\"><span class=\"gutentor-button-wrap\"><a class=\"gutentor-button gutentor-block-button gutentor-icon-before\" href=\"https:\/\/tietokayttoon.fi\/ajankohtaista\/blogi\/-\/blogs\/sosiaalinen-media-vaatii-viranomaisilta-ennakointia\" target=\"_blank\" rel=\" noopener noreferrer\"><i class=\"gutentor-button-icon fas fa-chevron-right\"><\/i><span><strong>Sosiaalinen media vaatii viranomaisilta ennakointia <\/strong><strong>(tietokayttoon.fi)<\/strong><\/span><\/a><\/span><\/div>\n\n\n\n<p>Lue hankkeen toteuttajien ensimm\u00e4inen blogikirjoitus \u201dSosiaalinen media haastaa viranomaisviestint\u00e4\u00e4\u201d<br>(Jalonen, Harri; Jukarainen, Pirjo; Puustinen, Alisa, 24.8.2022.)<\/p>\n\n\n\n<div id=\"section-g7052bb\" class=\"wp-block-gutentor-e2 section-g7052bb gutentor-element gutentor-element-button\"><span class=\"gutentor-button-wrap\"><a class=\"gutentor-button gutentor-block-button gutentor-icon-before\" href=\"https:\/\/tietokayttoon.fi\/ajankohtaista\/blogi\/-\/blogs\/sosiaalinen-media-haastaa-viranomaisviestintaa\" target=\"_blank\" rel=\" noopener noreferrer\"><i class=\"gutentor-button-icon fas fa-chevron-right\"><\/i><span><strong>Sosiaalinen media haastaa viranomaisviestint\u00e4\u00e4<\/strong> <strong>(tietokayttoon.fi)<\/strong><\/span><\/a><\/span><\/div>\n<\/div><\/div>\n<\/div><\/div><\/section>\n<\/div><\/section>\n","protected":false},"excerpt":{"rendered":"","protected":false},"author":1,"featured_media":53248,"comment_status":"closed","ping_status":"closed","sticky":false,"template":"","format":"standard","meta":{"_acf_changed":false,"_genesis_hide_title":false,"_genesis_hide_breadcrumbs":false,"_genesis_hide_singular_image":false,"_genesis_hide_footer_widgets":false,"_genesis_custom_body_class":"","_genesis_custom_post_class":"","_genesis_layout":"","footnotes":""},"categories":[182],"tags":[225],"class_list":{"0":"post-44902","1":"post","2":"type-post","3":"status-publish","4":"format-standard","5":"has-post-thumbnail","7":"category-hankkeet","8":"tag-valtioneuvoston-selvitys-ja-tutkimustoiminta-vnteas","9":"entry"},"acf":[],"gutentor_comment":0,"yoast_head":"<!-- This site is optimized with the Yoast SEO plugin v27.5 - https:\/\/yoast.com\/product\/yoast-seo-wordpress\/ -->\n<title>SOME PELASTAA \u2013 Sosiaalinen media kriisi- ja onnettomuustilanteiden johtamisessa - Pelastusopisto<\/title>\n<meta name=\"robots\" content=\"index, follow, max-snippet:-1, max-image-preview:large, max-video-preview:-1\" \/>\n<link rel=\"canonical\" href=\"https:\/\/www.pelastusopisto.fi\/sv\/tutkimus-ja-kehitys\/hankkeet\/some-pelastaa-sosiaalinen-media-kriisi-ja-onnettomuustilanteiden-johtamisessa\/\" \/>\n<meta property=\"og:locale\" content=\"sv_SE\" \/>\n<meta property=\"og:type\" content=\"article\" \/>\n<meta property=\"og:title\" content=\"SOME PELASTAA \u2013 Sosiaalinen media kriisi- ja onnettomuustilanteiden johtamisessa - Pelastusopisto\" \/>\n<meta property=\"og:url\" content=\"https:\/\/www.pelastusopisto.fi\/sv\/tutkimus-ja-kehitys\/hankkeet\/some-pelastaa-sosiaalinen-media-kriisi-ja-onnettomuustilanteiden-johtamisessa\/\" \/>\n<meta property=\"og:site_name\" content=\"Pelastusopisto\" \/>\n<meta property=\"article:publisher\" content=\"https:\/\/www.facebook.com\/Pelastusopisto\/\" \/>\n<meta property=\"article:published_time\" content=\"2022-11-17T09:44:42+00:00\" \/>\n<meta property=\"article:modified_time\" content=\"2025-03-26T14:08:13+00:00\" \/>\n<meta property=\"og:image\" content=\"https:\/\/www.pelastusopisto.fi\/wp-content\/uploads\/SomePelastaa.jpg\" \/>\n\t<meta property=\"og:image:width\" content=\"1200\" \/>\n\t<meta property=\"og:image:height\" content=\"800\" \/>\n\t<meta property=\"og:image:type\" content=\"image\/jpeg\" \/>\n<meta name=\"author\" content=\"popisto_yllapito\" \/>\n<meta name=\"twitter:card\" content=\"summary_large_image\" \/>\n<meta name=\"twitter:creator\" content=\"@Pelastusopisto\" \/>\n<meta name=\"twitter:site\" content=\"@Pelastusopisto\" \/>\n<meta name=\"twitter:label1\" content=\"Skriven av\" \/>\n\t<meta name=\"twitter:data1\" content=\"popisto_yllapito\" \/>\n\t<meta name=\"twitter:label2\" content=\"Ber\u00e4knad l\u00e4stid\" \/>\n\t<meta name=\"twitter:data2\" content=\"4 minuter\" \/>\n<script type=\"application\/ld+json\" class=\"yoast-schema-graph\">{\"@context\":\"https:\\\/\\\/schema.org\",\"@graph\":[{\"@type\":\"Article\",\"@id\":\"https:\\\/\\\/www.pelastusopisto.fi\\\/sv\\\/tutkimus-ja-kehitys\\\/hankkeet\\\/some-pelastaa-sosiaalinen-media-kriisi-ja-onnettomuustilanteiden-johtamisessa\\\/#article\",\"isPartOf\":{\"@id\":\"https:\\\/\\\/www.pelastusopisto.fi\\\/sv\\\/tutkimus-ja-kehitys\\\/hankkeet\\\/some-pelastaa-sosiaalinen-media-kriisi-ja-onnettomuustilanteiden-johtamisessa\\\/\"},\"author\":{\"name\":\"popisto_yllapito\",\"@id\":\"https:\\\/\\\/www.pelastusopisto.fi\\\/sv\\\/#\\\/schema\\\/person\\\/f0f87f2c02d73ce7ab56bc87059a53bf\"},\"headline\":\"SOME PELASTAA \u2013 Sosiaalinen media kriisi- ja onnettomuustilanteiden johtamisessa\",\"datePublished\":\"2022-11-17T09:44:42+00:00\",\"dateModified\":\"2025-03-26T14:08:13+00:00\",\"mainEntityOfPage\":{\"@id\":\"https:\\\/\\\/www.pelastusopisto.fi\\\/sv\\\/tutkimus-ja-kehitys\\\/hankkeet\\\/some-pelastaa-sosiaalinen-media-kriisi-ja-onnettomuustilanteiden-johtamisessa\\\/\"},\"wordCount\":594,\"publisher\":{\"@id\":\"https:\\\/\\\/www.pelastusopisto.fi\\\/sv\\\/#organization\"},\"image\":{\"@id\":\"https:\\\/\\\/www.pelastusopisto.fi\\\/sv\\\/tutkimus-ja-kehitys\\\/hankkeet\\\/some-pelastaa-sosiaalinen-media-kriisi-ja-onnettomuustilanteiden-johtamisessa\\\/#primaryimage\"},\"thumbnailUrl\":\"https:\\\/\\\/www.pelastusopisto.fi\\\/wp-content\\\/uploads\\\/SomePelastaa.jpg\",\"keywords\":[\"Valtioneuvoston selvitys- ja tutkimustoiminta (VNTEAS)\"],\"articleSection\":[\"Hankkeet\"],\"inLanguage\":\"sv-SE\"},{\"@type\":\"WebPage\",\"@id\":\"https:\\\/\\\/www.pelastusopisto.fi\\\/sv\\\/tutkimus-ja-kehitys\\\/hankkeet\\\/some-pelastaa-sosiaalinen-media-kriisi-ja-onnettomuustilanteiden-johtamisessa\\\/\",\"url\":\"https:\\\/\\\/www.pelastusopisto.fi\\\/sv\\\/tutkimus-ja-kehitys\\\/hankkeet\\\/some-pelastaa-sosiaalinen-media-kriisi-ja-onnettomuustilanteiden-johtamisessa\\\/\",\"name\":\"SOME PELASTAA \u2013 Sosiaalinen media kriisi- ja onnettomuustilanteiden johtamisessa - Pelastusopisto\",\"isPartOf\":{\"@id\":\"https:\\\/\\\/www.pelastusopisto.fi\\\/sv\\\/#website\"},\"primaryImageOfPage\":{\"@id\":\"https:\\\/\\\/www.pelastusopisto.fi\\\/sv\\\/tutkimus-ja-kehitys\\\/hankkeet\\\/some-pelastaa-sosiaalinen-media-kriisi-ja-onnettomuustilanteiden-johtamisessa\\\/#primaryimage\"},\"image\":{\"@id\":\"https:\\\/\\\/www.pelastusopisto.fi\\\/sv\\\/tutkimus-ja-kehitys\\\/hankkeet\\\/some-pelastaa-sosiaalinen-media-kriisi-ja-onnettomuustilanteiden-johtamisessa\\\/#primaryimage\"},\"thumbnailUrl\":\"https:\\\/\\\/www.pelastusopisto.fi\\\/wp-content\\\/uploads\\\/SomePelastaa.jpg\",\"datePublished\":\"2022-11-17T09:44:42+00:00\",\"dateModified\":\"2025-03-26T14:08:13+00:00\",\"breadcrumb\":{\"@id\":\"https:\\\/\\\/www.pelastusopisto.fi\\\/sv\\\/tutkimus-ja-kehitys\\\/hankkeet\\\/some-pelastaa-sosiaalinen-media-kriisi-ja-onnettomuustilanteiden-johtamisessa\\\/#breadcrumb\"},\"inLanguage\":\"sv-SE\",\"potentialAction\":[{\"@type\":\"ReadAction\",\"target\":[\"https:\\\/\\\/www.pelastusopisto.fi\\\/sv\\\/tutkimus-ja-kehitys\\\/hankkeet\\\/some-pelastaa-sosiaalinen-media-kriisi-ja-onnettomuustilanteiden-johtamisessa\\\/\"]}]},{\"@type\":\"ImageObject\",\"inLanguage\":\"sv-SE\",\"@id\":\"https:\\\/\\\/www.pelastusopisto.fi\\\/sv\\\/tutkimus-ja-kehitys\\\/hankkeet\\\/some-pelastaa-sosiaalinen-media-kriisi-ja-onnettomuustilanteiden-johtamisessa\\\/#primaryimage\",\"url\":\"https:\\\/\\\/www.pelastusopisto.fi\\\/wp-content\\\/uploads\\\/SomePelastaa.jpg\",\"contentUrl\":\"https:\\\/\\\/www.pelastusopisto.fi\\\/wp-content\\\/uploads\\\/SomePelastaa.jpg\",\"width\":1200,\"height\":800,\"caption\":\"Puhelimen n\u00e4ytt\u00f6, jossa Instagramin, Facebookin ja Twitterin kuvakkeet.\"},{\"@type\":\"BreadcrumbList\",\"@id\":\"https:\\\/\\\/www.pelastusopisto.fi\\\/sv\\\/tutkimus-ja-kehitys\\\/hankkeet\\\/some-pelastaa-sosiaalinen-media-kriisi-ja-onnettomuustilanteiden-johtamisessa\\\/#breadcrumb\",\"itemListElement\":[{\"@type\":\"ListItem\",\"position\":1,\"name\":\"Home\",\"item\":\"https:\\\/\\\/www.pelastusopisto.fi\\\/sv\\\/\"},{\"@type\":\"ListItem\",\"position\":2,\"name\":\"SOME PELASTAA \u2013 Sosiaalinen media kriisi- ja onnettomuustilanteiden johtamisessa\"}]},{\"@type\":\"WebSite\",\"@id\":\"https:\\\/\\\/www.pelastusopisto.fi\\\/sv\\\/#website\",\"url\":\"https:\\\/\\\/www.pelastusopisto.fi\\\/sv\\\/\",\"name\":\"Pelastusopisto\",\"description\":\"\",\"publisher\":{\"@id\":\"https:\\\/\\\/www.pelastusopisto.fi\\\/sv\\\/#organization\"},\"potentialAction\":[{\"@type\":\"SearchAction\",\"target\":{\"@type\":\"EntryPoint\",\"urlTemplate\":\"https:\\\/\\\/www.pelastusopisto.fi\\\/sv\\\/?s={search_term_string}\"},\"query-input\":{\"@type\":\"PropertyValueSpecification\",\"valueRequired\":true,\"valueName\":\"search_term_string\"}}],\"inLanguage\":\"sv-SE\"},{\"@type\":\"Organization\",\"@id\":\"https:\\\/\\\/www.pelastusopisto.fi\\\/sv\\\/#organization\",\"name\":\"Pelastusopisto\",\"url\":\"https:\\\/\\\/www.pelastusopisto.fi\\\/sv\\\/\",\"logo\":{\"@type\":\"ImageObject\",\"inLanguage\":\"sv-SE\",\"@id\":\"https:\\\/\\\/www.pelastusopisto.fi\\\/sv\\\/#\\\/schema\\\/logo\\\/image\\\/\",\"url\":\"https:\\\/\\\/www.pelastusopisto.fi\\\/wp-content\\\/uploads\\\/pelastusopisto-logo-net.png\",\"contentUrl\":\"https:\\\/\\\/www.pelastusopisto.fi\\\/wp-content\\\/uploads\\\/pelastusopisto-logo-net.png\",\"width\":387,\"height\":71,\"caption\":\"Pelastusopisto\"},\"image\":{\"@id\":\"https:\\\/\\\/www.pelastusopisto.fi\\\/sv\\\/#\\\/schema\\\/logo\\\/image\\\/\"},\"sameAs\":[\"https:\\\/\\\/www.facebook.com\\\/Pelastusopisto\\\/\",\"https:\\\/\\\/x.com\\\/Pelastusopisto\",\"https:\\\/\\\/www.instagram.com\\\/pelastusopisto\\\/\",\"https:\\\/\\\/fi.linkedin.com\\\/school\\\/pelastusopisto\\\/\",\"https:\\\/\\\/www.youtube.com\\\/channel\\\/UCQjXYneFsnDYnJtZBfr9Ajg\"]},{\"@type\":\"Person\",\"@id\":\"https:\\\/\\\/www.pelastusopisto.fi\\\/sv\\\/#\\\/schema\\\/person\\\/f0f87f2c02d73ce7ab56bc87059a53bf\",\"name\":\"popisto_yllapito\",\"url\":\"https:\\\/\\\/www.pelastusopisto.fi\\\/sv\\\/author\\\/popisto_yllapito\\\/\"}]}<\/script>\n<!-- \/ Yoast SEO plugin. -->","yoast_head_json":{"title":"SOME PELASTAA \u2013 Sosiaalinen media kriisi- ja onnettomuustilanteiden johtamisessa - Pelastusopisto","robots":{"index":"index","follow":"follow","max-snippet":"max-snippet:-1","max-image-preview":"max-image-preview:large","max-video-preview":"max-video-preview:-1"},"canonical":"https:\/\/www.pelastusopisto.fi\/sv\/tutkimus-ja-kehitys\/hankkeet\/some-pelastaa-sosiaalinen-media-kriisi-ja-onnettomuustilanteiden-johtamisessa\/","og_locale":"sv_SE","og_type":"article","og_title":"SOME PELASTAA \u2013 Sosiaalinen media kriisi- ja onnettomuustilanteiden johtamisessa - Pelastusopisto","og_url":"https:\/\/www.pelastusopisto.fi\/sv\/tutkimus-ja-kehitys\/hankkeet\/some-pelastaa-sosiaalinen-media-kriisi-ja-onnettomuustilanteiden-johtamisessa\/","og_site_name":"Pelastusopisto","article_publisher":"https:\/\/www.facebook.com\/Pelastusopisto\/","article_published_time":"2022-11-17T09:44:42+00:00","article_modified_time":"2025-03-26T14:08:13+00:00","og_image":[{"width":1200,"height":800,"url":"https:\/\/www.pelastusopisto.fi\/wp-content\/uploads\/SomePelastaa.jpg","type":"image\/jpeg"}],"author":"popisto_yllapito","twitter_card":"summary_large_image","twitter_creator":"@Pelastusopisto","twitter_site":"@Pelastusopisto","twitter_misc":{"Skriven av":"popisto_yllapito","Ber\u00e4knad l\u00e4stid":"4 minuter"},"schema":{"@context":"https:\/\/schema.org","@graph":[{"@type":"Article","@id":"https:\/\/www.pelastusopisto.fi\/sv\/tutkimus-ja-kehitys\/hankkeet\/some-pelastaa-sosiaalinen-media-kriisi-ja-onnettomuustilanteiden-johtamisessa\/#article","isPartOf":{"@id":"https:\/\/www.pelastusopisto.fi\/sv\/tutkimus-ja-kehitys\/hankkeet\/some-pelastaa-sosiaalinen-media-kriisi-ja-onnettomuustilanteiden-johtamisessa\/"},"author":{"name":"popisto_yllapito","@id":"https:\/\/www.pelastusopisto.fi\/sv\/#\/schema\/person\/f0f87f2c02d73ce7ab56bc87059a53bf"},"headline":"SOME PELASTAA \u2013 Sosiaalinen media kriisi- ja onnettomuustilanteiden johtamisessa","datePublished":"2022-11-17T09:44:42+00:00","dateModified":"2025-03-26T14:08:13+00:00","mainEntityOfPage":{"@id":"https:\/\/www.pelastusopisto.fi\/sv\/tutkimus-ja-kehitys\/hankkeet\/some-pelastaa-sosiaalinen-media-kriisi-ja-onnettomuustilanteiden-johtamisessa\/"},"wordCount":594,"publisher":{"@id":"https:\/\/www.pelastusopisto.fi\/sv\/#organization"},"image":{"@id":"https:\/\/www.pelastusopisto.fi\/sv\/tutkimus-ja-kehitys\/hankkeet\/some-pelastaa-sosiaalinen-media-kriisi-ja-onnettomuustilanteiden-johtamisessa\/#primaryimage"},"thumbnailUrl":"https:\/\/www.pelastusopisto.fi\/wp-content\/uploads\/SomePelastaa.jpg","keywords":["Valtioneuvoston selvitys- ja tutkimustoiminta (VNTEAS)"],"articleSection":["Hankkeet"],"inLanguage":"sv-SE"},{"@type":"WebPage","@id":"https:\/\/www.pelastusopisto.fi\/sv\/tutkimus-ja-kehitys\/hankkeet\/some-pelastaa-sosiaalinen-media-kriisi-ja-onnettomuustilanteiden-johtamisessa\/","url":"https:\/\/www.pelastusopisto.fi\/sv\/tutkimus-ja-kehitys\/hankkeet\/some-pelastaa-sosiaalinen-media-kriisi-ja-onnettomuustilanteiden-johtamisessa\/","name":"SOME PELASTAA \u2013 Sosiaalinen media kriisi- ja onnettomuustilanteiden johtamisessa - Pelastusopisto","isPartOf":{"@id":"https:\/\/www.pelastusopisto.fi\/sv\/#website"},"primaryImageOfPage":{"@id":"https:\/\/www.pelastusopisto.fi\/sv\/tutkimus-ja-kehitys\/hankkeet\/some-pelastaa-sosiaalinen-media-kriisi-ja-onnettomuustilanteiden-johtamisessa\/#primaryimage"},"image":{"@id":"https:\/\/www.pelastusopisto.fi\/sv\/tutkimus-ja-kehitys\/hankkeet\/some-pelastaa-sosiaalinen-media-kriisi-ja-onnettomuustilanteiden-johtamisessa\/#primaryimage"},"thumbnailUrl":"https:\/\/www.pelastusopisto.fi\/wp-content\/uploads\/SomePelastaa.jpg","datePublished":"2022-11-17T09:44:42+00:00","dateModified":"2025-03-26T14:08:13+00:00","breadcrumb":{"@id":"https:\/\/www.pelastusopisto.fi\/sv\/tutkimus-ja-kehitys\/hankkeet\/some-pelastaa-sosiaalinen-media-kriisi-ja-onnettomuustilanteiden-johtamisessa\/#breadcrumb"},"inLanguage":"sv-SE","potentialAction":[{"@type":"ReadAction","target":["https:\/\/www.pelastusopisto.fi\/sv\/tutkimus-ja-kehitys\/hankkeet\/some-pelastaa-sosiaalinen-media-kriisi-ja-onnettomuustilanteiden-johtamisessa\/"]}]},{"@type":"ImageObject","inLanguage":"sv-SE","@id":"https:\/\/www.pelastusopisto.fi\/sv\/tutkimus-ja-kehitys\/hankkeet\/some-pelastaa-sosiaalinen-media-kriisi-ja-onnettomuustilanteiden-johtamisessa\/#primaryimage","url":"https:\/\/www.pelastusopisto.fi\/wp-content\/uploads\/SomePelastaa.jpg","contentUrl":"https:\/\/www.pelastusopisto.fi\/wp-content\/uploads\/SomePelastaa.jpg","width":1200,"height":800,"caption":"Puhelimen n\u00e4ytt\u00f6, jossa Instagramin, Facebookin ja Twitterin kuvakkeet."},{"@type":"BreadcrumbList","@id":"https:\/\/www.pelastusopisto.fi\/sv\/tutkimus-ja-kehitys\/hankkeet\/some-pelastaa-sosiaalinen-media-kriisi-ja-onnettomuustilanteiden-johtamisessa\/#breadcrumb","itemListElement":[{"@type":"ListItem","position":1,"name":"Home","item":"https:\/\/www.pelastusopisto.fi\/sv\/"},{"@type":"ListItem","position":2,"name":"SOME PELASTAA \u2013 Sosiaalinen media kriisi- ja onnettomuustilanteiden johtamisessa"}]},{"@type":"WebSite","@id":"https:\/\/www.pelastusopisto.fi\/sv\/#website","url":"https:\/\/www.pelastusopisto.fi\/sv\/","name":"Pelastusopisto","description":"","publisher":{"@id":"https:\/\/www.pelastusopisto.fi\/sv\/#organization"},"potentialAction":[{"@type":"SearchAction","target":{"@type":"EntryPoint","urlTemplate":"https:\/\/www.pelastusopisto.fi\/sv\/?s={search_term_string}"},"query-input":{"@type":"PropertyValueSpecification","valueRequired":true,"valueName":"search_term_string"}}],"inLanguage":"sv-SE"},{"@type":"Organization","@id":"https:\/\/www.pelastusopisto.fi\/sv\/#organization","name":"Pelastusopisto","url":"https:\/\/www.pelastusopisto.fi\/sv\/","logo":{"@type":"ImageObject","inLanguage":"sv-SE","@id":"https:\/\/www.pelastusopisto.fi\/sv\/#\/schema\/logo\/image\/","url":"https:\/\/www.pelastusopisto.fi\/wp-content\/uploads\/pelastusopisto-logo-net.png","contentUrl":"https:\/\/www.pelastusopisto.fi\/wp-content\/uploads\/pelastusopisto-logo-net.png","width":387,"height":71,"caption":"Pelastusopisto"},"image":{"@id":"https:\/\/www.pelastusopisto.fi\/sv\/#\/schema\/logo\/image\/"},"sameAs":["https:\/\/www.facebook.com\/Pelastusopisto\/","https:\/\/x.com\/Pelastusopisto","https:\/\/www.instagram.com\/pelastusopisto\/","https:\/\/fi.linkedin.com\/school\/pelastusopisto\/","https:\/\/www.youtube.com\/channel\/UCQjXYneFsnDYnJtZBfr9Ajg"]},{"@type":"Person","@id":"https:\/\/www.pelastusopisto.fi\/sv\/#\/schema\/person\/f0f87f2c02d73ce7ab56bc87059a53bf","name":"popisto_yllapito","url":"https:\/\/www.pelastusopisto.fi\/sv\/author\/popisto_yllapito\/"}]}},"featured_image_src":"https:\/\/www.pelastusopisto.fi\/wp-content\/uploads\/SomePelastaa-600x400.jpg","featured_image_src_square":"https:\/\/www.pelastusopisto.fi\/wp-content\/uploads\/SomePelastaa-600x600.jpg","author_info":{"display_name":"popisto_yllapito","author_link":"https:\/\/www.pelastusopisto.fi\/sv\/author\/popisto_yllapito\/"},"_links":{"self":[{"href":"https:\/\/www.pelastusopisto.fi\/sv\/wp-json\/wp\/v2\/posts\/44902","targetHints":{"allow":["GET"]}}],"collection":[{"href":"https:\/\/www.pelastusopisto.fi\/sv\/wp-json\/wp\/v2\/posts"}],"about":[{"href":"https:\/\/www.pelastusopisto.fi\/sv\/wp-json\/wp\/v2\/types\/post"}],"author":[{"embeddable":true,"href":"https:\/\/www.pelastusopisto.fi\/sv\/wp-json\/wp\/v2\/users\/1"}],"replies":[{"embeddable":true,"href":"https:\/\/www.pelastusopisto.fi\/sv\/wp-json\/wp\/v2\/comments?post=44902"}],"version-history":[{"count":38,"href":"https:\/\/www.pelastusopisto.fi\/sv\/wp-json\/wp\/v2\/posts\/44902\/revisions"}],"predecessor-version":[{"id":77455,"href":"https:\/\/www.pelastusopisto.fi\/sv\/wp-json\/wp\/v2\/posts\/44902\/revisions\/77455"}],"wp:featuredmedia":[{"embeddable":true,"href":"https:\/\/www.pelastusopisto.fi\/sv\/wp-json\/wp\/v2\/media\/53248"}],"wp:attachment":[{"href":"https:\/\/www.pelastusopisto.fi\/sv\/wp-json\/wp\/v2\/media?parent=44902"}],"wp:term":[{"taxonomy":"category","embeddable":true,"href":"https:\/\/www.pelastusopisto.fi\/sv\/wp-json\/wp\/v2\/categories?post=44902"},{"taxonomy":"post_tag","embeddable":true,"href":"https:\/\/www.pelastusopisto.fi\/sv\/wp-json\/wp\/v2\/tags?post=44902"}],"curies":[{"name":"wp","href":"https:\/\/api.w.org\/{rel}","templated":true}]}}