{"id":43378,"date":"2022-07-29T11:07:08","date_gmt":"2022-07-29T08:07:08","guid":{"rendered":"https:\/\/www.pelastusopisto.fi\/?p=31671"},"modified":"2022-07-29T11:07:08","modified_gmt":"2022-07-29T08:07:08","slug":"pelastusopisto-toimii-kreikkaan-maastopaloja-hallitsemaan-lahtevien-pelastustyontekijoiden-tyonantajana","status":"publish","type":"post","link":"https:\/\/www.pelastusopisto.fi\/sv\/uutisia\/pelastusopisto-toimii-kreikkaan-maastopaloja-hallitsemaan-lahtevien-pelastustyontekijoiden-tyonantajana\/","title":{"rendered":"Pelastusopisto toimii Kreikkaan maastopaloja hallitsemaan l\u00e4htevien pelastusty\u00f6ntekij\u00f6iden ty\u00f6nantajana"},"content":{"rendered":"\n<p><strong>Suomi l\u00e4hett\u00e4\u00e4 sis\u00e4ministeri\u00f6n p\u00e4\u00e4t\u00f6ksell\u00e4 Kreikkaan 50 pelastusty\u00f6ntekij\u00e4\u00e4 auttamaan maastopalojen hallinnassa. Pelastusopisto toimii l\u00e4hetett\u00e4vien pelastusty\u00f6ntekij\u00f6iden ty\u00f6nantajana.<\/strong><\/p>\n\n\n\n<p>Kreikka on pyyt\u00e4nyt Euroopan unionin pelastuspalvelumekanismilta apua maastopalojen hallinnassa. T\u00e4m\u00e4 on ensimm\u00e4inen kerta, kun apua on pyydetty pelastuspalvelumekanismin kautta etuk\u00e4teen.<\/p>\n\n\n\n<p>Pelastusopisto vastaa l\u00e4hetett\u00e4vien pelastusty\u00f6ntekij\u00f6iden kouluttamisesta, rekrytoinnista ja materiaalilogistiikasta. Kaikki l\u00e4htev\u00e4t pelastusty\u00f6ntekij\u00e4t kuuluvat Pelastusopiston kansainv\u00e4lisen pelastustoiminnan asiantuntijoiden rekisteriin.<\/p>\n\n\n\n<p>Pelastusty\u00f6ntekij\u00e4t l\u00e4htev\u00e4t kahdessa eri ryhm\u00e4ss\u00e4. Ensimm\u00e4inen ryhm\u00e4 l\u00e4htee 1.8., ja toinen ryhm\u00e4 l\u00e4htee 15.8. Molemmat ryhm\u00e4t ty\u00f6skentelev\u00e4t Kreikassa noin 15 vuorokautta. Ryhmi\u00e4 l\u00e4htev\u00e4t johtamaan Pelastusopiston valtakunnallisesta asiantuntijarekisterist\u00e4 valitut It\u00e4-Uudenmaan pelastusjohtaja <strong>Peter Johansson<\/strong> ja palomestari <strong>Petri Lyttinen<\/strong>.<\/p>\n\n\n\n<h2 class=\"wp-block-heading\">Suomi on aktiivinen asiantuntija-avun l\u00e4hett\u00e4j\u00e4<\/h2>\n\n\n\n<p>Kansainv\u00e4linen pelastustoiminta on valtiosopimuksiin ja lains\u00e4\u00e4d\u00e4nt\u00f6\u00f6n perustuvaa avun antamista ulkomaille, sek\u00e4 avun vastaanottamista Suomeen. T\u00e4llaisia tilanteita ovat luonnon tai ihmisen aiheuttamat katastrofit ja onnettomuudet, joissa maan omat resurssit eiv\u00e4t riit\u00e4. Suomi osallistuu kansainv\u00e4liseen pelastustoimintaan Euroopan unionin ja kansainv\u00e4listen j\u00e4rjest\u00f6jen kautta. Lis\u00e4ksi kansainv\u00e4list\u00e4 pelastustoimintaa toteutetaan kahdenv\u00e4listen ja monenkeskisten valtioiden v\u00e4listen sopimuksien puitteissa.<\/p>\n\n\n\n<p>Sis\u00e4ministeri\u00f6 p\u00e4\u00e4tt\u00e4\u00e4 pelastustoimeen liittyv\u00e4n kansainv\u00e4lisen avun l\u00e4hett\u00e4misest\u00e4. Pelastusopisto vastaa asiantuntijoiden kouluttamisesta, rekrytoinnista ja logistiikasta sek\u00e4 kansainv\u00e4lisen pelastustoiminnan k\u00e4yt\u00e4nn\u00f6n toteuttamisesta.<\/p>\n\n\n\n<p><strong>Lis\u00e4tietoja:<\/strong><\/p>\n\n\n\n<p><strong>Matti Inkeroinen (27.7.\u20135.8.)<\/strong><br>Kansainv\u00e4lisen pelastustoiminnan koordinaattori<br>029&nbsp;545 3547<\/p>\n\n\n\n<p><strong>Tero L\u00e4hdesm\u00e4ki (8.\u201312.8.)<\/strong><br>Koulutussuunnittelija<br>029&nbsp;545 3430<\/p>\n\n\n\n<p><strong>Jari Korpela (15.\u201331.8.)<\/strong><br>Koulutusp\u00e4\u00e4llikk\u00f6<br>029&nbsp;545 3480<\/p>\n","protected":false},"excerpt":{"rendered":"<p>Suomi l\u00e4hett\u00e4\u00e4 sis\u00e4ministeri\u00f6n p\u00e4\u00e4t\u00f6ksell\u00e4 Kreikkaan 50 pelastusty\u00f6ntekij\u00e4\u00e4 auttamaan maastopalojen hallinnassa. [&hellip;]<\/p>\n","protected":false},"author":103,"featured_media":43306,"comment_status":"closed","ping_status":"closed","sticky":false,"template":"","format":"standard","meta":{"_acf_changed":false,"_genesis_hide_title":false,"_genesis_hide_breadcrumbs":false,"_genesis_hide_singular_image":false,"_genesis_hide_footer_widgets":false,"_genesis_custom_body_class":"","_genesis_custom_post_class":"","_genesis_layout":"","footnotes":""},"categories":[91],"tags":[],"class_list":{"0":"post-43378","1":"post","2":"type-post","3":"status-publish","4":"format-standard","5":"has-post-thumbnail","7":"category-uutisia","8":"entry"},"acf":[],"gutentor_comment":0,"yoast_head":"<!-- This site is optimized with the Yoast SEO plugin v27.4 - https:\/\/yoast.com\/product\/yoast-seo-wordpress\/ -->\n<title>Pelastusopisto toimii Kreikkaan maastopaloja hallitsemaan l\u00e4htevien pelastusty\u00f6ntekij\u00f6iden ty\u00f6nantajana - Pelastusopisto<\/title>\n<meta name=\"robots\" content=\"index, follow, max-snippet:-1, max-image-preview:large, max-video-preview:-1\" \/>\n<link rel=\"canonical\" href=\"https:\/\/www.pelastusopisto.fi\/sv\/uutisia\/pelastusopisto-toimii-kreikkaan-maastopaloja-hallitsemaan-lahtevien-pelastustyontekijoiden-tyonantajana\/\" \/>\n<meta property=\"og:locale\" content=\"sv_SE\" \/>\n<meta property=\"og:type\" content=\"article\" \/>\n<meta property=\"og:title\" content=\"Pelastusopisto toimii Kreikkaan maastopaloja hallitsemaan l\u00e4htevien pelastusty\u00f6ntekij\u00f6iden ty\u00f6nantajana - Pelastusopisto\" \/>\n<meta property=\"og:description\" content=\"Suomi l\u00e4hett\u00e4\u00e4 sis\u00e4ministeri\u00f6n p\u00e4\u00e4t\u00f6ksell\u00e4 Kreikkaan 50 pelastusty\u00f6ntekij\u00e4\u00e4 auttamaan maastopalojen hallinnassa. [&hellip;]\" \/>\n<meta property=\"og:url\" content=\"https:\/\/www.pelastusopisto.fi\/sv\/uutisia\/pelastusopisto-toimii-kreikkaan-maastopaloja-hallitsemaan-lahtevien-pelastustyontekijoiden-tyonantajana\/\" \/>\n<meta property=\"og:site_name\" content=\"Pelastusopisto\" \/>\n<meta property=\"article:publisher\" content=\"https:\/\/www.facebook.com\/Pelastusopisto\/\" \/>\n<meta property=\"article:published_time\" content=\"2022-07-29T08:07:08+00:00\" \/>\n<meta property=\"og:image\" content=\"https:\/\/www.pelastusopisto.fi\/wp-content\/uploads\/Kreikka_Maastopalot.jpg\" \/>\n\t<meta property=\"og:image:width\" content=\"1920\" \/>\n\t<meta property=\"og:image:height\" content=\"1200\" \/>\n\t<meta property=\"og:image:type\" content=\"image\/jpeg\" \/>\n<meta name=\"author\" content=\"Viestinta-Peo\" \/>\n<meta name=\"twitter:card\" content=\"summary_large_image\" \/>\n<meta name=\"twitter:creator\" content=\"@Pelastusopisto\" \/>\n<meta name=\"twitter:site\" content=\"@Pelastusopisto\" \/>\n<meta name=\"twitter:label1\" content=\"Skriven av\" \/>\n\t<meta name=\"twitter:data1\" content=\"Viestinta-Peo\" \/>\n\t<meta name=\"twitter:label2\" content=\"Ber\u00e4knad l\u00e4stid\" \/>\n\t<meta name=\"twitter:data2\" content=\"2 minuter\" \/>\n<script type=\"application\/ld+json\" class=\"yoast-schema-graph\">{\"@context\":\"https:\\\/\\\/schema.org\",\"@graph\":[{\"@type\":\"Article\",\"@id\":\"https:\\\/\\\/www.pelastusopisto.fi\\\/sv\\\/uutisia\\\/pelastusopisto-toimii-kreikkaan-maastopaloja-hallitsemaan-lahtevien-pelastustyontekijoiden-tyonantajana\\\/#article\",\"isPartOf\":{\"@id\":\"https:\\\/\\\/www.pelastusopisto.fi\\\/sv\\\/uutisia\\\/pelastusopisto-toimii-kreikkaan-maastopaloja-hallitsemaan-lahtevien-pelastustyontekijoiden-tyonantajana\\\/\"},\"author\":{\"name\":\"Viestinta-Peo\",\"@id\":\"https:\\\/\\\/www.pelastusopisto.fi\\\/sv\\\/#\\\/schema\\\/person\\\/152cef2bb81e815d963aaf12ae9b26eb\"},\"headline\":\"Pelastusopisto toimii Kreikkaan maastopaloja hallitsemaan l\u00e4htevien pelastusty\u00f6ntekij\u00f6iden ty\u00f6nantajana\",\"datePublished\":\"2022-07-29T08:07:08+00:00\",\"mainEntityOfPage\":{\"@id\":\"https:\\\/\\\/www.pelastusopisto.fi\\\/sv\\\/uutisia\\\/pelastusopisto-toimii-kreikkaan-maastopaloja-hallitsemaan-lahtevien-pelastustyontekijoiden-tyonantajana\\\/\"},\"wordCount\":255,\"publisher\":{\"@id\":\"https:\\\/\\\/www.pelastusopisto.fi\\\/sv\\\/#organization\"},\"image\":{\"@id\":\"https:\\\/\\\/www.pelastusopisto.fi\\\/sv\\\/uutisia\\\/pelastusopisto-toimii-kreikkaan-maastopaloja-hallitsemaan-lahtevien-pelastustyontekijoiden-tyonantajana\\\/#primaryimage\"},\"thumbnailUrl\":\"https:\\\/\\\/www.pelastusopisto.fi\\\/wp-content\\\/uploads\\\/Kreikka_Maastopalot.jpg\",\"articleSection\":[\"Uutisia\"],\"inLanguage\":\"sv-SE\"},{\"@type\":\"WebPage\",\"@id\":\"https:\\\/\\\/www.pelastusopisto.fi\\\/sv\\\/uutisia\\\/pelastusopisto-toimii-kreikkaan-maastopaloja-hallitsemaan-lahtevien-pelastustyontekijoiden-tyonantajana\\\/\",\"url\":\"https:\\\/\\\/www.pelastusopisto.fi\\\/sv\\\/uutisia\\\/pelastusopisto-toimii-kreikkaan-maastopaloja-hallitsemaan-lahtevien-pelastustyontekijoiden-tyonantajana\\\/\",\"name\":\"Pelastusopisto toimii Kreikkaan maastopaloja hallitsemaan l\u00e4htevien pelastusty\u00f6ntekij\u00f6iden ty\u00f6nantajana - Pelastusopisto\",\"isPartOf\":{\"@id\":\"https:\\\/\\\/www.pelastusopisto.fi\\\/sv\\\/#website\"},\"primaryImageOfPage\":{\"@id\":\"https:\\\/\\\/www.pelastusopisto.fi\\\/sv\\\/uutisia\\\/pelastusopisto-toimii-kreikkaan-maastopaloja-hallitsemaan-lahtevien-pelastustyontekijoiden-tyonantajana\\\/#primaryimage\"},\"image\":{\"@id\":\"https:\\\/\\\/www.pelastusopisto.fi\\\/sv\\\/uutisia\\\/pelastusopisto-toimii-kreikkaan-maastopaloja-hallitsemaan-lahtevien-pelastustyontekijoiden-tyonantajana\\\/#primaryimage\"},\"thumbnailUrl\":\"https:\\\/\\\/www.pelastusopisto.fi\\\/wp-content\\\/uploads\\\/Kreikka_Maastopalot.jpg\",\"datePublished\":\"2022-07-29T08:07:08+00:00\",\"breadcrumb\":{\"@id\":\"https:\\\/\\\/www.pelastusopisto.fi\\\/sv\\\/uutisia\\\/pelastusopisto-toimii-kreikkaan-maastopaloja-hallitsemaan-lahtevien-pelastustyontekijoiden-tyonantajana\\\/#breadcrumb\"},\"inLanguage\":\"sv-SE\",\"potentialAction\":[{\"@type\":\"ReadAction\",\"target\":[\"https:\\\/\\\/www.pelastusopisto.fi\\\/sv\\\/uutisia\\\/pelastusopisto-toimii-kreikkaan-maastopaloja-hallitsemaan-lahtevien-pelastustyontekijoiden-tyonantajana\\\/\"]}]},{\"@type\":\"ImageObject\",\"inLanguage\":\"sv-SE\",\"@id\":\"https:\\\/\\\/www.pelastusopisto.fi\\\/sv\\\/uutisia\\\/pelastusopisto-toimii-kreikkaan-maastopaloja-hallitsemaan-lahtevien-pelastustyontekijoiden-tyonantajana\\\/#primaryimage\",\"url\":\"https:\\\/\\\/www.pelastusopisto.fi\\\/wp-content\\\/uploads\\\/Kreikka_Maastopalot.jpg\",\"contentUrl\":\"https:\\\/\\\/www.pelastusopisto.fi\\\/wp-content\\\/uploads\\\/Kreikka_Maastopalot.jpg\",\"width\":1920,\"height\":1200,\"caption\":\"Maastopalo, liekit roihuavat tummaa taustaa vasten.\"},{\"@type\":\"BreadcrumbList\",\"@id\":\"https:\\\/\\\/www.pelastusopisto.fi\\\/sv\\\/uutisia\\\/pelastusopisto-toimii-kreikkaan-maastopaloja-hallitsemaan-lahtevien-pelastustyontekijoiden-tyonantajana\\\/#breadcrumb\",\"itemListElement\":[{\"@type\":\"ListItem\",\"position\":1,\"name\":\"Home\",\"item\":\"https:\\\/\\\/www.pelastusopisto.fi\\\/sv\\\/\"},{\"@type\":\"ListItem\",\"position\":2,\"name\":\"Pelastusopisto toimii Kreikkaan maastopaloja hallitsemaan l\u00e4htevien pelastusty\u00f6ntekij\u00f6iden ty\u00f6nantajana\"}]},{\"@type\":\"WebSite\",\"@id\":\"https:\\\/\\\/www.pelastusopisto.fi\\\/sv\\\/#website\",\"url\":\"https:\\\/\\\/www.pelastusopisto.fi\\\/sv\\\/\",\"name\":\"Pelastusopisto\",\"description\":\"\",\"publisher\":{\"@id\":\"https:\\\/\\\/www.pelastusopisto.fi\\\/sv\\\/#organization\"},\"potentialAction\":[{\"@type\":\"SearchAction\",\"target\":{\"@type\":\"EntryPoint\",\"urlTemplate\":\"https:\\\/\\\/www.pelastusopisto.fi\\\/sv\\\/?s={search_term_string}\"},\"query-input\":{\"@type\":\"PropertyValueSpecification\",\"valueRequired\":true,\"valueName\":\"search_term_string\"}}],\"inLanguage\":\"sv-SE\"},{\"@type\":\"Organization\",\"@id\":\"https:\\\/\\\/www.pelastusopisto.fi\\\/sv\\\/#organization\",\"name\":\"Pelastusopisto\",\"url\":\"https:\\\/\\\/www.pelastusopisto.fi\\\/sv\\\/\",\"logo\":{\"@type\":\"ImageObject\",\"inLanguage\":\"sv-SE\",\"@id\":\"https:\\\/\\\/www.pelastusopisto.fi\\\/sv\\\/#\\\/schema\\\/logo\\\/image\\\/\",\"url\":\"https:\\\/\\\/www.pelastusopisto.fi\\\/wp-content\\\/uploads\\\/pelastusopisto-logo-net.png\",\"contentUrl\":\"https:\\\/\\\/www.pelastusopisto.fi\\\/wp-content\\\/uploads\\\/pelastusopisto-logo-net.png\",\"width\":387,\"height\":71,\"caption\":\"Pelastusopisto\"},\"image\":{\"@id\":\"https:\\\/\\\/www.pelastusopisto.fi\\\/sv\\\/#\\\/schema\\\/logo\\\/image\\\/\"},\"sameAs\":[\"https:\\\/\\\/www.facebook.com\\\/Pelastusopisto\\\/\",\"https:\\\/\\\/x.com\\\/Pelastusopisto\",\"https:\\\/\\\/www.instagram.com\\\/pelastusopisto\\\/\",\"https:\\\/\\\/fi.linkedin.com\\\/school\\\/pelastusopisto\\\/\",\"https:\\\/\\\/www.youtube.com\\\/channel\\\/UCQjXYneFsnDYnJtZBfr9Ajg\"]},{\"@type\":\"Person\",\"@id\":\"https:\\\/\\\/www.pelastusopisto.fi\\\/sv\\\/#\\\/schema\\\/person\\\/152cef2bb81e815d963aaf12ae9b26eb\",\"name\":\"Viestinta-Peo\",\"url\":\"https:\\\/\\\/www.pelastusopisto.fi\\\/sv\\\/author\\\/viestinta-peo\\\/\"}]}<\/script>\n<!-- \/ Yoast SEO plugin. -->","yoast_head_json":{"title":"Pelastusopisto toimii Kreikkaan maastopaloja hallitsemaan l\u00e4htevien pelastusty\u00f6ntekij\u00f6iden ty\u00f6nantajana - Pelastusopisto","robots":{"index":"index","follow":"follow","max-snippet":"max-snippet:-1","max-image-preview":"max-image-preview:large","max-video-preview":"max-video-preview:-1"},"canonical":"https:\/\/www.pelastusopisto.fi\/sv\/uutisia\/pelastusopisto-toimii-kreikkaan-maastopaloja-hallitsemaan-lahtevien-pelastustyontekijoiden-tyonantajana\/","og_locale":"sv_SE","og_type":"article","og_title":"Pelastusopisto toimii Kreikkaan maastopaloja hallitsemaan l\u00e4htevien pelastusty\u00f6ntekij\u00f6iden ty\u00f6nantajana - Pelastusopisto","og_description":"Suomi l\u00e4hett\u00e4\u00e4 sis\u00e4ministeri\u00f6n p\u00e4\u00e4t\u00f6ksell\u00e4 Kreikkaan 50 pelastusty\u00f6ntekij\u00e4\u00e4 auttamaan maastopalojen hallinnassa. [&hellip;]","og_url":"https:\/\/www.pelastusopisto.fi\/sv\/uutisia\/pelastusopisto-toimii-kreikkaan-maastopaloja-hallitsemaan-lahtevien-pelastustyontekijoiden-tyonantajana\/","og_site_name":"Pelastusopisto","article_publisher":"https:\/\/www.facebook.com\/Pelastusopisto\/","article_published_time":"2022-07-29T08:07:08+00:00","og_image":[{"width":1920,"height":1200,"url":"https:\/\/www.pelastusopisto.fi\/wp-content\/uploads\/Kreikka_Maastopalot.jpg","type":"image\/jpeg"}],"author":"Viestinta-Peo","twitter_card":"summary_large_image","twitter_creator":"@Pelastusopisto","twitter_site":"@Pelastusopisto","twitter_misc":{"Skriven av":"Viestinta-Peo","Ber\u00e4knad l\u00e4stid":"2 minuter"},"schema":{"@context":"https:\/\/schema.org","@graph":[{"@type":"Article","@id":"https:\/\/www.pelastusopisto.fi\/sv\/uutisia\/pelastusopisto-toimii-kreikkaan-maastopaloja-hallitsemaan-lahtevien-pelastustyontekijoiden-tyonantajana\/#article","isPartOf":{"@id":"https:\/\/www.pelastusopisto.fi\/sv\/uutisia\/pelastusopisto-toimii-kreikkaan-maastopaloja-hallitsemaan-lahtevien-pelastustyontekijoiden-tyonantajana\/"},"author":{"name":"Viestinta-Peo","@id":"https:\/\/www.pelastusopisto.fi\/sv\/#\/schema\/person\/152cef2bb81e815d963aaf12ae9b26eb"},"headline":"Pelastusopisto toimii Kreikkaan maastopaloja hallitsemaan l\u00e4htevien pelastusty\u00f6ntekij\u00f6iden ty\u00f6nantajana","datePublished":"2022-07-29T08:07:08+00:00","mainEntityOfPage":{"@id":"https:\/\/www.pelastusopisto.fi\/sv\/uutisia\/pelastusopisto-toimii-kreikkaan-maastopaloja-hallitsemaan-lahtevien-pelastustyontekijoiden-tyonantajana\/"},"wordCount":255,"publisher":{"@id":"https:\/\/www.pelastusopisto.fi\/sv\/#organization"},"image":{"@id":"https:\/\/www.pelastusopisto.fi\/sv\/uutisia\/pelastusopisto-toimii-kreikkaan-maastopaloja-hallitsemaan-lahtevien-pelastustyontekijoiden-tyonantajana\/#primaryimage"},"thumbnailUrl":"https:\/\/www.pelastusopisto.fi\/wp-content\/uploads\/Kreikka_Maastopalot.jpg","articleSection":["Uutisia"],"inLanguage":"sv-SE"},{"@type":"WebPage","@id":"https:\/\/www.pelastusopisto.fi\/sv\/uutisia\/pelastusopisto-toimii-kreikkaan-maastopaloja-hallitsemaan-lahtevien-pelastustyontekijoiden-tyonantajana\/","url":"https:\/\/www.pelastusopisto.fi\/sv\/uutisia\/pelastusopisto-toimii-kreikkaan-maastopaloja-hallitsemaan-lahtevien-pelastustyontekijoiden-tyonantajana\/","name":"Pelastusopisto toimii Kreikkaan maastopaloja hallitsemaan l\u00e4htevien pelastusty\u00f6ntekij\u00f6iden ty\u00f6nantajana - Pelastusopisto","isPartOf":{"@id":"https:\/\/www.pelastusopisto.fi\/sv\/#website"},"primaryImageOfPage":{"@id":"https:\/\/www.pelastusopisto.fi\/sv\/uutisia\/pelastusopisto-toimii-kreikkaan-maastopaloja-hallitsemaan-lahtevien-pelastustyontekijoiden-tyonantajana\/#primaryimage"},"image":{"@id":"https:\/\/www.pelastusopisto.fi\/sv\/uutisia\/pelastusopisto-toimii-kreikkaan-maastopaloja-hallitsemaan-lahtevien-pelastustyontekijoiden-tyonantajana\/#primaryimage"},"thumbnailUrl":"https:\/\/www.pelastusopisto.fi\/wp-content\/uploads\/Kreikka_Maastopalot.jpg","datePublished":"2022-07-29T08:07:08+00:00","breadcrumb":{"@id":"https:\/\/www.pelastusopisto.fi\/sv\/uutisia\/pelastusopisto-toimii-kreikkaan-maastopaloja-hallitsemaan-lahtevien-pelastustyontekijoiden-tyonantajana\/#breadcrumb"},"inLanguage":"sv-SE","potentialAction":[{"@type":"ReadAction","target":["https:\/\/www.pelastusopisto.fi\/sv\/uutisia\/pelastusopisto-toimii-kreikkaan-maastopaloja-hallitsemaan-lahtevien-pelastustyontekijoiden-tyonantajana\/"]}]},{"@type":"ImageObject","inLanguage":"sv-SE","@id":"https:\/\/www.pelastusopisto.fi\/sv\/uutisia\/pelastusopisto-toimii-kreikkaan-maastopaloja-hallitsemaan-lahtevien-pelastustyontekijoiden-tyonantajana\/#primaryimage","url":"https:\/\/www.pelastusopisto.fi\/wp-content\/uploads\/Kreikka_Maastopalot.jpg","contentUrl":"https:\/\/www.pelastusopisto.fi\/wp-content\/uploads\/Kreikka_Maastopalot.jpg","width":1920,"height":1200,"caption":"Maastopalo, liekit roihuavat tummaa taustaa vasten."},{"@type":"BreadcrumbList","@id":"https:\/\/www.pelastusopisto.fi\/sv\/uutisia\/pelastusopisto-toimii-kreikkaan-maastopaloja-hallitsemaan-lahtevien-pelastustyontekijoiden-tyonantajana\/#breadcrumb","itemListElement":[{"@type":"ListItem","position":1,"name":"Home","item":"https:\/\/www.pelastusopisto.fi\/sv\/"},{"@type":"ListItem","position":2,"name":"Pelastusopisto toimii Kreikkaan maastopaloja hallitsemaan l\u00e4htevien pelastusty\u00f6ntekij\u00f6iden ty\u00f6nantajana"}]},{"@type":"WebSite","@id":"https:\/\/www.pelastusopisto.fi\/sv\/#website","url":"https:\/\/www.pelastusopisto.fi\/sv\/","name":"Pelastusopisto","description":"","publisher":{"@id":"https:\/\/www.pelastusopisto.fi\/sv\/#organization"},"potentialAction":[{"@type":"SearchAction","target":{"@type":"EntryPoint","urlTemplate":"https:\/\/www.pelastusopisto.fi\/sv\/?s={search_term_string}"},"query-input":{"@type":"PropertyValueSpecification","valueRequired":true,"valueName":"search_term_string"}}],"inLanguage":"sv-SE"},{"@type":"Organization","@id":"https:\/\/www.pelastusopisto.fi\/sv\/#organization","name":"Pelastusopisto","url":"https:\/\/www.pelastusopisto.fi\/sv\/","logo":{"@type":"ImageObject","inLanguage":"sv-SE","@id":"https:\/\/www.pelastusopisto.fi\/sv\/#\/schema\/logo\/image\/","url":"https:\/\/www.pelastusopisto.fi\/wp-content\/uploads\/pelastusopisto-logo-net.png","contentUrl":"https:\/\/www.pelastusopisto.fi\/wp-content\/uploads\/pelastusopisto-logo-net.png","width":387,"height":71,"caption":"Pelastusopisto"},"image":{"@id":"https:\/\/www.pelastusopisto.fi\/sv\/#\/schema\/logo\/image\/"},"sameAs":["https:\/\/www.facebook.com\/Pelastusopisto\/","https:\/\/x.com\/Pelastusopisto","https:\/\/www.instagram.com\/pelastusopisto\/","https:\/\/fi.linkedin.com\/school\/pelastusopisto\/","https:\/\/www.youtube.com\/channel\/UCQjXYneFsnDYnJtZBfr9Ajg"]},{"@type":"Person","@id":"https:\/\/www.pelastusopisto.fi\/sv\/#\/schema\/person\/152cef2bb81e815d963aaf12ae9b26eb","name":"Viestinta-Peo","url":"https:\/\/www.pelastusopisto.fi\/sv\/author\/viestinta-peo\/"}]}},"featured_image_src":"https:\/\/www.pelastusopisto.fi\/wp-content\/uploads\/Kreikka_Maastopalot-600x400.jpg","featured_image_src_square":"https:\/\/www.pelastusopisto.fi\/wp-content\/uploads\/Kreikka_Maastopalot-600x600.jpg","author_info":{"display_name":"Viestinta-Peo","author_link":"https:\/\/www.pelastusopisto.fi\/sv\/author\/viestinta-peo\/"},"_links":{"self":[{"href":"https:\/\/www.pelastusopisto.fi\/sv\/wp-json\/wp\/v2\/posts\/43378","targetHints":{"allow":["GET"]}}],"collection":[{"href":"https:\/\/www.pelastusopisto.fi\/sv\/wp-json\/wp\/v2\/posts"}],"about":[{"href":"https:\/\/www.pelastusopisto.fi\/sv\/wp-json\/wp\/v2\/types\/post"}],"author":[{"embeddable":true,"href":"https:\/\/www.pelastusopisto.fi\/sv\/wp-json\/wp\/v2\/users\/103"}],"replies":[{"embeddable":true,"href":"https:\/\/www.pelastusopisto.fi\/sv\/wp-json\/wp\/v2\/comments?post=43378"}],"version-history":[{"count":0,"href":"https:\/\/www.pelastusopisto.fi\/sv\/wp-json\/wp\/v2\/posts\/43378\/revisions"}],"wp:featuredmedia":[{"embeddable":true,"href":"https:\/\/www.pelastusopisto.fi\/sv\/wp-json\/wp\/v2\/media\/43306"}],"wp:attachment":[{"href":"https:\/\/www.pelastusopisto.fi\/sv\/wp-json\/wp\/v2\/media?parent=43378"}],"wp:term":[{"taxonomy":"category","embeddable":true,"href":"https:\/\/www.pelastusopisto.fi\/sv\/wp-json\/wp\/v2\/categories?post=43378"},{"taxonomy":"post_tag","embeddable":true,"href":"https:\/\/www.pelastusopisto.fi\/sv\/wp-json\/wp\/v2\/tags?post=43378"}],"curies":[{"name":"wp","href":"https:\/\/api.w.org\/{rel}","templated":true}]}}