{"id":32540,"date":"2022-10-31T15:43:38","date_gmt":"2022-10-31T13:43:38","guid":{"rendered":"https:\/\/www.pelastusopisto.fi\/?p=32540"},"modified":"2022-10-31T15:43:38","modified_gmt":"2022-10-31T13:43:38","slug":"suomi-lahettaa-kansainvalisen-pelastustoiminnan-asiantuntija-apua-kuubaan","status":"publish","type":"post","link":"https:\/\/www.pelastusopisto.fi\/sv\/uutisia\/suomi-lahettaa-kansainvalisen-pelastustoiminnan-asiantuntija-apua-kuubaan\/","title":{"rendered":"Suomi l\u00e4hett\u00e4\u00e4 kansainv\u00e4lisen pelastustoiminnan asiantuntija-apua Kuubaan"},"content":{"rendered":"\n<p>Suomi on l\u00e4hett\u00e4nyt kaksi kansainv\u00e4lisen pelastustoiminnan asiantuntijaa Kuuban Havannaan tukemaan paikallisen rauniopelastushenkil\u00f6st\u00f6n kouluttamista. Paikallisilla viranomaisilla ei ole riitt\u00e4v\u00e4sti tarvittavaa osaamista, joten Kuuba on pyyt\u00e4nyt kansainv\u00e4list\u00e4 apua rauniopelastushenkil\u00f6st\u00f6n kouluttamiseen. Asiantuntijat l\u00e4htiv\u00e4t Suomesta maanantaina 31.10.<\/p>\n\n\n\n<p>Havanna on hurrikaanien esiintymisaluetta. On todenn\u00e4k\u00f6ist\u00e4, ett\u00e4 alueelle iskee hurrikaani tulevina vuosina. Euroopan unionin arviointiryhm\u00e4 vieraili alueella kes\u00e4kuussa. Arviointiryhm\u00e4n mukaan alueen rakennuskanta on niin vanhaa ja huonokuntoista, ett\u00e4 rakennusten sortuminen on todenn\u00e4k\u00f6ist\u00e4 hurrikaanin aikana.<\/p>\n\n\n\n<p>Teknisen tuen asiantuntijat (TAST) l\u00e4hetettiin Kuubaan osana Euroopan unionin pelastuspalvelumekanismia (Union Civil Protection Mechanism). Teht\u00e4v\u00e4 kest\u00e4\u00e4 alustavan arvion mukaan noin kaksi ja puoli viikkoa. Pelastusopisto toimii l\u00e4hetettyjen asiantuntijoiden ty\u00f6nantajana.<\/p>\n\n\n\n<h2 class=\"wp-block-heading\">Suomi on aktiivinen asiantuntija-avun l\u00e4hett\u00e4j\u00e4<\/h2>\n\n\n\n<p>Kansainv\u00e4linen pelastustoiminta on valtiosopimuksiin ja lains\u00e4\u00e4d\u00e4nt\u00f6\u00f6n perustuvaa avun antamista ulkomaille sek\u00e4 avun vastaanottamista Suomeen. T\u00e4llaisia tilanteita ovat luonnon tai ihmisen aiheuttamat katastrofit ja onnettomuudet, joissa maan omat pelastusresurssit eiv\u00e4t riit\u00e4.<\/p>\n\n\n\n<p>Suomi osallistuu kansainv\u00e4liseen pelastustoimintaan Euroopan unionin ja kansainv\u00e4listen j\u00e4rjest\u00f6jen kautta. Lis\u00e4ksi kansainv\u00e4list\u00e4 pelastustoimintaa toteutetaan kahdenv\u00e4listen ja monenkeskisten valtioiden v\u00e4listen sopimuksien puitteissa.<\/p>\n\n\n\n<p>Sis\u00e4ministeri\u00f6 p\u00e4\u00e4tt\u00e4\u00e4 pelastustoimeen liittyv\u00e4n kansainv\u00e4lisen avun l\u00e4hett\u00e4misest\u00e4. Pelastusopisto vastaa asiantuntijoiden kouluttamisesta, rekrytoinnista ja logistiikasta sek\u00e4 kansainv\u00e4lisen pelastustoiminnan k\u00e4yt\u00e4nn\u00f6n toteuttamisesta.<\/p>\n\n\n\n<p><strong>Lis\u00e4tietoja:<\/strong><\/p>\n\n\n\n<p><strong>Jari Korpela<\/strong> (teht\u00e4v\u00e4\u00e4n ja kansainv\u00e4liseen pelastustoimintaan liittyv\u00e4t operatiiviset lis\u00e4tiedot)<br>Koulutusp\u00e4\u00e4llikk\u00f6, Pelastusopisto<br>029 545 3480, jari.korpela@pelastusopisto.fi <\/p>\n\n\n\n<p><strong>Pekka Tiainen<\/strong> (kansainv\u00e4linen pelastustoiminta)<br>Erityisasiantuntija, sis\u00e4ministeri\u00f6<br>050 456 4477, pekka.tiainen@govsec.fi  <\/p>\n\n\n\n<p><a href=\"https:\/\/intermin.fi\/pelastustoimi\/kansainvalinen-avunanto\">Lis\u00e4tietoa kansainv\u00e4lisen avun antamisesta<\/a><\/p>\n","protected":false},"excerpt":{"rendered":"<p>Suomi on l\u00e4hett\u00e4nyt kaksi kansainv\u00e4lisen pelastustoiminnan asiantuntijaa Kuuban Havannaan tukemaan [&hellip;]<\/p>\n","protected":false},"author":103,"featured_media":46886,"comment_status":"closed","ping_status":"closed","sticky":false,"template":"","format":"standard","meta":{"_acf_changed":false,"_genesis_hide_title":false,"_genesis_hide_breadcrumbs":false,"_genesis_hide_singular_image":false,"_genesis_hide_footer_widgets":false,"_genesis_custom_body_class":"","_genesis_custom_post_class":"","_genesis_layout":"","footnotes":""},"categories":[91],"tags":[],"class_list":{"0":"post-32540","1":"post","2":"type-post","3":"status-publish","4":"format-standard","5":"has-post-thumbnail","7":"category-uutisia","8":"entry"},"acf":[],"gutentor_comment":0,"yoast_head":"<!-- This site is optimized with the Yoast SEO plugin v27.5 - https:\/\/yoast.com\/product\/yoast-seo-wordpress\/ -->\n<title>Suomi l\u00e4hett\u00e4\u00e4 kansainv\u00e4lisen pelastustoiminnan asiantuntija-apua Kuubaan - Pelastusopisto<\/title>\n<meta name=\"robots\" content=\"index, follow, max-snippet:-1, max-image-preview:large, max-video-preview:-1\" \/>\n<link rel=\"canonical\" href=\"https:\/\/www.pelastusopisto.fi\/sv\/uutisia\/suomi-lahettaa-kansainvalisen-pelastustoiminnan-asiantuntija-apua-kuubaan\/\" \/>\n<meta property=\"og:locale\" content=\"sv_SE\" \/>\n<meta property=\"og:type\" content=\"article\" \/>\n<meta property=\"og:title\" content=\"Suomi l\u00e4hett\u00e4\u00e4 kansainv\u00e4lisen pelastustoiminnan asiantuntija-apua Kuubaan - Pelastusopisto\" \/>\n<meta property=\"og:description\" content=\"Suomi on l\u00e4hett\u00e4nyt kaksi kansainv\u00e4lisen pelastustoiminnan asiantuntijaa Kuuban Havannaan tukemaan [&hellip;]\" \/>\n<meta property=\"og:url\" content=\"https:\/\/www.pelastusopisto.fi\/sv\/uutisia\/suomi-lahettaa-kansainvalisen-pelastustoiminnan-asiantuntija-apua-kuubaan\/\" \/>\n<meta property=\"og:site_name\" content=\"Pelastusopisto\" \/>\n<meta property=\"article:publisher\" content=\"https:\/\/www.facebook.com\/Pelastusopisto\/\" \/>\n<meta property=\"article:published_time\" content=\"2022-10-31T13:43:38+00:00\" \/>\n<meta property=\"og:image\" content=\"https:\/\/www.pelastusopisto.fi\/wp-content\/uploads\/Kv-pel-asiantuntijat-Kuuba.jpg\" \/>\n\t<meta property=\"og:image:width\" content=\"1200\" \/>\n\t<meta property=\"og:image:height\" content=\"900\" \/>\n\t<meta property=\"og:image:type\" content=\"image\/jpeg\" \/>\n<meta name=\"author\" content=\"Viestinta-Peo\" \/>\n<meta name=\"twitter:card\" content=\"summary_large_image\" \/>\n<meta name=\"twitter:creator\" content=\"@Pelastusopisto\" \/>\n<meta name=\"twitter:site\" content=\"@Pelastusopisto\" \/>\n<meta name=\"twitter:label1\" content=\"Skriven av\" \/>\n\t<meta name=\"twitter:data1\" content=\"Viestinta-Peo\" \/>\n\t<meta name=\"twitter:label2\" content=\"Ber\u00e4knad l\u00e4stid\" \/>\n\t<meta name=\"twitter:data2\" content=\"2 minuter\" \/>\n<script type=\"application\/ld+json\" class=\"yoast-schema-graph\">{\"@context\":\"https:\\\/\\\/schema.org\",\"@graph\":[{\"@type\":\"Article\",\"@id\":\"https:\\\/\\\/www.pelastusopisto.fi\\\/sv\\\/uutisia\\\/suomi-lahettaa-kansainvalisen-pelastustoiminnan-asiantuntija-apua-kuubaan\\\/#article\",\"isPartOf\":{\"@id\":\"https:\\\/\\\/www.pelastusopisto.fi\\\/sv\\\/uutisia\\\/suomi-lahettaa-kansainvalisen-pelastustoiminnan-asiantuntija-apua-kuubaan\\\/\"},\"author\":{\"name\":\"Viestinta-Peo\",\"@id\":\"https:\\\/\\\/www.pelastusopisto.fi\\\/sv\\\/#\\\/schema\\\/person\\\/152cef2bb81e815d963aaf12ae9b26eb\"},\"headline\":\"Suomi l\u00e4hett\u00e4\u00e4 kansainv\u00e4lisen pelastustoiminnan asiantuntija-apua Kuubaan\",\"datePublished\":\"2022-10-31T13:43:38+00:00\",\"mainEntityOfPage\":{\"@id\":\"https:\\\/\\\/www.pelastusopisto.fi\\\/sv\\\/uutisia\\\/suomi-lahettaa-kansainvalisen-pelastustoiminnan-asiantuntija-apua-kuubaan\\\/\"},\"wordCount\":268,\"publisher\":{\"@id\":\"https:\\\/\\\/www.pelastusopisto.fi\\\/sv\\\/#organization\"},\"image\":{\"@id\":\"https:\\\/\\\/www.pelastusopisto.fi\\\/sv\\\/uutisia\\\/suomi-lahettaa-kansainvalisen-pelastustoiminnan-asiantuntija-apua-kuubaan\\\/#primaryimage\"},\"thumbnailUrl\":\"https:\\\/\\\/www.pelastusopisto.fi\\\/wp-content\\\/uploads\\\/Kv-pel-asiantuntijat-Kuuba.jpg\",\"articleSection\":[\"Uutisia\"],\"inLanguage\":\"sv-SE\"},{\"@type\":\"WebPage\",\"@id\":\"https:\\\/\\\/www.pelastusopisto.fi\\\/sv\\\/uutisia\\\/suomi-lahettaa-kansainvalisen-pelastustoiminnan-asiantuntija-apua-kuubaan\\\/\",\"url\":\"https:\\\/\\\/www.pelastusopisto.fi\\\/sv\\\/uutisia\\\/suomi-lahettaa-kansainvalisen-pelastustoiminnan-asiantuntija-apua-kuubaan\\\/\",\"name\":\"Suomi l\u00e4hett\u00e4\u00e4 kansainv\u00e4lisen pelastustoiminnan asiantuntija-apua Kuubaan - Pelastusopisto\",\"isPartOf\":{\"@id\":\"https:\\\/\\\/www.pelastusopisto.fi\\\/sv\\\/#website\"},\"primaryImageOfPage\":{\"@id\":\"https:\\\/\\\/www.pelastusopisto.fi\\\/sv\\\/uutisia\\\/suomi-lahettaa-kansainvalisen-pelastustoiminnan-asiantuntija-apua-kuubaan\\\/#primaryimage\"},\"image\":{\"@id\":\"https:\\\/\\\/www.pelastusopisto.fi\\\/sv\\\/uutisia\\\/suomi-lahettaa-kansainvalisen-pelastustoiminnan-asiantuntija-apua-kuubaan\\\/#primaryimage\"},\"thumbnailUrl\":\"https:\\\/\\\/www.pelastusopisto.fi\\\/wp-content\\\/uploads\\\/Kv-pel-asiantuntijat-Kuuba.jpg\",\"datePublished\":\"2022-10-31T13:43:38+00:00\",\"breadcrumb\":{\"@id\":\"https:\\\/\\\/www.pelastusopisto.fi\\\/sv\\\/uutisia\\\/suomi-lahettaa-kansainvalisen-pelastustoiminnan-asiantuntija-apua-kuubaan\\\/#breadcrumb\"},\"inLanguage\":\"sv-SE\",\"potentialAction\":[{\"@type\":\"ReadAction\",\"target\":[\"https:\\\/\\\/www.pelastusopisto.fi\\\/sv\\\/uutisia\\\/suomi-lahettaa-kansainvalisen-pelastustoiminnan-asiantuntija-apua-kuubaan\\\/\"]}]},{\"@type\":\"ImageObject\",\"inLanguage\":\"sv-SE\",\"@id\":\"https:\\\/\\\/www.pelastusopisto.fi\\\/sv\\\/uutisia\\\/suomi-lahettaa-kansainvalisen-pelastustoiminnan-asiantuntija-apua-kuubaan\\\/#primaryimage\",\"url\":\"https:\\\/\\\/www.pelastusopisto.fi\\\/wp-content\\\/uploads\\\/Kv-pel-asiantuntijat-Kuuba.jpg\",\"contentUrl\":\"https:\\\/\\\/www.pelastusopisto.fi\\\/wp-content\\\/uploads\\\/Kv-pel-asiantuntijat-Kuuba.jpg\",\"width\":1200,\"height\":900},{\"@type\":\"BreadcrumbList\",\"@id\":\"https:\\\/\\\/www.pelastusopisto.fi\\\/sv\\\/uutisia\\\/suomi-lahettaa-kansainvalisen-pelastustoiminnan-asiantuntija-apua-kuubaan\\\/#breadcrumb\",\"itemListElement\":[{\"@type\":\"ListItem\",\"position\":1,\"name\":\"Home\",\"item\":\"https:\\\/\\\/www.pelastusopisto.fi\\\/sv\\\/\"},{\"@type\":\"ListItem\",\"position\":2,\"name\":\"Suomi l\u00e4hett\u00e4\u00e4 kansainv\u00e4lisen pelastustoiminnan asiantuntija-apua Kuubaan\"}]},{\"@type\":\"WebSite\",\"@id\":\"https:\\\/\\\/www.pelastusopisto.fi\\\/sv\\\/#website\",\"url\":\"https:\\\/\\\/www.pelastusopisto.fi\\\/sv\\\/\",\"name\":\"Pelastusopisto\",\"description\":\"\",\"publisher\":{\"@id\":\"https:\\\/\\\/www.pelastusopisto.fi\\\/sv\\\/#organization\"},\"potentialAction\":[{\"@type\":\"SearchAction\",\"target\":{\"@type\":\"EntryPoint\",\"urlTemplate\":\"https:\\\/\\\/www.pelastusopisto.fi\\\/sv\\\/?s={search_term_string}\"},\"query-input\":{\"@type\":\"PropertyValueSpecification\",\"valueRequired\":true,\"valueName\":\"search_term_string\"}}],\"inLanguage\":\"sv-SE\"},{\"@type\":\"Organization\",\"@id\":\"https:\\\/\\\/www.pelastusopisto.fi\\\/sv\\\/#organization\",\"name\":\"Pelastusopisto\",\"url\":\"https:\\\/\\\/www.pelastusopisto.fi\\\/sv\\\/\",\"logo\":{\"@type\":\"ImageObject\",\"inLanguage\":\"sv-SE\",\"@id\":\"https:\\\/\\\/www.pelastusopisto.fi\\\/sv\\\/#\\\/schema\\\/logo\\\/image\\\/\",\"url\":\"https:\\\/\\\/www.pelastusopisto.fi\\\/wp-content\\\/uploads\\\/pelastusopisto-logo-net.png\",\"contentUrl\":\"https:\\\/\\\/www.pelastusopisto.fi\\\/wp-content\\\/uploads\\\/pelastusopisto-logo-net.png\",\"width\":387,\"height\":71,\"caption\":\"Pelastusopisto\"},\"image\":{\"@id\":\"https:\\\/\\\/www.pelastusopisto.fi\\\/sv\\\/#\\\/schema\\\/logo\\\/image\\\/\"},\"sameAs\":[\"https:\\\/\\\/www.facebook.com\\\/Pelastusopisto\\\/\",\"https:\\\/\\\/x.com\\\/Pelastusopisto\",\"https:\\\/\\\/www.instagram.com\\\/pelastusopisto\\\/\",\"https:\\\/\\\/fi.linkedin.com\\\/school\\\/pelastusopisto\\\/\",\"https:\\\/\\\/www.youtube.com\\\/channel\\\/UCQjXYneFsnDYnJtZBfr9Ajg\"]},{\"@type\":\"Person\",\"@id\":\"https:\\\/\\\/www.pelastusopisto.fi\\\/sv\\\/#\\\/schema\\\/person\\\/152cef2bb81e815d963aaf12ae9b26eb\",\"name\":\"Viestinta-Peo\",\"url\":\"https:\\\/\\\/www.pelastusopisto.fi\\\/sv\\\/author\\\/viestinta-peo\\\/\"}]}<\/script>\n<!-- \/ Yoast SEO plugin. -->","yoast_head_json":{"title":"Suomi l\u00e4hett\u00e4\u00e4 kansainv\u00e4lisen pelastustoiminnan asiantuntija-apua Kuubaan - Pelastusopisto","robots":{"index":"index","follow":"follow","max-snippet":"max-snippet:-1","max-image-preview":"max-image-preview:large","max-video-preview":"max-video-preview:-1"},"canonical":"https:\/\/www.pelastusopisto.fi\/sv\/uutisia\/suomi-lahettaa-kansainvalisen-pelastustoiminnan-asiantuntija-apua-kuubaan\/","og_locale":"sv_SE","og_type":"article","og_title":"Suomi l\u00e4hett\u00e4\u00e4 kansainv\u00e4lisen pelastustoiminnan asiantuntija-apua Kuubaan - Pelastusopisto","og_description":"Suomi on l\u00e4hett\u00e4nyt kaksi kansainv\u00e4lisen pelastustoiminnan asiantuntijaa Kuuban Havannaan tukemaan [&hellip;]","og_url":"https:\/\/www.pelastusopisto.fi\/sv\/uutisia\/suomi-lahettaa-kansainvalisen-pelastustoiminnan-asiantuntija-apua-kuubaan\/","og_site_name":"Pelastusopisto","article_publisher":"https:\/\/www.facebook.com\/Pelastusopisto\/","article_published_time":"2022-10-31T13:43:38+00:00","og_image":[{"width":1200,"height":900,"url":"https:\/\/www.pelastusopisto.fi\/wp-content\/uploads\/Kv-pel-asiantuntijat-Kuuba.jpg","type":"image\/jpeg"}],"author":"Viestinta-Peo","twitter_card":"summary_large_image","twitter_creator":"@Pelastusopisto","twitter_site":"@Pelastusopisto","twitter_misc":{"Skriven av":"Viestinta-Peo","Ber\u00e4knad l\u00e4stid":"2 minuter"},"schema":{"@context":"https:\/\/schema.org","@graph":[{"@type":"Article","@id":"https:\/\/www.pelastusopisto.fi\/sv\/uutisia\/suomi-lahettaa-kansainvalisen-pelastustoiminnan-asiantuntija-apua-kuubaan\/#article","isPartOf":{"@id":"https:\/\/www.pelastusopisto.fi\/sv\/uutisia\/suomi-lahettaa-kansainvalisen-pelastustoiminnan-asiantuntija-apua-kuubaan\/"},"author":{"name":"Viestinta-Peo","@id":"https:\/\/www.pelastusopisto.fi\/sv\/#\/schema\/person\/152cef2bb81e815d963aaf12ae9b26eb"},"headline":"Suomi l\u00e4hett\u00e4\u00e4 kansainv\u00e4lisen pelastustoiminnan asiantuntija-apua Kuubaan","datePublished":"2022-10-31T13:43:38+00:00","mainEntityOfPage":{"@id":"https:\/\/www.pelastusopisto.fi\/sv\/uutisia\/suomi-lahettaa-kansainvalisen-pelastustoiminnan-asiantuntija-apua-kuubaan\/"},"wordCount":268,"publisher":{"@id":"https:\/\/www.pelastusopisto.fi\/sv\/#organization"},"image":{"@id":"https:\/\/www.pelastusopisto.fi\/sv\/uutisia\/suomi-lahettaa-kansainvalisen-pelastustoiminnan-asiantuntija-apua-kuubaan\/#primaryimage"},"thumbnailUrl":"https:\/\/www.pelastusopisto.fi\/wp-content\/uploads\/Kv-pel-asiantuntijat-Kuuba.jpg","articleSection":["Uutisia"],"inLanguage":"sv-SE"},{"@type":"WebPage","@id":"https:\/\/www.pelastusopisto.fi\/sv\/uutisia\/suomi-lahettaa-kansainvalisen-pelastustoiminnan-asiantuntija-apua-kuubaan\/","url":"https:\/\/www.pelastusopisto.fi\/sv\/uutisia\/suomi-lahettaa-kansainvalisen-pelastustoiminnan-asiantuntija-apua-kuubaan\/","name":"Suomi l\u00e4hett\u00e4\u00e4 kansainv\u00e4lisen pelastustoiminnan asiantuntija-apua Kuubaan - Pelastusopisto","isPartOf":{"@id":"https:\/\/www.pelastusopisto.fi\/sv\/#website"},"primaryImageOfPage":{"@id":"https:\/\/www.pelastusopisto.fi\/sv\/uutisia\/suomi-lahettaa-kansainvalisen-pelastustoiminnan-asiantuntija-apua-kuubaan\/#primaryimage"},"image":{"@id":"https:\/\/www.pelastusopisto.fi\/sv\/uutisia\/suomi-lahettaa-kansainvalisen-pelastustoiminnan-asiantuntija-apua-kuubaan\/#primaryimage"},"thumbnailUrl":"https:\/\/www.pelastusopisto.fi\/wp-content\/uploads\/Kv-pel-asiantuntijat-Kuuba.jpg","datePublished":"2022-10-31T13:43:38+00:00","breadcrumb":{"@id":"https:\/\/www.pelastusopisto.fi\/sv\/uutisia\/suomi-lahettaa-kansainvalisen-pelastustoiminnan-asiantuntija-apua-kuubaan\/#breadcrumb"},"inLanguage":"sv-SE","potentialAction":[{"@type":"ReadAction","target":["https:\/\/www.pelastusopisto.fi\/sv\/uutisia\/suomi-lahettaa-kansainvalisen-pelastustoiminnan-asiantuntija-apua-kuubaan\/"]}]},{"@type":"ImageObject","inLanguage":"sv-SE","@id":"https:\/\/www.pelastusopisto.fi\/sv\/uutisia\/suomi-lahettaa-kansainvalisen-pelastustoiminnan-asiantuntija-apua-kuubaan\/#primaryimage","url":"https:\/\/www.pelastusopisto.fi\/wp-content\/uploads\/Kv-pel-asiantuntijat-Kuuba.jpg","contentUrl":"https:\/\/www.pelastusopisto.fi\/wp-content\/uploads\/Kv-pel-asiantuntijat-Kuuba.jpg","width":1200,"height":900},{"@type":"BreadcrumbList","@id":"https:\/\/www.pelastusopisto.fi\/sv\/uutisia\/suomi-lahettaa-kansainvalisen-pelastustoiminnan-asiantuntija-apua-kuubaan\/#breadcrumb","itemListElement":[{"@type":"ListItem","position":1,"name":"Home","item":"https:\/\/www.pelastusopisto.fi\/sv\/"},{"@type":"ListItem","position":2,"name":"Suomi l\u00e4hett\u00e4\u00e4 kansainv\u00e4lisen pelastustoiminnan asiantuntija-apua Kuubaan"}]},{"@type":"WebSite","@id":"https:\/\/www.pelastusopisto.fi\/sv\/#website","url":"https:\/\/www.pelastusopisto.fi\/sv\/","name":"Pelastusopisto","description":"","publisher":{"@id":"https:\/\/www.pelastusopisto.fi\/sv\/#organization"},"potentialAction":[{"@type":"SearchAction","target":{"@type":"EntryPoint","urlTemplate":"https:\/\/www.pelastusopisto.fi\/sv\/?s={search_term_string}"},"query-input":{"@type":"PropertyValueSpecification","valueRequired":true,"valueName":"search_term_string"}}],"inLanguage":"sv-SE"},{"@type":"Organization","@id":"https:\/\/www.pelastusopisto.fi\/sv\/#organization","name":"Pelastusopisto","url":"https:\/\/www.pelastusopisto.fi\/sv\/","logo":{"@type":"ImageObject","inLanguage":"sv-SE","@id":"https:\/\/www.pelastusopisto.fi\/sv\/#\/schema\/logo\/image\/","url":"https:\/\/www.pelastusopisto.fi\/wp-content\/uploads\/pelastusopisto-logo-net.png","contentUrl":"https:\/\/www.pelastusopisto.fi\/wp-content\/uploads\/pelastusopisto-logo-net.png","width":387,"height":71,"caption":"Pelastusopisto"},"image":{"@id":"https:\/\/www.pelastusopisto.fi\/sv\/#\/schema\/logo\/image\/"},"sameAs":["https:\/\/www.facebook.com\/Pelastusopisto\/","https:\/\/x.com\/Pelastusopisto","https:\/\/www.instagram.com\/pelastusopisto\/","https:\/\/fi.linkedin.com\/school\/pelastusopisto\/","https:\/\/www.youtube.com\/channel\/UCQjXYneFsnDYnJtZBfr9Ajg"]},{"@type":"Person","@id":"https:\/\/www.pelastusopisto.fi\/sv\/#\/schema\/person\/152cef2bb81e815d963aaf12ae9b26eb","name":"Viestinta-Peo","url":"https:\/\/www.pelastusopisto.fi\/sv\/author\/viestinta-peo\/"}]}},"featured_image_src":"https:\/\/www.pelastusopisto.fi\/wp-content\/uploads\/Kv-pel-asiantuntijat-Kuuba-600x400.jpg","featured_image_src_square":"https:\/\/www.pelastusopisto.fi\/wp-content\/uploads\/Kv-pel-asiantuntijat-Kuuba-600x600.jpg","author_info":{"display_name":"Viestinta-Peo","author_link":"https:\/\/www.pelastusopisto.fi\/sv\/author\/viestinta-peo\/"},"_links":{"self":[{"href":"https:\/\/www.pelastusopisto.fi\/sv\/wp-json\/wp\/v2\/posts\/32540","targetHints":{"allow":["GET"]}}],"collection":[{"href":"https:\/\/www.pelastusopisto.fi\/sv\/wp-json\/wp\/v2\/posts"}],"about":[{"href":"https:\/\/www.pelastusopisto.fi\/sv\/wp-json\/wp\/v2\/types\/post"}],"author":[{"embeddable":true,"href":"https:\/\/www.pelastusopisto.fi\/sv\/wp-json\/wp\/v2\/users\/103"}],"replies":[{"embeddable":true,"href":"https:\/\/www.pelastusopisto.fi\/sv\/wp-json\/wp\/v2\/comments?post=32540"}],"version-history":[{"count":0,"href":"https:\/\/www.pelastusopisto.fi\/sv\/wp-json\/wp\/v2\/posts\/32540\/revisions"}],"wp:featuredmedia":[{"embeddable":true,"href":"https:\/\/www.pelastusopisto.fi\/sv\/wp-json\/wp\/v2\/media\/46886"}],"wp:attachment":[{"href":"https:\/\/www.pelastusopisto.fi\/sv\/wp-json\/wp\/v2\/media?parent=32540"}],"wp:term":[{"taxonomy":"category","embeddable":true,"href":"https:\/\/www.pelastusopisto.fi\/sv\/wp-json\/wp\/v2\/categories?post=32540"},{"taxonomy":"post_tag","embeddable":true,"href":"https:\/\/www.pelastusopisto.fi\/sv\/wp-json\/wp\/v2\/tags?post=32540"}],"curies":[{"name":"wp","href":"https:\/\/api.w.org\/{rel}","templated":true}]}}