{"id":23979,"date":"2021-04-22T15:46:09","date_gmt":"2021-04-22T12:46:09","guid":{"rendered":"https:\/\/www.pelastusopisto.fi\/?p=23979"},"modified":"2021-04-22T15:46:09","modified_gmt":"2021-04-22T12:46:09","slug":"pelastustoimen-tutkimuspaiva-tulee-taas-talla-kertaa-virtuaalisesti","status":"publish","type":"post","link":"https:\/\/www.pelastusopisto.fi\/sv\/tutkimuksen-tiedotteet\/pelastustoimen-tutkimuspaiva-tulee-taas-talla-kertaa-virtuaalisesti\/","title":{"rendered":"Pelastustoimen tutkimusp\u00e4iv\u00e4 tulee taas \u2013 t\u00e4ll\u00e4 kertaa virtuaalisesti"},"content":{"rendered":"\n<p><strong><em>Pelastus- ja turvallisuustutkimuksen asiantuntijoita, n\u00e4k\u00f6kulmia ja alan TKI-toiminnasta kiinnostuneita yhteen kokoava Pelastustoimen tutkimusp\u00e4iv\u00e4 2021 -tapahtuma j\u00e4rjestet\u00e4\u00e4n 9.6.2021. T\u00e4n\u00e4 vuonna tapahtuma toteutetaan poikkeuksellisesti yksip\u00e4iv\u00e4isen\u00e4 ja t\u00e4ysin virtuaalisesti. Tapahtuman j\u00e4rjest\u00e4\u00e4 Pelastusopiston tutkimus-, kehitt\u00e4mis- ja innovaatiopalvelut.<\/em><\/strong><\/p>\n\n\n\n<p><strong><em><br><\/em><\/strong>Pelastustoimen tutkimusp\u00e4iv\u00e4 2021 kokoaa eri n\u00e4k\u00f6kulmia edustavia pelastus- ja turvallisuusteemojen tutkijoita ja kehitt\u00e4ji\u00e4 poikkitieteelliseen virtuaalitapaamiseen <strong>9.6.2021 klo 8.15\u201316.30.<\/strong> Vuoden 2021 tutkimusp\u00e4iv\u00e4n teemoja ovat pelastusalan viestint\u00e4, sis\u00e4isen turvallisuuden muuttuva toimintaymp\u00e4rist\u00f6 ja pelastustoiminnan uudet tuulet.<\/p>\n\n\n\n<p>P\u00e4iv\u00e4n ohjelma lupaa ajankohtaista keskustelua pelastustoimen tutkimuksesta, tulevan ennakointia sek\u00e4 monipuolista tietoa pelastusalan kehitt\u00e4mis- ja innovaatiotoiminnasta. Tapahtuma rakentuu viestint\u00e4koulutuksesta sek\u00e4 kolmesta teemasessiosta. P\u00e4iv\u00e4n keynote-puheenvuorot pit\u00e4v\u00e4t viestint\u00e4johtaja <strong>Elina Kinnunen<\/strong> (TAYS, Pirkanmaan sairaanhoitopiiri), erityisasiantuntija <strong>Piia Vuori-Murto<\/strong> (Poliisihallitus) sek\u00e4 mets\u00e4palontorjunnan asiantuntija <strong>Mike Jurv\u00e9lius.<\/strong><\/p>\n\n\n\n<p>&#8211; Odotamme p\u00e4iv\u00e4lt\u00e4 inspiroivia kohtaamisia, mielenkiintoisia alustuksia ja keskustelua sek\u00e4 verkottumista ja yhteisty\u00f6n vahvistumista. Tapahtuma on avoin ja maksuton kaikille pelastus- ja turvallisuusalan TKI-toiminnasta kiinnostuneille, ja toivotammekin heist\u00e4 jokaisen l\u00e4mpim\u00e4sti tervetulleeksi mukaan, toteaa Pelastusopiston tutkimusjohtaja Jarno Ruusunen.<\/p>\n\n\n\n<p>Tutkimusp\u00e4iv\u00e4n yhteydess\u00e4 julkaistaan Pelastus- ja turvallisuustutkimuksen vuosikirja 2021.<\/p>\n\n\n\n<p>P\u00e4iv\u00e4n alustava ohjelma on julkaistu ja ilmoittautuminen avoinna Pelastusopiston <a href=\"http:\/\/pelastusopisto.fi\/ptp21\">verkkosivuilla<\/a>.<\/p>\n\n\n\n<p><strong>Lis\u00e4tietoja:<\/strong><\/p>\n\n\n\n<p>Pelastusopisto, tutkimusjohtaja Jarno Ruusunen, <a href=\"mailto:jarno.ruusunen@pelastusopisto.fi\">jarno.ruusunen@pelastusopisto.fi<\/a>, puh. 0295 453 404<\/p>\n","protected":false},"excerpt":{"rendered":"<p>Pelastus- ja turvallisuustutkimuksen asiantuntijoita, n\u00e4k\u00f6kulmia ja alan TKI-toiminnasta kiinnostuneita yhteen [&hellip;]<\/p>\n","protected":false},"author":65,"featured_media":43996,"comment_status":"closed","ping_status":"closed","sticky":false,"template":"","format":"standard","meta":{"_acf_changed":false,"_genesis_hide_title":false,"_genesis_hide_breadcrumbs":false,"_genesis_hide_singular_image":false,"_genesis_hide_footer_widgets":false,"_genesis_custom_body_class":"","_genesis_custom_post_class":"","_genesis_layout":"","footnotes":""},"categories":[94,91],"tags":[],"class_list":{"0":"post-23979","1":"post","2":"type-post","3":"status-publish","4":"format-standard","5":"has-post-thumbnail","7":"category-tutkimuksen-tiedotteet","8":"category-uutisia","9":"entry"},"acf":[],"gutentor_comment":0,"yoast_head":"<!-- This site is optimized with the Yoast SEO plugin v27.4 - https:\/\/yoast.com\/product\/yoast-seo-wordpress\/ -->\n<title>Pelastustoimen tutkimusp\u00e4iv\u00e4 tulee taas \u2013 t\u00e4ll\u00e4 kertaa virtuaalisesti - Pelastusopisto<\/title>\n<meta name=\"description\" content=\"Pelastustoimen tutkimusp\u00e4iv\u00e4 2021 -tapahtuma j\u00e4rjestet\u00e4\u00e4n virtuaalisesti 9.6.2021. Tervetuloa!\" \/>\n<meta name=\"robots\" content=\"index, follow, max-snippet:-1, max-image-preview:large, max-video-preview:-1\" \/>\n<link rel=\"canonical\" href=\"https:\/\/www.pelastusopisto.fi\/sv\/tutkimuksen-tiedotteet\/pelastustoimen-tutkimuspaiva-tulee-taas-talla-kertaa-virtuaalisesti\/\" \/>\n<meta property=\"og:locale\" content=\"sv_SE\" \/>\n<meta property=\"og:type\" content=\"article\" \/>\n<meta property=\"og:title\" content=\"Pelastustoimen tutkimusp\u00e4iv\u00e4 tulee taas \u2013 t\u00e4ll\u00e4 kertaa virtuaalisesti - Pelastusopisto\" \/>\n<meta property=\"og:description\" content=\"Pelastustoimen tutkimusp\u00e4iv\u00e4 2021 -tapahtuma j\u00e4rjestet\u00e4\u00e4n virtuaalisesti 9.6.2021. Tervetuloa!\" \/>\n<meta property=\"og:url\" content=\"https:\/\/www.pelastusopisto.fi\/sv\/tutkimuksen-tiedotteet\/pelastustoimen-tutkimuspaiva-tulee-taas-talla-kertaa-virtuaalisesti\/\" \/>\n<meta property=\"og:site_name\" content=\"Pelastusopisto\" \/>\n<meta property=\"article:publisher\" content=\"https:\/\/www.facebook.com\/Pelastusopisto\/\" \/>\n<meta property=\"article:published_time\" content=\"2021-04-22T12:46:09+00:00\" \/>\n<meta property=\"og:image\" content=\"https:\/\/www.pelastusopisto.fi\/wp-content\/uploads\/placeholder.png\" \/>\n\t<meta property=\"og:image:width\" content=\"900\" \/>\n\t<meta property=\"og:image:height\" content=\"600\" \/>\n\t<meta property=\"og:image:type\" content=\"image\/png\" \/>\n<meta name=\"author\" content=\"Virve Kyll\u00f6nen\" \/>\n<meta name=\"twitter:card\" content=\"summary_large_image\" \/>\n<meta name=\"twitter:creator\" content=\"@Pelastusopisto\" \/>\n<meta name=\"twitter:site\" content=\"@Pelastusopisto\" \/>\n<meta name=\"twitter:label1\" content=\"Skriven av\" \/>\n\t<meta name=\"twitter:data1\" content=\"Virve Kyll\u00f6nen\" \/>\n\t<meta name=\"twitter:label2\" content=\"Ber\u00e4knad l\u00e4stid\" \/>\n\t<meta name=\"twitter:data2\" content=\"1 minut\" \/>\n<script type=\"application\/ld+json\" class=\"yoast-schema-graph\">{\"@context\":\"https:\\\/\\\/schema.org\",\"@graph\":[{\"@type\":\"Article\",\"@id\":\"https:\\\/\\\/www.pelastusopisto.fi\\\/sv\\\/tutkimuksen-tiedotteet\\\/pelastustoimen-tutkimuspaiva-tulee-taas-talla-kertaa-virtuaalisesti\\\/#article\",\"isPartOf\":{\"@id\":\"https:\\\/\\\/www.pelastusopisto.fi\\\/sv\\\/tutkimuksen-tiedotteet\\\/pelastustoimen-tutkimuspaiva-tulee-taas-talla-kertaa-virtuaalisesti\\\/\"},\"author\":{\"name\":\"Virve Kyll\u00f6nen\",\"@id\":\"https:\\\/\\\/www.pelastusopisto.fi\\\/sv\\\/#\\\/schema\\\/person\\\/5f3474c0d0f844f798a8e940f44d5a43\"},\"headline\":\"Pelastustoimen tutkimusp\u00e4iv\u00e4 tulee taas \u2013 t\u00e4ll\u00e4 kertaa virtuaalisesti\",\"datePublished\":\"2021-04-22T12:46:09+00:00\",\"mainEntityOfPage\":{\"@id\":\"https:\\\/\\\/www.pelastusopisto.fi\\\/sv\\\/tutkimuksen-tiedotteet\\\/pelastustoimen-tutkimuspaiva-tulee-taas-talla-kertaa-virtuaalisesti\\\/\"},\"wordCount\":213,\"publisher\":{\"@id\":\"https:\\\/\\\/www.pelastusopisto.fi\\\/sv\\\/#organization\"},\"image\":{\"@id\":\"https:\\\/\\\/www.pelastusopisto.fi\\\/sv\\\/tutkimuksen-tiedotteet\\\/pelastustoimen-tutkimuspaiva-tulee-taas-talla-kertaa-virtuaalisesti\\\/#primaryimage\"},\"thumbnailUrl\":\"https:\\\/\\\/www.pelastusopisto.fi\\\/wp-content\\\/uploads\\\/placeholder.png\",\"articleSection\":[\"TKI-toiminta\",\"Uutisia\"],\"inLanguage\":\"sv-SE\"},{\"@type\":\"WebPage\",\"@id\":\"https:\\\/\\\/www.pelastusopisto.fi\\\/sv\\\/tutkimuksen-tiedotteet\\\/pelastustoimen-tutkimuspaiva-tulee-taas-talla-kertaa-virtuaalisesti\\\/\",\"url\":\"https:\\\/\\\/www.pelastusopisto.fi\\\/sv\\\/tutkimuksen-tiedotteet\\\/pelastustoimen-tutkimuspaiva-tulee-taas-talla-kertaa-virtuaalisesti\\\/\",\"name\":\"Pelastustoimen tutkimusp\u00e4iv\u00e4 tulee taas \u2013 t\u00e4ll\u00e4 kertaa virtuaalisesti - Pelastusopisto\",\"isPartOf\":{\"@id\":\"https:\\\/\\\/www.pelastusopisto.fi\\\/sv\\\/#website\"},\"primaryImageOfPage\":{\"@id\":\"https:\\\/\\\/www.pelastusopisto.fi\\\/sv\\\/tutkimuksen-tiedotteet\\\/pelastustoimen-tutkimuspaiva-tulee-taas-talla-kertaa-virtuaalisesti\\\/#primaryimage\"},\"image\":{\"@id\":\"https:\\\/\\\/www.pelastusopisto.fi\\\/sv\\\/tutkimuksen-tiedotteet\\\/pelastustoimen-tutkimuspaiva-tulee-taas-talla-kertaa-virtuaalisesti\\\/#primaryimage\"},\"thumbnailUrl\":\"https:\\\/\\\/www.pelastusopisto.fi\\\/wp-content\\\/uploads\\\/placeholder.png\",\"datePublished\":\"2021-04-22T12:46:09+00:00\",\"description\":\"Pelastustoimen tutkimusp\u00e4iv\u00e4 2021 -tapahtuma j\u00e4rjestet\u00e4\u00e4n virtuaalisesti 9.6.2021. Tervetuloa!\",\"breadcrumb\":{\"@id\":\"https:\\\/\\\/www.pelastusopisto.fi\\\/sv\\\/tutkimuksen-tiedotteet\\\/pelastustoimen-tutkimuspaiva-tulee-taas-talla-kertaa-virtuaalisesti\\\/#breadcrumb\"},\"inLanguage\":\"sv-SE\",\"potentialAction\":[{\"@type\":\"ReadAction\",\"target\":[\"https:\\\/\\\/www.pelastusopisto.fi\\\/sv\\\/tutkimuksen-tiedotteet\\\/pelastustoimen-tutkimuspaiva-tulee-taas-talla-kertaa-virtuaalisesti\\\/\"]}]},{\"@type\":\"ImageObject\",\"inLanguage\":\"sv-SE\",\"@id\":\"https:\\\/\\\/www.pelastusopisto.fi\\\/sv\\\/tutkimuksen-tiedotteet\\\/pelastustoimen-tutkimuspaiva-tulee-taas-talla-kertaa-virtuaalisesti\\\/#primaryimage\",\"url\":\"https:\\\/\\\/www.pelastusopisto.fi\\\/wp-content\\\/uploads\\\/placeholder.png\",\"contentUrl\":\"https:\\\/\\\/www.pelastusopisto.fi\\\/wp-content\\\/uploads\\\/placeholder.png\",\"width\":900,\"height\":600},{\"@type\":\"BreadcrumbList\",\"@id\":\"https:\\\/\\\/www.pelastusopisto.fi\\\/sv\\\/tutkimuksen-tiedotteet\\\/pelastustoimen-tutkimuspaiva-tulee-taas-talla-kertaa-virtuaalisesti\\\/#breadcrumb\",\"itemListElement\":[{\"@type\":\"ListItem\",\"position\":1,\"name\":\"Home\",\"item\":\"https:\\\/\\\/www.pelastusopisto.fi\\\/sv\\\/\"},{\"@type\":\"ListItem\",\"position\":2,\"name\":\"Pelastustoimen tutkimusp\u00e4iv\u00e4 tulee taas \u2013 t\u00e4ll\u00e4 kertaa virtuaalisesti\"}]},{\"@type\":\"WebSite\",\"@id\":\"https:\\\/\\\/www.pelastusopisto.fi\\\/sv\\\/#website\",\"url\":\"https:\\\/\\\/www.pelastusopisto.fi\\\/sv\\\/\",\"name\":\"Pelastusopisto\",\"description\":\"\",\"publisher\":{\"@id\":\"https:\\\/\\\/www.pelastusopisto.fi\\\/sv\\\/#organization\"},\"potentialAction\":[{\"@type\":\"SearchAction\",\"target\":{\"@type\":\"EntryPoint\",\"urlTemplate\":\"https:\\\/\\\/www.pelastusopisto.fi\\\/sv\\\/?s={search_term_string}\"},\"query-input\":{\"@type\":\"PropertyValueSpecification\",\"valueRequired\":true,\"valueName\":\"search_term_string\"}}],\"inLanguage\":\"sv-SE\"},{\"@type\":\"Organization\",\"@id\":\"https:\\\/\\\/www.pelastusopisto.fi\\\/sv\\\/#organization\",\"name\":\"Pelastusopisto\",\"url\":\"https:\\\/\\\/www.pelastusopisto.fi\\\/sv\\\/\",\"logo\":{\"@type\":\"ImageObject\",\"inLanguage\":\"sv-SE\",\"@id\":\"https:\\\/\\\/www.pelastusopisto.fi\\\/sv\\\/#\\\/schema\\\/logo\\\/image\\\/\",\"url\":\"https:\\\/\\\/www.pelastusopisto.fi\\\/wp-content\\\/uploads\\\/pelastusopisto-logo-net.png\",\"contentUrl\":\"https:\\\/\\\/www.pelastusopisto.fi\\\/wp-content\\\/uploads\\\/pelastusopisto-logo-net.png\",\"width\":387,\"height\":71,\"caption\":\"Pelastusopisto\"},\"image\":{\"@id\":\"https:\\\/\\\/www.pelastusopisto.fi\\\/sv\\\/#\\\/schema\\\/logo\\\/image\\\/\"},\"sameAs\":[\"https:\\\/\\\/www.facebook.com\\\/Pelastusopisto\\\/\",\"https:\\\/\\\/x.com\\\/Pelastusopisto\",\"https:\\\/\\\/www.instagram.com\\\/pelastusopisto\\\/\",\"https:\\\/\\\/fi.linkedin.com\\\/school\\\/pelastusopisto\\\/\",\"https:\\\/\\\/www.youtube.com\\\/channel\\\/UCQjXYneFsnDYnJtZBfr9Ajg\"]},{\"@type\":\"Person\",\"@id\":\"https:\\\/\\\/www.pelastusopisto.fi\\\/sv\\\/#\\\/schema\\\/person\\\/5f3474c0d0f844f798a8e940f44d5a43\",\"name\":\"Virve Kyll\u00f6nen\",\"url\":\"https:\\\/\\\/www.pelastusopisto.fi\\\/sv\\\/author\\\/virv-kyll\\\/\"}]}<\/script>\n<!-- \/ Yoast SEO plugin. -->","yoast_head_json":{"title":"Pelastustoimen tutkimusp\u00e4iv\u00e4 tulee taas \u2013 t\u00e4ll\u00e4 kertaa virtuaalisesti - Pelastusopisto","description":"Pelastustoimen tutkimusp\u00e4iv\u00e4 2021 -tapahtuma j\u00e4rjestet\u00e4\u00e4n virtuaalisesti 9.6.2021. Tervetuloa!","robots":{"index":"index","follow":"follow","max-snippet":"max-snippet:-1","max-image-preview":"max-image-preview:large","max-video-preview":"max-video-preview:-1"},"canonical":"https:\/\/www.pelastusopisto.fi\/sv\/tutkimuksen-tiedotteet\/pelastustoimen-tutkimuspaiva-tulee-taas-talla-kertaa-virtuaalisesti\/","og_locale":"sv_SE","og_type":"article","og_title":"Pelastustoimen tutkimusp\u00e4iv\u00e4 tulee taas \u2013 t\u00e4ll\u00e4 kertaa virtuaalisesti - Pelastusopisto","og_description":"Pelastustoimen tutkimusp\u00e4iv\u00e4 2021 -tapahtuma j\u00e4rjestet\u00e4\u00e4n virtuaalisesti 9.6.2021. Tervetuloa!","og_url":"https:\/\/www.pelastusopisto.fi\/sv\/tutkimuksen-tiedotteet\/pelastustoimen-tutkimuspaiva-tulee-taas-talla-kertaa-virtuaalisesti\/","og_site_name":"Pelastusopisto","article_publisher":"https:\/\/www.facebook.com\/Pelastusopisto\/","article_published_time":"2021-04-22T12:46:09+00:00","og_image":[{"width":900,"height":600,"url":"https:\/\/www.pelastusopisto.fi\/wp-content\/uploads\/placeholder.png","type":"image\/png"}],"author":"Virve Kyll\u00f6nen","twitter_card":"summary_large_image","twitter_creator":"@Pelastusopisto","twitter_site":"@Pelastusopisto","twitter_misc":{"Skriven av":"Virve Kyll\u00f6nen","Ber\u00e4knad l\u00e4stid":"1 minut"},"schema":{"@context":"https:\/\/schema.org","@graph":[{"@type":"Article","@id":"https:\/\/www.pelastusopisto.fi\/sv\/tutkimuksen-tiedotteet\/pelastustoimen-tutkimuspaiva-tulee-taas-talla-kertaa-virtuaalisesti\/#article","isPartOf":{"@id":"https:\/\/www.pelastusopisto.fi\/sv\/tutkimuksen-tiedotteet\/pelastustoimen-tutkimuspaiva-tulee-taas-talla-kertaa-virtuaalisesti\/"},"author":{"name":"Virve Kyll\u00f6nen","@id":"https:\/\/www.pelastusopisto.fi\/sv\/#\/schema\/person\/5f3474c0d0f844f798a8e940f44d5a43"},"headline":"Pelastustoimen tutkimusp\u00e4iv\u00e4 tulee taas \u2013 t\u00e4ll\u00e4 kertaa virtuaalisesti","datePublished":"2021-04-22T12:46:09+00:00","mainEntityOfPage":{"@id":"https:\/\/www.pelastusopisto.fi\/sv\/tutkimuksen-tiedotteet\/pelastustoimen-tutkimuspaiva-tulee-taas-talla-kertaa-virtuaalisesti\/"},"wordCount":213,"publisher":{"@id":"https:\/\/www.pelastusopisto.fi\/sv\/#organization"},"image":{"@id":"https:\/\/www.pelastusopisto.fi\/sv\/tutkimuksen-tiedotteet\/pelastustoimen-tutkimuspaiva-tulee-taas-talla-kertaa-virtuaalisesti\/#primaryimage"},"thumbnailUrl":"https:\/\/www.pelastusopisto.fi\/wp-content\/uploads\/placeholder.png","articleSection":["TKI-toiminta","Uutisia"],"inLanguage":"sv-SE"},{"@type":"WebPage","@id":"https:\/\/www.pelastusopisto.fi\/sv\/tutkimuksen-tiedotteet\/pelastustoimen-tutkimuspaiva-tulee-taas-talla-kertaa-virtuaalisesti\/","url":"https:\/\/www.pelastusopisto.fi\/sv\/tutkimuksen-tiedotteet\/pelastustoimen-tutkimuspaiva-tulee-taas-talla-kertaa-virtuaalisesti\/","name":"Pelastustoimen tutkimusp\u00e4iv\u00e4 tulee taas \u2013 t\u00e4ll\u00e4 kertaa virtuaalisesti - Pelastusopisto","isPartOf":{"@id":"https:\/\/www.pelastusopisto.fi\/sv\/#website"},"primaryImageOfPage":{"@id":"https:\/\/www.pelastusopisto.fi\/sv\/tutkimuksen-tiedotteet\/pelastustoimen-tutkimuspaiva-tulee-taas-talla-kertaa-virtuaalisesti\/#primaryimage"},"image":{"@id":"https:\/\/www.pelastusopisto.fi\/sv\/tutkimuksen-tiedotteet\/pelastustoimen-tutkimuspaiva-tulee-taas-talla-kertaa-virtuaalisesti\/#primaryimage"},"thumbnailUrl":"https:\/\/www.pelastusopisto.fi\/wp-content\/uploads\/placeholder.png","datePublished":"2021-04-22T12:46:09+00:00","description":"Pelastustoimen tutkimusp\u00e4iv\u00e4 2021 -tapahtuma j\u00e4rjestet\u00e4\u00e4n virtuaalisesti 9.6.2021. Tervetuloa!","breadcrumb":{"@id":"https:\/\/www.pelastusopisto.fi\/sv\/tutkimuksen-tiedotteet\/pelastustoimen-tutkimuspaiva-tulee-taas-talla-kertaa-virtuaalisesti\/#breadcrumb"},"inLanguage":"sv-SE","potentialAction":[{"@type":"ReadAction","target":["https:\/\/www.pelastusopisto.fi\/sv\/tutkimuksen-tiedotteet\/pelastustoimen-tutkimuspaiva-tulee-taas-talla-kertaa-virtuaalisesti\/"]}]},{"@type":"ImageObject","inLanguage":"sv-SE","@id":"https:\/\/www.pelastusopisto.fi\/sv\/tutkimuksen-tiedotteet\/pelastustoimen-tutkimuspaiva-tulee-taas-talla-kertaa-virtuaalisesti\/#primaryimage","url":"https:\/\/www.pelastusopisto.fi\/wp-content\/uploads\/placeholder.png","contentUrl":"https:\/\/www.pelastusopisto.fi\/wp-content\/uploads\/placeholder.png","width":900,"height":600},{"@type":"BreadcrumbList","@id":"https:\/\/www.pelastusopisto.fi\/sv\/tutkimuksen-tiedotteet\/pelastustoimen-tutkimuspaiva-tulee-taas-talla-kertaa-virtuaalisesti\/#breadcrumb","itemListElement":[{"@type":"ListItem","position":1,"name":"Home","item":"https:\/\/www.pelastusopisto.fi\/sv\/"},{"@type":"ListItem","position":2,"name":"Pelastustoimen tutkimusp\u00e4iv\u00e4 tulee taas \u2013 t\u00e4ll\u00e4 kertaa virtuaalisesti"}]},{"@type":"WebSite","@id":"https:\/\/www.pelastusopisto.fi\/sv\/#website","url":"https:\/\/www.pelastusopisto.fi\/sv\/","name":"Pelastusopisto","description":"","publisher":{"@id":"https:\/\/www.pelastusopisto.fi\/sv\/#organization"},"potentialAction":[{"@type":"SearchAction","target":{"@type":"EntryPoint","urlTemplate":"https:\/\/www.pelastusopisto.fi\/sv\/?s={search_term_string}"},"query-input":{"@type":"PropertyValueSpecification","valueRequired":true,"valueName":"search_term_string"}}],"inLanguage":"sv-SE"},{"@type":"Organization","@id":"https:\/\/www.pelastusopisto.fi\/sv\/#organization","name":"Pelastusopisto","url":"https:\/\/www.pelastusopisto.fi\/sv\/","logo":{"@type":"ImageObject","inLanguage":"sv-SE","@id":"https:\/\/www.pelastusopisto.fi\/sv\/#\/schema\/logo\/image\/","url":"https:\/\/www.pelastusopisto.fi\/wp-content\/uploads\/pelastusopisto-logo-net.png","contentUrl":"https:\/\/www.pelastusopisto.fi\/wp-content\/uploads\/pelastusopisto-logo-net.png","width":387,"height":71,"caption":"Pelastusopisto"},"image":{"@id":"https:\/\/www.pelastusopisto.fi\/sv\/#\/schema\/logo\/image\/"},"sameAs":["https:\/\/www.facebook.com\/Pelastusopisto\/","https:\/\/x.com\/Pelastusopisto","https:\/\/www.instagram.com\/pelastusopisto\/","https:\/\/fi.linkedin.com\/school\/pelastusopisto\/","https:\/\/www.youtube.com\/channel\/UCQjXYneFsnDYnJtZBfr9Ajg"]},{"@type":"Person","@id":"https:\/\/www.pelastusopisto.fi\/sv\/#\/schema\/person\/5f3474c0d0f844f798a8e940f44d5a43","name":"Virve Kyll\u00f6nen","url":"https:\/\/www.pelastusopisto.fi\/sv\/author\/virv-kyll\/"}]}},"featured_image_src":"https:\/\/www.pelastusopisto.fi\/wp-content\/uploads\/placeholder-600x400.png","featured_image_src_square":"https:\/\/www.pelastusopisto.fi\/wp-content\/uploads\/placeholder-600x600.png","author_info":{"display_name":"Virve Kyll\u00f6nen","author_link":"https:\/\/www.pelastusopisto.fi\/sv\/author\/virv-kyll\/"},"_links":{"self":[{"href":"https:\/\/www.pelastusopisto.fi\/sv\/wp-json\/wp\/v2\/posts\/23979","targetHints":{"allow":["GET"]}}],"collection":[{"href":"https:\/\/www.pelastusopisto.fi\/sv\/wp-json\/wp\/v2\/posts"}],"about":[{"href":"https:\/\/www.pelastusopisto.fi\/sv\/wp-json\/wp\/v2\/types\/post"}],"author":[{"embeddable":true,"href":"https:\/\/www.pelastusopisto.fi\/sv\/wp-json\/wp\/v2\/users\/65"}],"replies":[{"embeddable":true,"href":"https:\/\/www.pelastusopisto.fi\/sv\/wp-json\/wp\/v2\/comments?post=23979"}],"version-history":[{"count":0,"href":"https:\/\/www.pelastusopisto.fi\/sv\/wp-json\/wp\/v2\/posts\/23979\/revisions"}],"wp:featuredmedia":[{"embeddable":true,"href":"https:\/\/www.pelastusopisto.fi\/sv\/wp-json\/wp\/v2\/media\/43996"}],"wp:attachment":[{"href":"https:\/\/www.pelastusopisto.fi\/sv\/wp-json\/wp\/v2\/media?parent=23979"}],"wp:term":[{"taxonomy":"category","embeddable":true,"href":"https:\/\/www.pelastusopisto.fi\/sv\/wp-json\/wp\/v2\/categories?post=23979"},{"taxonomy":"post_tag","embeddable":true,"href":"https:\/\/www.pelastusopisto.fi\/sv\/wp-json\/wp\/v2\/tags?post=23979"}],"curies":[{"name":"wp","href":"https:\/\/api.w.org\/{rel}","templated":true}]}}