{"id":85641,"date":"2026-04-29T08:47:17","date_gmt":"2026-04-29T05:47:17","guid":{"rendered":"https:\/\/www.pelastusopisto.fi\/?p=85641"},"modified":"2026-04-29T08:47:18","modified_gmt":"2026-04-29T05:47:18","slug":"vaestonsuojelukoulutus-marginaalista-keskioon","status":"publish","type":"post","link":"https:\/\/www.pelastusopisto.fi\/en\/blogi\/vaestonsuojelukoulutus-marginaalista-keskioon\/","title":{"rendered":"V\u00e4est\u00f6nsuojelukoulutus marginaalista keski\u00f6\u00f6n?"},"content":{"rendered":"\n<p>Sain mahdollisuuden l\u00e4hte\u00e4 huhtikuussa Saksaan viisip\u00e4iv\u00e4iselle v\u00e4est\u00f6nsuojelun kurssille. Koulutus j\u00e4rjestettiin European Security and Defence Collegen sateenvarjon alla. Meilt\u00e4 pyydettiin pit\u00e4m\u00e4\u00e4n kurssilla luento, sill\u00e4 he halusivat kuulla Suomen toimintamalleista v\u00e4est\u00f6nsuojeluun varautumisessa. Kutsu tuli Pelastusopistolle, koska yksi lakis\u00e4\u00e4teinen teht\u00e4v\u00e4mme on antaa v\u00e4est\u00f6nsuojelun johto- ja erityishenkil\u00f6st\u00f6n koulutusta.<\/p>\n\n\n\n<p>Ensimm\u00e4isess\u00e4 kurssin j\u00e4rjest\u00e4jien kanssa pidetyss\u00e4 suunnittelupalaverissa sain kuvan, ett\u00e4 Suomea katsotaan t\u00e4ss\u00e4 asiassa yl\u00f6sp\u00e4in ja toiminnastamme halutaan kuulla paljonkin. Sain my\u00f6s k\u00e4sityksen, ett\u00e4 monessa Euroopan maassa v\u00e4est\u00f6nsuojelutoiminnan kehitt\u00e4minen on vasta k\u00e4ynnistym\u00e4ss\u00e4.<\/p>\n\n\n\n<p>Aloin silloin pohtia, mik\u00e4 tilanne meill\u00e4 Suomessa on v\u00e4est\u00f6nsuojeluun liittyen. V\u00e4est\u00f6nsuojelun fyysisen perustan muodostaa maamme kattava v\u00e4est\u00f6nsuojaverkosto: Suomessa oli vuoden 2022 lopussa noin 50 500 v\u00e4est\u00f6nsuojaa, joissa on paikkoja noin 4,8 miljoonalle ihmiselle. T\u00e4m\u00e4 luo vahvan pohjan v\u00e4est\u00f6n suojaamiselle.<\/p>\n\n\n\n<p>Kurssiin liittyviss\u00e4 keskusteluissa nousi esiin my\u00f6s evakuointiteema. Tied\u00e4mme Ukrainan kokemuksista \u2013 joita Suomessakin on tutkittu \u2013 ett\u00e4 evakuoinnit eiv\u00e4t onnistuneet Ven\u00e4j\u00e4n ja Ukrainan v\u00e4lisen konfliktin k\u00e4rjistyess\u00e4 vuonna 2022. Suomessa evakuointeja on valmiusharjoituksissa harjoiteltu viime vuosina alueellisesti useaan otteeseen. Tulevana syksyn\u00e4 Lupa- ja valvontavirasto toteuttaa ensimm\u00e4isen valtakunnallisen valmiusharjoituksen, jossa koko maa voi harjoitella laajamittaista evakuointia eli v\u00e4est\u00f6nsiirtoa yhdess\u00e4. Pelastusopisto on siviilivalmiuden tiimill\u00e4 tukemassa harjoituksen toteutusta.<\/p>\n\n\n\n<p>Suomessa asioita pyrit\u00e4\u00e4n tekem\u00e4\u00e4n yhdess\u00e4, niin my\u00f6s v\u00e4est\u00f6nsuojelun osalta. Vuonna 2024 annetun valtioneuvoston asetuksen mukaan jokaisella hyvinvointialueella on perustettava v\u00e4est\u00f6nsuojelun yhteisty\u00f6ryhm\u00e4. Isossa kuvassa ryhm\u00e4n teht\u00e4v\u00e4n\u00e4 on hyvinvointialueen pelastustoimen ja muiden viranomaisten vastuulla olevien v\u00e4est\u00f6nsuojeluteht\u00e4viin varautumisen ja suunnitelmien yhteensovittaminen.<\/p>\n\n\n\n<p>Lis\u00e4ksi huomasin sis\u00e4ministeri\u00f6n tiedotteen kehitett\u00e4v\u00e4st\u00e4 sovelluksesta, joka varoittaa uhkaavista ilmavaaroista poikkeusolojen aikana. Sis\u00e4ministeri\u00f6n johtamana julkaistiin alkuvuonna my\u00f6s useita oppaita v\u00e4est\u00f6nsuojista. Pelastusopisto sai olla mukana n\u00e4iden oppaiden laadintaty\u00f6ss\u00e4. Kansalaisille on my\u00f6s <a href=\"https:\/\/www.suomi.fi\/oppaat\/varautuminen\/nain-varaudut-hairio-ja-kriisitilanteisiin\/sotilaallinen-konflikti-ja-vaestonsuojelu\">tietoa v\u00e4est\u00f6nsuojeluun varautumisesta Suomi.fi-sivustolla<\/a>.<\/p>\n\n\n\n<h2 class=\"wp-block-heading\"><strong>Tavoitteena lis\u00e4t\u00e4 Pelastusopiston v\u00e4est\u00f6nsuojelukoulutusta<\/strong><\/h2>\n\n\n\n<p>Koulutuksen n\u00e4k\u00f6kulmasta aloin pohtia, millaisia v\u00e4est\u00f6nsuojelukoulutuksia me Pelastusopistossa tarjoamme. J\u00e4rjest\u00e4m\u00e4mme koulutukset muodostuvat omista sek\u00e4 tilatuista kursseista. Eniten v\u00e4est\u00f6nsuojeluaiheisia koulutuksia meilt\u00e4 tilaa sis\u00e4ministeri\u00f6: ne liittyv\u00e4t esimerkiksi v\u00e4est\u00f6n evakuointeihin, sodan ajan uhkien arviointiin ja rauniopelastukseen. Mainittakoon, ett\u00e4 t\u00e4n\u00e4 vuonna aloittaneen Lupa- ja valvontaviraston aloitteesta olemme yhteisty\u00f6ss\u00e4 heid\u00e4n kanssaan j\u00e4rjest\u00e4neet kuluvana vuonna jo useita evakuointeihin liittyvi\u00e4 koulutuksia valtakunnallisesti.<\/p>\n\n\n\n<p>Niin sanotut omat v\u00e4est\u00f6nsuojelukurssit muodostuvat v\u00e4est\u00f6nsuojelun peruskursseista, joita toteutetaan l\u00e4hi- sek\u00e4 verkkokursseina. Tavoitteenamme on lis\u00e4t\u00e4 Pelastusopiston v\u00e4est\u00f6nsuojelun koulutustarjontaa. T\u00e4ll\u00e4 hetkell\u00e4 suunnitteilla on v\u00e4est\u00f6nsuojelun jatkokurssi, jonka sis\u00e4lt\u00f6luonnoksen mukaan se keskittyisi v\u00e4est\u00f6nsuojan k\u00e4ytt\u00f6\u00f6n, Ven\u00e4j\u00e4n asekyvykkyyksien tarkasteluun sek\u00e4 muun muassa s\u00e4teilymittaukseen. Muita t\u00e4rkeit\u00e4 teemoja olisivat esimerkiksi toiminta r\u00e4j\u00e4hdysvaarallisilla alueilla ja r\u00e4j\u00e4hteiden tunnistaminen. On hyv\u00e4 tiet\u00e4\u00e4, ett\u00e4 my\u00f6s Maanpuolustuskoulutusyhdistys j\u00e4rjest\u00e4\u00e4 varautumis- ja v\u00e4est\u00f6nsuojelukoulutusta maanlaajuisesti.<\/p>\n\n\n\n<p>Tarvetta olisi vahvistaa my\u00f6s strategisen tason v\u00e4est\u00f6nsuojelukoulutusta. T\u00e4h\u00e4n kuuluu esimerkiksi se, miten sodan ajan uhkia arvioidaan sek\u00e4 miten evakuointisuunnittelua toteutetaan omassa organisaatiossa tietoturvallisuus huomioiden.<\/p>\n\n\n\n<p>Tutkinto-opetukseen sis\u00e4ltyy v\u00e4est\u00f6nsuojelun osa-alueita. Uusimpana p\u00e4ivityksen\u00e4 pelastajien opetussuunnitelmaan lis\u00e4t\u00e4\u00e4n sortumapelastusopetusta. Voidaan puhua my\u00f6s asiayhteys huomioiden raunio\u00adpelastuksesta. Meill\u00e4 on k\u00e4ynniss\u00e4 sortumapelastamisen (SOPE) hanke, joka tuottaa opetusmateriaaleja ja koulutuspolun aiheeseen. N\u00e4it\u00e4 materiaaleja hy\u00f6dynnet\u00e4\u00e4n tutkinto- ja t\u00e4ydennyskoulutuksessa.<\/p>\n\n\n\n<h2 class=\"wp-block-heading\"><strong>V\u00e4est\u00f6nsuojeluun varautuminen noussut n\u00e4kyv\u00e4ksi teemaksi Euroopassa<\/strong><\/h2>\n\n\n\n<p>Muuttunut ja ep\u00e4varma maailman tilanne \u2013 niin Euroopassa kuin L\u00e4hi-id\u00e4ss\u00e4 \u2013 on nostanut v\u00e4est\u00f6nsuojeluun varautumisen n\u00e4kyv\u00e4ksi teemaksi. Olemme Suomessa historiallisten kokemusten ja Ven\u00e4j\u00e4n toimintamallien kautta varautuneet jo vuosia kaikkein pahimpaan uhkamalliin eli sotilaallisen voiman k\u00e4yt\u00f6n mahdollisuuteen. Eurooppa on her\u00e4nnyt saman uhan edess\u00e4, ja sotilaallisen varautumisen ohella my\u00f6s v\u00e4est\u00f6nsuojelun kehitt\u00e4minen saa arvoistansa huomiota.<\/p>\n\n\n\n<p>Euroopan mailla ja my\u00f6s Suomessa on edelleen teht\u00e4v\u00e4\u00e4 v\u00e4est\u00f6nsuojeluun varautumisessa, mutta pystyin ylpe\u00e4n\u00e4 l\u00e4htem\u00e4\u00e4n Saksaan kertomaan omasta toimintakulttuuristamme. Varaudutaan jatkossakin yhdess\u00e4, varmuuden vuoksi.<\/p>\n\n\n\n<p><strong>Petri Huttunen<br><\/strong>Yliopettaja, tiiminvet\u00e4j\u00e4<br>Siviilivalmiuden tiimi<\/p>\n","protected":false},"excerpt":{"rendered":"<p>Sain mahdollisuuden l\u00e4hte\u00e4 huhtikuussa Saksaan viisip\u00e4iv\u00e4iselle v\u00e4est\u00f6nsuojelun kurssille. Koulutus j\u00e4rjestettiin [&hellip;]<\/p>\n","protected":false},"author":107,"featured_media":85638,"comment_status":"closed","ping_status":"closed","sticky":false,"template":"","format":"standard","meta":{"_acf_changed":false,"_genesis_hide_title":false,"_genesis_hide_breadcrumbs":false,"_genesis_hide_singular_image":false,"_genesis_hide_footer_widgets":false,"_genesis_custom_body_class":"","_genesis_custom_post_class":"","_genesis_layout":"","footnotes":""},"categories":[95],"tags":[],"class_list":{"0":"post-85641","1":"post","2":"type-post","3":"status-publish","4":"format-standard","5":"has-post-thumbnail","7":"category-blogi","8":"entry"},"acf":[],"gutentor_comment":0,"yoast_head":"<!-- This site is optimized with the Yoast SEO plugin v27.5 - https:\/\/yoast.com\/product\/yoast-seo-wordpress\/ -->\n<title>V\u00e4est\u00f6nsuojelukoulutus marginaalista keski\u00f6\u00f6n? - Pelastusopisto<\/title>\n<meta name=\"robots\" content=\"index, follow, max-snippet:-1, max-image-preview:large, max-video-preview:-1\" \/>\n<link rel=\"canonical\" href=\"https:\/\/www.pelastusopisto.fi\/en\/blogi\/vaestonsuojelukoulutus-marginaalista-keskioon\/\" \/>\n<meta property=\"og:locale\" content=\"en_US\" \/>\n<meta property=\"og:type\" content=\"article\" \/>\n<meta property=\"og:title\" content=\"V\u00e4est\u00f6nsuojelukoulutus marginaalista keski\u00f6\u00f6n? - Pelastusopisto\" \/>\n<meta property=\"og:description\" content=\"Sain mahdollisuuden l\u00e4hte\u00e4 huhtikuussa Saksaan viisip\u00e4iv\u00e4iselle v\u00e4est\u00f6nsuojelun kurssille. Koulutus j\u00e4rjestettiin [&hellip;]\" \/>\n<meta property=\"og:url\" content=\"https:\/\/www.pelastusopisto.fi\/en\/blogi\/vaestonsuojelukoulutus-marginaalista-keskioon\/\" \/>\n<meta property=\"og:site_name\" content=\"Pelastusopisto\" \/>\n<meta property=\"article:publisher\" content=\"https:\/\/www.facebook.com\/Pelastusopisto\/\" \/>\n<meta property=\"article:published_time\" content=\"2026-04-29T05:47:17+00:00\" \/>\n<meta property=\"article:modified_time\" content=\"2026-04-29T05:47:18+00:00\" \/>\n<meta property=\"og:image\" content=\"https:\/\/www.pelastusopisto.fi\/wp-content\/uploads\/Pelastusopisto-K204-net.jpg\" \/>\n\t<meta property=\"og:image:width\" content=\"1200\" \/>\n\t<meta property=\"og:image:height\" content=\"800\" \/>\n\t<meta property=\"og:image:type\" content=\"image\/jpeg\" \/>\n<meta name=\"author\" content=\"Marjo Pitk\u00e4nen\" \/>\n<meta name=\"twitter:card\" content=\"summary_large_image\" \/>\n<meta name=\"twitter:creator\" content=\"@Pelastusopisto\" \/>\n<meta name=\"twitter:site\" content=\"@Pelastusopisto\" \/>\n<meta name=\"twitter:label1\" content=\"Written by\" \/>\n\t<meta name=\"twitter:data1\" content=\"Marjo Pitk\u00e4nen\" \/>\n\t<meta name=\"twitter:label2\" content=\"Est. reading time\" \/>\n\t<meta name=\"twitter:data2\" content=\"4 minutes\" \/>\n<script type=\"application\/ld+json\" class=\"yoast-schema-graph\">{\"@context\":\"https:\\\/\\\/schema.org\",\"@graph\":[{\"@type\":\"Article\",\"@id\":\"https:\\\/\\\/www.pelastusopisto.fi\\\/en\\\/blogi\\\/vaestonsuojelukoulutus-marginaalista-keskioon\\\/#article\",\"isPartOf\":{\"@id\":\"https:\\\/\\\/www.pelastusopisto.fi\\\/en\\\/blogi\\\/vaestonsuojelukoulutus-marginaalista-keskioon\\\/\"},\"author\":{\"name\":\"Marjo Pitk\u00e4nen\",\"@id\":\"https:\\\/\\\/www.pelastusopisto.fi\\\/en\\\/#\\\/schema\\\/person\\\/fcd88238f9bbf218a01bd88b71ad9e07\"},\"headline\":\"V\u00e4est\u00f6nsuojelukoulutus marginaalista keski\u00f6\u00f6n?\",\"datePublished\":\"2026-04-29T05:47:17+00:00\",\"dateModified\":\"2026-04-29T05:47:18+00:00\",\"mainEntityOfPage\":{\"@id\":\"https:\\\/\\\/www.pelastusopisto.fi\\\/en\\\/blogi\\\/vaestonsuojelukoulutus-marginaalista-keskioon\\\/\"},\"wordCount\":687,\"publisher\":{\"@id\":\"https:\\\/\\\/www.pelastusopisto.fi\\\/en\\\/#organization\"},\"image\":{\"@id\":\"https:\\\/\\\/www.pelastusopisto.fi\\\/en\\\/blogi\\\/vaestonsuojelukoulutus-marginaalista-keskioon\\\/#primaryimage\"},\"thumbnailUrl\":\"https:\\\/\\\/www.pelastusopisto.fi\\\/wp-content\\\/uploads\\\/Pelastusopisto-K204-net.jpg\",\"articleSection\":[\"Blogi\"],\"inLanguage\":\"en-US\"},{\"@type\":\"WebPage\",\"@id\":\"https:\\\/\\\/www.pelastusopisto.fi\\\/en\\\/blogi\\\/vaestonsuojelukoulutus-marginaalista-keskioon\\\/\",\"url\":\"https:\\\/\\\/www.pelastusopisto.fi\\\/en\\\/blogi\\\/vaestonsuojelukoulutus-marginaalista-keskioon\\\/\",\"name\":\"V\u00e4est\u00f6nsuojelukoulutus marginaalista keski\u00f6\u00f6n? - Pelastusopisto\",\"isPartOf\":{\"@id\":\"https:\\\/\\\/www.pelastusopisto.fi\\\/en\\\/#website\"},\"primaryImageOfPage\":{\"@id\":\"https:\\\/\\\/www.pelastusopisto.fi\\\/en\\\/blogi\\\/vaestonsuojelukoulutus-marginaalista-keskioon\\\/#primaryimage\"},\"image\":{\"@id\":\"https:\\\/\\\/www.pelastusopisto.fi\\\/en\\\/blogi\\\/vaestonsuojelukoulutus-marginaalista-keskioon\\\/#primaryimage\"},\"thumbnailUrl\":\"https:\\\/\\\/www.pelastusopisto.fi\\\/wp-content\\\/uploads\\\/Pelastusopisto-K204-net.jpg\",\"datePublished\":\"2026-04-29T05:47:17+00:00\",\"dateModified\":\"2026-04-29T05:47:18+00:00\",\"breadcrumb\":{\"@id\":\"https:\\\/\\\/www.pelastusopisto.fi\\\/en\\\/blogi\\\/vaestonsuojelukoulutus-marginaalista-keskioon\\\/#breadcrumb\"},\"inLanguage\":\"en-US\",\"potentialAction\":[{\"@type\":\"ReadAction\",\"target\":[\"https:\\\/\\\/www.pelastusopisto.fi\\\/en\\\/blogi\\\/vaestonsuojelukoulutus-marginaalista-keskioon\\\/\"]}]},{\"@type\":\"ImageObject\",\"inLanguage\":\"en-US\",\"@id\":\"https:\\\/\\\/www.pelastusopisto.fi\\\/en\\\/blogi\\\/vaestonsuojelukoulutus-marginaalista-keskioon\\\/#primaryimage\",\"url\":\"https:\\\/\\\/www.pelastusopisto.fi\\\/wp-content\\\/uploads\\\/Pelastusopisto-K204-net.jpg\",\"contentUrl\":\"https:\\\/\\\/www.pelastusopisto.fi\\\/wp-content\\\/uploads\\\/Pelastusopisto-K204-net.jpg\",\"width\":1200,\"height\":800,\"caption\":\"Virkapukuinen henkil\u00f6 v\u00e4est\u00f6nsuojan oven edess\u00e4, ovessa oranssi-sininen v\u00e4est\u00f6nsuojan logo.\"},{\"@type\":\"BreadcrumbList\",\"@id\":\"https:\\\/\\\/www.pelastusopisto.fi\\\/en\\\/blogi\\\/vaestonsuojelukoulutus-marginaalista-keskioon\\\/#breadcrumb\",\"itemListElement\":[{\"@type\":\"ListItem\",\"position\":1,\"name\":\"Home\",\"item\":\"https:\\\/\\\/www.pelastusopisto.fi\\\/en\\\/\"},{\"@type\":\"ListItem\",\"position\":2,\"name\":\"V\u00e4est\u00f6nsuojelukoulutus marginaalista keski\u00f6\u00f6n?\"}]},{\"@type\":\"WebSite\",\"@id\":\"https:\\\/\\\/www.pelastusopisto.fi\\\/en\\\/#website\",\"url\":\"https:\\\/\\\/www.pelastusopisto.fi\\\/en\\\/\",\"name\":\"Pelastusopisto\",\"description\":\"Pelastusopisto\",\"publisher\":{\"@id\":\"https:\\\/\\\/www.pelastusopisto.fi\\\/en\\\/#organization\"},\"potentialAction\":[{\"@type\":\"SearchAction\",\"target\":{\"@type\":\"EntryPoint\",\"urlTemplate\":\"https:\\\/\\\/www.pelastusopisto.fi\\\/en\\\/?s={search_term_string}\"},\"query-input\":{\"@type\":\"PropertyValueSpecification\",\"valueRequired\":true,\"valueName\":\"search_term_string\"}}],\"inLanguage\":\"en-US\"},{\"@type\":\"Organization\",\"@id\":\"https:\\\/\\\/www.pelastusopisto.fi\\\/en\\\/#organization\",\"name\":\"Pelastusopisto\",\"url\":\"https:\\\/\\\/www.pelastusopisto.fi\\\/en\\\/\",\"logo\":{\"@type\":\"ImageObject\",\"inLanguage\":\"en-US\",\"@id\":\"https:\\\/\\\/www.pelastusopisto.fi\\\/en\\\/#\\\/schema\\\/logo\\\/image\\\/\",\"url\":\"https:\\\/\\\/www.pelastusopisto.fi\\\/wp-content\\\/uploads\\\/pelastusopisto-logo-net.png\",\"contentUrl\":\"https:\\\/\\\/www.pelastusopisto.fi\\\/wp-content\\\/uploads\\\/pelastusopisto-logo-net.png\",\"width\":387,\"height\":71,\"caption\":\"Pelastusopisto\"},\"image\":{\"@id\":\"https:\\\/\\\/www.pelastusopisto.fi\\\/en\\\/#\\\/schema\\\/logo\\\/image\\\/\"},\"sameAs\":[\"https:\\\/\\\/www.facebook.com\\\/Pelastusopisto\\\/\",\"https:\\\/\\\/x.com\\\/Pelastusopisto\",\"https:\\\/\\\/www.instagram.com\\\/pelastusopisto\\\/\",\"https:\\\/\\\/fi.linkedin.com\\\/school\\\/pelastusopisto\\\/\",\"https:\\\/\\\/www.youtube.com\\\/channel\\\/UCQjXYneFsnDYnJtZBfr9Ajg\"]},{\"@type\":\"Person\",\"@id\":\"https:\\\/\\\/www.pelastusopisto.fi\\\/en\\\/#\\\/schema\\\/person\\\/fcd88238f9bbf218a01bd88b71ad9e07\",\"name\":\"Marjo Pitk\u00e4nen\",\"url\":\"https:\\\/\\\/www.pelastusopisto.fi\\\/en\\\/author\\\/marjo-pitk\\\/\"}]}<\/script>\n<!-- \/ Yoast SEO plugin. -->","yoast_head_json":{"title":"V\u00e4est\u00f6nsuojelukoulutus marginaalista keski\u00f6\u00f6n? - Pelastusopisto","robots":{"index":"index","follow":"follow","max-snippet":"max-snippet:-1","max-image-preview":"max-image-preview:large","max-video-preview":"max-video-preview:-1"},"canonical":"https:\/\/www.pelastusopisto.fi\/en\/blogi\/vaestonsuojelukoulutus-marginaalista-keskioon\/","og_locale":"en_US","og_type":"article","og_title":"V\u00e4est\u00f6nsuojelukoulutus marginaalista keski\u00f6\u00f6n? - Pelastusopisto","og_description":"Sain mahdollisuuden l\u00e4hte\u00e4 huhtikuussa Saksaan viisip\u00e4iv\u00e4iselle v\u00e4est\u00f6nsuojelun kurssille. Koulutus j\u00e4rjestettiin [&hellip;]","og_url":"https:\/\/www.pelastusopisto.fi\/en\/blogi\/vaestonsuojelukoulutus-marginaalista-keskioon\/","og_site_name":"Pelastusopisto","article_publisher":"https:\/\/www.facebook.com\/Pelastusopisto\/","article_published_time":"2026-04-29T05:47:17+00:00","article_modified_time":"2026-04-29T05:47:18+00:00","og_image":[{"width":1200,"height":800,"url":"https:\/\/www.pelastusopisto.fi\/wp-content\/uploads\/Pelastusopisto-K204-net.jpg","type":"image\/jpeg"}],"author":"Marjo Pitk\u00e4nen","twitter_card":"summary_large_image","twitter_creator":"@Pelastusopisto","twitter_site":"@Pelastusopisto","twitter_misc":{"Written by":"Marjo Pitk\u00e4nen","Est. reading time":"4 minutes"},"schema":{"@context":"https:\/\/schema.org","@graph":[{"@type":"Article","@id":"https:\/\/www.pelastusopisto.fi\/en\/blogi\/vaestonsuojelukoulutus-marginaalista-keskioon\/#article","isPartOf":{"@id":"https:\/\/www.pelastusopisto.fi\/en\/blogi\/vaestonsuojelukoulutus-marginaalista-keskioon\/"},"author":{"name":"Marjo Pitk\u00e4nen","@id":"https:\/\/www.pelastusopisto.fi\/en\/#\/schema\/person\/fcd88238f9bbf218a01bd88b71ad9e07"},"headline":"V\u00e4est\u00f6nsuojelukoulutus marginaalista keski\u00f6\u00f6n?","datePublished":"2026-04-29T05:47:17+00:00","dateModified":"2026-04-29T05:47:18+00:00","mainEntityOfPage":{"@id":"https:\/\/www.pelastusopisto.fi\/en\/blogi\/vaestonsuojelukoulutus-marginaalista-keskioon\/"},"wordCount":687,"publisher":{"@id":"https:\/\/www.pelastusopisto.fi\/en\/#organization"},"image":{"@id":"https:\/\/www.pelastusopisto.fi\/en\/blogi\/vaestonsuojelukoulutus-marginaalista-keskioon\/#primaryimage"},"thumbnailUrl":"https:\/\/www.pelastusopisto.fi\/wp-content\/uploads\/Pelastusopisto-K204-net.jpg","articleSection":["Blogi"],"inLanguage":"en-US"},{"@type":"WebPage","@id":"https:\/\/www.pelastusopisto.fi\/en\/blogi\/vaestonsuojelukoulutus-marginaalista-keskioon\/","url":"https:\/\/www.pelastusopisto.fi\/en\/blogi\/vaestonsuojelukoulutus-marginaalista-keskioon\/","name":"V\u00e4est\u00f6nsuojelukoulutus marginaalista keski\u00f6\u00f6n? - Pelastusopisto","isPartOf":{"@id":"https:\/\/www.pelastusopisto.fi\/en\/#website"},"primaryImageOfPage":{"@id":"https:\/\/www.pelastusopisto.fi\/en\/blogi\/vaestonsuojelukoulutus-marginaalista-keskioon\/#primaryimage"},"image":{"@id":"https:\/\/www.pelastusopisto.fi\/en\/blogi\/vaestonsuojelukoulutus-marginaalista-keskioon\/#primaryimage"},"thumbnailUrl":"https:\/\/www.pelastusopisto.fi\/wp-content\/uploads\/Pelastusopisto-K204-net.jpg","datePublished":"2026-04-29T05:47:17+00:00","dateModified":"2026-04-29T05:47:18+00:00","breadcrumb":{"@id":"https:\/\/www.pelastusopisto.fi\/en\/blogi\/vaestonsuojelukoulutus-marginaalista-keskioon\/#breadcrumb"},"inLanguage":"en-US","potentialAction":[{"@type":"ReadAction","target":["https:\/\/www.pelastusopisto.fi\/en\/blogi\/vaestonsuojelukoulutus-marginaalista-keskioon\/"]}]},{"@type":"ImageObject","inLanguage":"en-US","@id":"https:\/\/www.pelastusopisto.fi\/en\/blogi\/vaestonsuojelukoulutus-marginaalista-keskioon\/#primaryimage","url":"https:\/\/www.pelastusopisto.fi\/wp-content\/uploads\/Pelastusopisto-K204-net.jpg","contentUrl":"https:\/\/www.pelastusopisto.fi\/wp-content\/uploads\/Pelastusopisto-K204-net.jpg","width":1200,"height":800,"caption":"Virkapukuinen henkil\u00f6 v\u00e4est\u00f6nsuojan oven edess\u00e4, ovessa oranssi-sininen v\u00e4est\u00f6nsuojan logo."},{"@type":"BreadcrumbList","@id":"https:\/\/www.pelastusopisto.fi\/en\/blogi\/vaestonsuojelukoulutus-marginaalista-keskioon\/#breadcrumb","itemListElement":[{"@type":"ListItem","position":1,"name":"Home","item":"https:\/\/www.pelastusopisto.fi\/en\/"},{"@type":"ListItem","position":2,"name":"V\u00e4est\u00f6nsuojelukoulutus marginaalista keski\u00f6\u00f6n?"}]},{"@type":"WebSite","@id":"https:\/\/www.pelastusopisto.fi\/en\/#website","url":"https:\/\/www.pelastusopisto.fi\/en\/","name":"Pelastusopisto","description":"Pelastusopisto","publisher":{"@id":"https:\/\/www.pelastusopisto.fi\/en\/#organization"},"potentialAction":[{"@type":"SearchAction","target":{"@type":"EntryPoint","urlTemplate":"https:\/\/www.pelastusopisto.fi\/en\/?s={search_term_string}"},"query-input":{"@type":"PropertyValueSpecification","valueRequired":true,"valueName":"search_term_string"}}],"inLanguage":"en-US"},{"@type":"Organization","@id":"https:\/\/www.pelastusopisto.fi\/en\/#organization","name":"Pelastusopisto","url":"https:\/\/www.pelastusopisto.fi\/en\/","logo":{"@type":"ImageObject","inLanguage":"en-US","@id":"https:\/\/www.pelastusopisto.fi\/en\/#\/schema\/logo\/image\/","url":"https:\/\/www.pelastusopisto.fi\/wp-content\/uploads\/pelastusopisto-logo-net.png","contentUrl":"https:\/\/www.pelastusopisto.fi\/wp-content\/uploads\/pelastusopisto-logo-net.png","width":387,"height":71,"caption":"Pelastusopisto"},"image":{"@id":"https:\/\/www.pelastusopisto.fi\/en\/#\/schema\/logo\/image\/"},"sameAs":["https:\/\/www.facebook.com\/Pelastusopisto\/","https:\/\/x.com\/Pelastusopisto","https:\/\/www.instagram.com\/pelastusopisto\/","https:\/\/fi.linkedin.com\/school\/pelastusopisto\/","https:\/\/www.youtube.com\/channel\/UCQjXYneFsnDYnJtZBfr9Ajg"]},{"@type":"Person","@id":"https:\/\/www.pelastusopisto.fi\/en\/#\/schema\/person\/fcd88238f9bbf218a01bd88b71ad9e07","name":"Marjo Pitk\u00e4nen","url":"https:\/\/www.pelastusopisto.fi\/en\/author\/marjo-pitk\/"}]}},"featured_image_src":"https:\/\/www.pelastusopisto.fi\/wp-content\/uploads\/Pelastusopisto-K204-net-600x400.jpg","featured_image_src_square":"https:\/\/www.pelastusopisto.fi\/wp-content\/uploads\/Pelastusopisto-K204-net-600x600.jpg","author_info":{"display_name":"Marjo Pitk\u00e4nen","author_link":"https:\/\/www.pelastusopisto.fi\/en\/author\/marjo-pitk\/"},"_links":{"self":[{"href":"https:\/\/www.pelastusopisto.fi\/en\/wp-json\/wp\/v2\/posts\/85641","targetHints":{"allow":["GET"]}}],"collection":[{"href":"https:\/\/www.pelastusopisto.fi\/en\/wp-json\/wp\/v2\/posts"}],"about":[{"href":"https:\/\/www.pelastusopisto.fi\/en\/wp-json\/wp\/v2\/types\/post"}],"author":[{"embeddable":true,"href":"https:\/\/www.pelastusopisto.fi\/en\/wp-json\/wp\/v2\/users\/107"}],"replies":[{"embeddable":true,"href":"https:\/\/www.pelastusopisto.fi\/en\/wp-json\/wp\/v2\/comments?post=85641"}],"version-history":[{"count":1,"href":"https:\/\/www.pelastusopisto.fi\/en\/wp-json\/wp\/v2\/posts\/85641\/revisions"}],"predecessor-version":[{"id":85642,"href":"https:\/\/www.pelastusopisto.fi\/en\/wp-json\/wp\/v2\/posts\/85641\/revisions\/85642"}],"wp:featuredmedia":[{"embeddable":true,"href":"https:\/\/www.pelastusopisto.fi\/en\/wp-json\/wp\/v2\/media\/85638"}],"wp:attachment":[{"href":"https:\/\/www.pelastusopisto.fi\/en\/wp-json\/wp\/v2\/media?parent=85641"}],"wp:term":[{"taxonomy":"category","embeddable":true,"href":"https:\/\/www.pelastusopisto.fi\/en\/wp-json\/wp\/v2\/categories?post=85641"},{"taxonomy":"post_tag","embeddable":true,"href":"https:\/\/www.pelastusopisto.fi\/en\/wp-json\/wp\/v2\/tags?post=85641"}],"curies":[{"name":"wp","href":"https:\/\/api.w.org\/{rel}","templated":true}]}}