{"id":80468,"date":"2025-08-18T16:52:51","date_gmt":"2025-08-18T13:52:51","guid":{"rendered":"https:\/\/www.pelastusopisto.fi\/?p=80468"},"modified":"2025-08-18T16:52:53","modified_gmt":"2025-08-18T13:52:53","slug":"suomi-lahettaa-maastopalomuodostelman-espanjaan","status":"publish","type":"post","link":"https:\/\/www.pelastusopisto.fi\/en\/uutisia\/suomi-lahettaa-maastopalomuodostelman-espanjaan\/","title":{"rendered":"Suomi l\u00e4hett\u00e4\u00e4 maastopalomuodostelman Espanjaan"},"content":{"rendered":"\n<p><strong>Suomi on l\u00e4hett\u00e4nyt sis\u00e4ministeri\u00f6n p\u00e4\u00e4t\u00f6ksell\u00e4 maastopalojen sammuttamiseen erikoistuneen muodostelman Espanjaan auttamaan maassa riehuvien maastopalojen hallinnassa. Muodostelma ty\u00f6skentelee Espanjassa noin viikon ajan.<\/strong><\/p>\n\n\n\n<p>Elokuun alussa alkaneen helleaallon seurauksena Espanjassa on historiallisen vaikea maastopalotilanne. Espanja on pyyt\u00e4nyt voimakkaiden maastopalojen takia EU:n pelastuspalvelumekanismin kautta apua maastopalojen hallintaan.<\/p>\n\n\n\n<p>&#8211; Suomi reagoi nopeasti Espanjan avunpyynt\u00f6\u00f6n l\u00e4hett\u00e4m\u00e4ll\u00e4 paikalle maastopalojen sammuttamiseen erikoistuneen muodostelman. Suomella on EU:n pelastuspalvelumekanismissa valmiudessa maastopalomuodostelma, jonka vahvaa osaamista voidaan t\u00e4ss\u00e4 hy\u00f6dynt\u00e4\u00e4. EU-maat tekev\u00e4t yhteisty\u00f6t\u00e4 varautumisessa, mik\u00e4 tukee my\u00f6s Suomen varautumista, sanoo sis\u00e4ministeri <strong>Mari Rantanen<\/strong>.<\/p>\n\n\n\n<p>Espanjaan l\u00e4hetetyn pelastushenkil\u00f6st\u00f6n teht\u00e4v\u00e4n\u00e4 on avustaa ja tukea paikallisia viranomaisia maastopalojen hallinnassa ja sammuttamisessa.&nbsp;Suomi on aiempina vuosina osallistunut maastopalojen hallintaan Portugalissa ja Kreikassa ennalta sovittujen valmiussiirtojen kautta.<\/p>\n\n\n\n<p>Suomen Espanjaan l\u00e4hett\u00e4m\u00e4 maastopalomuodostelma koostuu 26 henkil\u00f6st\u00e4, jotka tulevat Pohjois-Savon, Pohjois-Karjalan, Etel\u00e4-Savon, Etel\u00e4-Karjalan ja Kymenlaakson pelastuslaitoksilta.<\/p>\n\n\n\n<p>Sis\u00e4ministeri\u00f6 p\u00e4\u00e4tt\u00e4\u00e4 pelastustoimeen liittyv\u00e4n kansainv\u00e4lisen avun l\u00e4hett\u00e4misest\u00e4. Pelastusopisto kouluttaa, rekrytoi, l\u00e4hett\u00e4\u00e4 ja toimii ty\u00f6nantajana kansainv\u00e4lisill\u00e4 pelastustoimen teht\u00e4vill\u00e4.<\/p>\n\n\n\n<h2 class=\"wp-block-heading\"><strong>Suomi on aktiivinen asiantuntija-avun l\u00e4hett\u00e4j\u00e4<\/strong><\/h2>\n\n\n\n<p>Kansainv\u00e4linen pelastustoiminta on valtiosopimuksiin ja lains\u00e4\u00e4d\u00e4nt\u00f6\u00f6n perustuvaa avun antamista. Kansainv\u00e4list\u00e4 pelastustoimintaa k\u00e4ytet\u00e4\u00e4n esimerkiksi luonnon tai ihmisen aiheuttamissa katastrofeissa ja onnettomuuksissa, joissa maan omat pelastusresurssit eiv\u00e4t riit\u00e4.<\/p>\n\n\n\n<p>Suomi osallistuu kansainv\u00e4liseen pelastustoimintaan Euroopan unionin ja kansainv\u00e4listen j\u00e4rjest\u00f6jen kautta. EU:n pelastuspalvelumekanismi on yksi keskeisimmist\u00e4 kansainv\u00e4lisen avunannon v\u00e4lineist\u00e4. Maat voivat pyyt\u00e4\u00e4 sen kautta apua muilta mailta onnettomuus- tai h\u00e4iri\u00f6tilanteista selvi\u00e4miseen.&nbsp;<\/p>\n\n\n\n<p>Euroopan komission alainen eurooppalainen h\u00e4t\u00e4avun koordinaatiokeskus ERCC koordinoi avunantoa. Pelastuspalvelumekanismin kautta toimitettava apu perustuu kansallisiin voimavaroihin. J\u00e4senmaiden tarjoama apu voi olla esimerkiksi asiantuntija-, pelastusmuodostelma- tai materiaaliapua.<\/p>\n\n\n\n<p><strong>Lis\u00e4tietoja:<\/strong><\/p>\n\n\n\n<p>pelastusylitarkastaja <strong>Pekka Tiainen<\/strong>, sis\u00e4ministeri\u00f6, p. 050456 4477, etunimi.sukunimi@gov.fi<\/p>\n\n\n\n<p>pelastustoimen yksik\u00f6n johtaja <strong>Pauliina Eskola<\/strong>, sis\u00e4ministeri\u00f6, p. 0295 488\u00a0263, etunimi.sukunimi@gov.fi<\/p>\n\n\n\n<p>koulutusp\u00e4\u00e4llikk\u00f6 <strong>Laura Hokkanen<\/strong>, Pelastusopisto, p. 0295 453 536, etunimi.sukunimi@pelastusopisto.fi<\/p>\n","protected":false},"excerpt":{"rendered":"<p>Suomi on l\u00e4hett\u00e4nyt sis\u00e4ministeri\u00f6n p\u00e4\u00e4t\u00f6ksell\u00e4 maastopalojen sammuttamiseen erikoistuneen muodostelman Espanjaan [&hellip;]<\/p>\n","protected":false},"author":107,"featured_media":72613,"comment_status":"closed","ping_status":"closed","sticky":false,"template":"","format":"standard","meta":{"_acf_changed":false,"_genesis_hide_title":false,"_genesis_hide_breadcrumbs":false,"_genesis_hide_singular_image":false,"_genesis_hide_footer_widgets":false,"_genesis_custom_body_class":"","_genesis_custom_post_class":"","_genesis_layout":"","footnotes":""},"categories":[91],"tags":[],"class_list":{"0":"post-80468","1":"post","2":"type-post","3":"status-publish","4":"format-standard","5":"has-post-thumbnail","7":"category-uutisia","8":"entry"},"acf":[],"gutentor_comment":0,"yoast_head":"<!-- This site is optimized with the Yoast SEO plugin v27.4 - https:\/\/yoast.com\/product\/yoast-seo-wordpress\/ -->\n<title>Suomi l\u00e4hett\u00e4\u00e4 maastopalomuodostelman Espanjaan - Pelastusopisto<\/title>\n<meta name=\"robots\" content=\"index, follow, max-snippet:-1, max-image-preview:large, max-video-preview:-1\" \/>\n<link rel=\"canonical\" href=\"https:\/\/www.pelastusopisto.fi\/en\/uutisia\/suomi-lahettaa-maastopalomuodostelman-espanjaan\/\" \/>\n<meta property=\"og:locale\" content=\"en_US\" \/>\n<meta property=\"og:type\" content=\"article\" \/>\n<meta property=\"og:title\" content=\"Suomi l\u00e4hett\u00e4\u00e4 maastopalomuodostelman Espanjaan - Pelastusopisto\" \/>\n<meta property=\"og:description\" content=\"Suomi on l\u00e4hett\u00e4nyt sis\u00e4ministeri\u00f6n p\u00e4\u00e4t\u00f6ksell\u00e4 maastopalojen sammuttamiseen erikoistuneen muodostelman Espanjaan [&hellip;]\" \/>\n<meta property=\"og:url\" content=\"https:\/\/www.pelastusopisto.fi\/en\/uutisia\/suomi-lahettaa-maastopalomuodostelman-espanjaan\/\" \/>\n<meta property=\"og:site_name\" content=\"Pelastusopisto\" \/>\n<meta property=\"article:publisher\" content=\"https:\/\/www.facebook.com\/Pelastusopisto\/\" \/>\n<meta property=\"article:published_time\" content=\"2025-08-18T13:52:51+00:00\" \/>\n<meta property=\"article:modified_time\" content=\"2025-08-18T13:52:53+00:00\" \/>\n<meta property=\"og:image\" content=\"https:\/\/www.pelastusopisto.fi\/wp-content\/uploads\/Valmiussiirto-PT-2023-kuvaaja-Mikko-Kuismanen-20230822-1200x800-1.jpg\" \/>\n\t<meta property=\"og:image:width\" content=\"1200\" \/>\n\t<meta property=\"og:image:height\" content=\"800\" \/>\n\t<meta property=\"og:image:type\" content=\"image\/jpeg\" \/>\n<meta name=\"author\" content=\"Marjo Pitk\u00e4nen\" \/>\n<meta name=\"twitter:card\" content=\"summary_large_image\" \/>\n<meta name=\"twitter:creator\" content=\"@Pelastusopisto\" \/>\n<meta name=\"twitter:site\" content=\"@Pelastusopisto\" \/>\n<meta name=\"twitter:label1\" content=\"Written by\" \/>\n\t<meta name=\"twitter:data1\" content=\"Marjo Pitk\u00e4nen\" \/>\n\t<meta name=\"twitter:label2\" content=\"Est. reading time\" \/>\n\t<meta name=\"twitter:data2\" content=\"2 minutes\" \/>\n<script type=\"application\/ld+json\" class=\"yoast-schema-graph\">{\"@context\":\"https:\\\/\\\/schema.org\",\"@graph\":[{\"@type\":\"Article\",\"@id\":\"https:\\\/\\\/www.pelastusopisto.fi\\\/en\\\/uutisia\\\/suomi-lahettaa-maastopalomuodostelman-espanjaan\\\/#article\",\"isPartOf\":{\"@id\":\"https:\\\/\\\/www.pelastusopisto.fi\\\/en\\\/uutisia\\\/suomi-lahettaa-maastopalomuodostelman-espanjaan\\\/\"},\"author\":{\"name\":\"Marjo Pitk\u00e4nen\",\"@id\":\"https:\\\/\\\/www.pelastusopisto.fi\\\/en\\\/#\\\/schema\\\/person\\\/fcd88238f9bbf218a01bd88b71ad9e07\"},\"headline\":\"Suomi l\u00e4hett\u00e4\u00e4 maastopalomuodostelman Espanjaan\",\"datePublished\":\"2025-08-18T13:52:51+00:00\",\"dateModified\":\"2025-08-18T13:52:53+00:00\",\"mainEntityOfPage\":{\"@id\":\"https:\\\/\\\/www.pelastusopisto.fi\\\/en\\\/uutisia\\\/suomi-lahettaa-maastopalomuodostelman-espanjaan\\\/\"},\"wordCount\":332,\"publisher\":{\"@id\":\"https:\\\/\\\/www.pelastusopisto.fi\\\/en\\\/#organization\"},\"image\":{\"@id\":\"https:\\\/\\\/www.pelastusopisto.fi\\\/en\\\/uutisia\\\/suomi-lahettaa-maastopalomuodostelman-espanjaan\\\/#primaryimage\"},\"thumbnailUrl\":\"https:\\\/\\\/www.pelastusopisto.fi\\\/wp-content\\\/uploads\\\/Valmiussiirto-PT-2023-kuvaaja-Mikko-Kuismanen-20230822-1200x800-1.jpg\",\"articleSection\":[\"Uutisia\"],\"inLanguage\":\"en-US\"},{\"@type\":\"WebPage\",\"@id\":\"https:\\\/\\\/www.pelastusopisto.fi\\\/en\\\/uutisia\\\/suomi-lahettaa-maastopalomuodostelman-espanjaan\\\/\",\"url\":\"https:\\\/\\\/www.pelastusopisto.fi\\\/en\\\/uutisia\\\/suomi-lahettaa-maastopalomuodostelman-espanjaan\\\/\",\"name\":\"Suomi l\u00e4hett\u00e4\u00e4 maastopalomuodostelman Espanjaan - Pelastusopisto\",\"isPartOf\":{\"@id\":\"https:\\\/\\\/www.pelastusopisto.fi\\\/en\\\/#website\"},\"primaryImageOfPage\":{\"@id\":\"https:\\\/\\\/www.pelastusopisto.fi\\\/en\\\/uutisia\\\/suomi-lahettaa-maastopalomuodostelman-espanjaan\\\/#primaryimage\"},\"image\":{\"@id\":\"https:\\\/\\\/www.pelastusopisto.fi\\\/en\\\/uutisia\\\/suomi-lahettaa-maastopalomuodostelman-espanjaan\\\/#primaryimage\"},\"thumbnailUrl\":\"https:\\\/\\\/www.pelastusopisto.fi\\\/wp-content\\\/uploads\\\/Valmiussiirto-PT-2023-kuvaaja-Mikko-Kuismanen-20230822-1200x800-1.jpg\",\"datePublished\":\"2025-08-18T13:52:51+00:00\",\"dateModified\":\"2025-08-18T13:52:53+00:00\",\"breadcrumb\":{\"@id\":\"https:\\\/\\\/www.pelastusopisto.fi\\\/en\\\/uutisia\\\/suomi-lahettaa-maastopalomuodostelman-espanjaan\\\/#breadcrumb\"},\"inLanguage\":\"en-US\",\"potentialAction\":[{\"@type\":\"ReadAction\",\"target\":[\"https:\\\/\\\/www.pelastusopisto.fi\\\/en\\\/uutisia\\\/suomi-lahettaa-maastopalomuodostelman-espanjaan\\\/\"]}]},{\"@type\":\"ImageObject\",\"inLanguage\":\"en-US\",\"@id\":\"https:\\\/\\\/www.pelastusopisto.fi\\\/en\\\/uutisia\\\/suomi-lahettaa-maastopalomuodostelman-espanjaan\\\/#primaryimage\",\"url\":\"https:\\\/\\\/www.pelastusopisto.fi\\\/wp-content\\\/uploads\\\/Valmiussiirto-PT-2023-kuvaaja-Mikko-Kuismanen-20230822-1200x800-1.jpg\",\"contentUrl\":\"https:\\\/\\\/www.pelastusopisto.fi\\\/wp-content\\\/uploads\\\/Valmiussiirto-PT-2023-kuvaaja-Mikko-Kuismanen-20230822-1200x800-1.jpg\",\"width\":1200,\"height\":800,\"caption\":\"Pelastushenkil\u00f6st\u00f6\u00e4 sammuttamassa paloa vuoren rinteell\u00e4.\"},{\"@type\":\"BreadcrumbList\",\"@id\":\"https:\\\/\\\/www.pelastusopisto.fi\\\/en\\\/uutisia\\\/suomi-lahettaa-maastopalomuodostelman-espanjaan\\\/#breadcrumb\",\"itemListElement\":[{\"@type\":\"ListItem\",\"position\":1,\"name\":\"Home\",\"item\":\"https:\\\/\\\/www.pelastusopisto.fi\\\/en\\\/\"},{\"@type\":\"ListItem\",\"position\":2,\"name\":\"Suomi l\u00e4hett\u00e4\u00e4 maastopalomuodostelman Espanjaan\"}]},{\"@type\":\"WebSite\",\"@id\":\"https:\\\/\\\/www.pelastusopisto.fi\\\/en\\\/#website\",\"url\":\"https:\\\/\\\/www.pelastusopisto.fi\\\/en\\\/\",\"name\":\"Pelastusopisto\",\"description\":\"Pelastusopisto\",\"publisher\":{\"@id\":\"https:\\\/\\\/www.pelastusopisto.fi\\\/en\\\/#organization\"},\"potentialAction\":[{\"@type\":\"SearchAction\",\"target\":{\"@type\":\"EntryPoint\",\"urlTemplate\":\"https:\\\/\\\/www.pelastusopisto.fi\\\/en\\\/?s={search_term_string}\"},\"query-input\":{\"@type\":\"PropertyValueSpecification\",\"valueRequired\":true,\"valueName\":\"search_term_string\"}}],\"inLanguage\":\"en-US\"},{\"@type\":\"Organization\",\"@id\":\"https:\\\/\\\/www.pelastusopisto.fi\\\/en\\\/#organization\",\"name\":\"Pelastusopisto\",\"url\":\"https:\\\/\\\/www.pelastusopisto.fi\\\/en\\\/\",\"logo\":{\"@type\":\"ImageObject\",\"inLanguage\":\"en-US\",\"@id\":\"https:\\\/\\\/www.pelastusopisto.fi\\\/en\\\/#\\\/schema\\\/logo\\\/image\\\/\",\"url\":\"https:\\\/\\\/www.pelastusopisto.fi\\\/wp-content\\\/uploads\\\/pelastusopisto-logo-net.png\",\"contentUrl\":\"https:\\\/\\\/www.pelastusopisto.fi\\\/wp-content\\\/uploads\\\/pelastusopisto-logo-net.png\",\"width\":387,\"height\":71,\"caption\":\"Pelastusopisto\"},\"image\":{\"@id\":\"https:\\\/\\\/www.pelastusopisto.fi\\\/en\\\/#\\\/schema\\\/logo\\\/image\\\/\"},\"sameAs\":[\"https:\\\/\\\/www.facebook.com\\\/Pelastusopisto\\\/\",\"https:\\\/\\\/x.com\\\/Pelastusopisto\",\"https:\\\/\\\/www.instagram.com\\\/pelastusopisto\\\/\",\"https:\\\/\\\/fi.linkedin.com\\\/school\\\/pelastusopisto\\\/\",\"https:\\\/\\\/www.youtube.com\\\/channel\\\/UCQjXYneFsnDYnJtZBfr9Ajg\"]},{\"@type\":\"Person\",\"@id\":\"https:\\\/\\\/www.pelastusopisto.fi\\\/en\\\/#\\\/schema\\\/person\\\/fcd88238f9bbf218a01bd88b71ad9e07\",\"name\":\"Marjo Pitk\u00e4nen\",\"url\":\"https:\\\/\\\/www.pelastusopisto.fi\\\/en\\\/author\\\/marjo-pitk\\\/\"}]}<\/script>\n<!-- \/ Yoast SEO plugin. -->","yoast_head_json":{"title":"Suomi l\u00e4hett\u00e4\u00e4 maastopalomuodostelman Espanjaan - Pelastusopisto","robots":{"index":"index","follow":"follow","max-snippet":"max-snippet:-1","max-image-preview":"max-image-preview:large","max-video-preview":"max-video-preview:-1"},"canonical":"https:\/\/www.pelastusopisto.fi\/en\/uutisia\/suomi-lahettaa-maastopalomuodostelman-espanjaan\/","og_locale":"en_US","og_type":"article","og_title":"Suomi l\u00e4hett\u00e4\u00e4 maastopalomuodostelman Espanjaan - Pelastusopisto","og_description":"Suomi on l\u00e4hett\u00e4nyt sis\u00e4ministeri\u00f6n p\u00e4\u00e4t\u00f6ksell\u00e4 maastopalojen sammuttamiseen erikoistuneen muodostelman Espanjaan [&hellip;]","og_url":"https:\/\/www.pelastusopisto.fi\/en\/uutisia\/suomi-lahettaa-maastopalomuodostelman-espanjaan\/","og_site_name":"Pelastusopisto","article_publisher":"https:\/\/www.facebook.com\/Pelastusopisto\/","article_published_time":"2025-08-18T13:52:51+00:00","article_modified_time":"2025-08-18T13:52:53+00:00","og_image":[{"width":1200,"height":800,"url":"https:\/\/www.pelastusopisto.fi\/wp-content\/uploads\/Valmiussiirto-PT-2023-kuvaaja-Mikko-Kuismanen-20230822-1200x800-1.jpg","type":"image\/jpeg"}],"author":"Marjo Pitk\u00e4nen","twitter_card":"summary_large_image","twitter_creator":"@Pelastusopisto","twitter_site":"@Pelastusopisto","twitter_misc":{"Written by":"Marjo Pitk\u00e4nen","Est. reading time":"2 minutes"},"schema":{"@context":"https:\/\/schema.org","@graph":[{"@type":"Article","@id":"https:\/\/www.pelastusopisto.fi\/en\/uutisia\/suomi-lahettaa-maastopalomuodostelman-espanjaan\/#article","isPartOf":{"@id":"https:\/\/www.pelastusopisto.fi\/en\/uutisia\/suomi-lahettaa-maastopalomuodostelman-espanjaan\/"},"author":{"name":"Marjo Pitk\u00e4nen","@id":"https:\/\/www.pelastusopisto.fi\/en\/#\/schema\/person\/fcd88238f9bbf218a01bd88b71ad9e07"},"headline":"Suomi l\u00e4hett\u00e4\u00e4 maastopalomuodostelman Espanjaan","datePublished":"2025-08-18T13:52:51+00:00","dateModified":"2025-08-18T13:52:53+00:00","mainEntityOfPage":{"@id":"https:\/\/www.pelastusopisto.fi\/en\/uutisia\/suomi-lahettaa-maastopalomuodostelman-espanjaan\/"},"wordCount":332,"publisher":{"@id":"https:\/\/www.pelastusopisto.fi\/en\/#organization"},"image":{"@id":"https:\/\/www.pelastusopisto.fi\/en\/uutisia\/suomi-lahettaa-maastopalomuodostelman-espanjaan\/#primaryimage"},"thumbnailUrl":"https:\/\/www.pelastusopisto.fi\/wp-content\/uploads\/Valmiussiirto-PT-2023-kuvaaja-Mikko-Kuismanen-20230822-1200x800-1.jpg","articleSection":["Uutisia"],"inLanguage":"en-US"},{"@type":"WebPage","@id":"https:\/\/www.pelastusopisto.fi\/en\/uutisia\/suomi-lahettaa-maastopalomuodostelman-espanjaan\/","url":"https:\/\/www.pelastusopisto.fi\/en\/uutisia\/suomi-lahettaa-maastopalomuodostelman-espanjaan\/","name":"Suomi l\u00e4hett\u00e4\u00e4 maastopalomuodostelman Espanjaan - Pelastusopisto","isPartOf":{"@id":"https:\/\/www.pelastusopisto.fi\/en\/#website"},"primaryImageOfPage":{"@id":"https:\/\/www.pelastusopisto.fi\/en\/uutisia\/suomi-lahettaa-maastopalomuodostelman-espanjaan\/#primaryimage"},"image":{"@id":"https:\/\/www.pelastusopisto.fi\/en\/uutisia\/suomi-lahettaa-maastopalomuodostelman-espanjaan\/#primaryimage"},"thumbnailUrl":"https:\/\/www.pelastusopisto.fi\/wp-content\/uploads\/Valmiussiirto-PT-2023-kuvaaja-Mikko-Kuismanen-20230822-1200x800-1.jpg","datePublished":"2025-08-18T13:52:51+00:00","dateModified":"2025-08-18T13:52:53+00:00","breadcrumb":{"@id":"https:\/\/www.pelastusopisto.fi\/en\/uutisia\/suomi-lahettaa-maastopalomuodostelman-espanjaan\/#breadcrumb"},"inLanguage":"en-US","potentialAction":[{"@type":"ReadAction","target":["https:\/\/www.pelastusopisto.fi\/en\/uutisia\/suomi-lahettaa-maastopalomuodostelman-espanjaan\/"]}]},{"@type":"ImageObject","inLanguage":"en-US","@id":"https:\/\/www.pelastusopisto.fi\/en\/uutisia\/suomi-lahettaa-maastopalomuodostelman-espanjaan\/#primaryimage","url":"https:\/\/www.pelastusopisto.fi\/wp-content\/uploads\/Valmiussiirto-PT-2023-kuvaaja-Mikko-Kuismanen-20230822-1200x800-1.jpg","contentUrl":"https:\/\/www.pelastusopisto.fi\/wp-content\/uploads\/Valmiussiirto-PT-2023-kuvaaja-Mikko-Kuismanen-20230822-1200x800-1.jpg","width":1200,"height":800,"caption":"Pelastushenkil\u00f6st\u00f6\u00e4 sammuttamassa paloa vuoren rinteell\u00e4."},{"@type":"BreadcrumbList","@id":"https:\/\/www.pelastusopisto.fi\/en\/uutisia\/suomi-lahettaa-maastopalomuodostelman-espanjaan\/#breadcrumb","itemListElement":[{"@type":"ListItem","position":1,"name":"Home","item":"https:\/\/www.pelastusopisto.fi\/en\/"},{"@type":"ListItem","position":2,"name":"Suomi l\u00e4hett\u00e4\u00e4 maastopalomuodostelman Espanjaan"}]},{"@type":"WebSite","@id":"https:\/\/www.pelastusopisto.fi\/en\/#website","url":"https:\/\/www.pelastusopisto.fi\/en\/","name":"Pelastusopisto","description":"Pelastusopisto","publisher":{"@id":"https:\/\/www.pelastusopisto.fi\/en\/#organization"},"potentialAction":[{"@type":"SearchAction","target":{"@type":"EntryPoint","urlTemplate":"https:\/\/www.pelastusopisto.fi\/en\/?s={search_term_string}"},"query-input":{"@type":"PropertyValueSpecification","valueRequired":true,"valueName":"search_term_string"}}],"inLanguage":"en-US"},{"@type":"Organization","@id":"https:\/\/www.pelastusopisto.fi\/en\/#organization","name":"Pelastusopisto","url":"https:\/\/www.pelastusopisto.fi\/en\/","logo":{"@type":"ImageObject","inLanguage":"en-US","@id":"https:\/\/www.pelastusopisto.fi\/en\/#\/schema\/logo\/image\/","url":"https:\/\/www.pelastusopisto.fi\/wp-content\/uploads\/pelastusopisto-logo-net.png","contentUrl":"https:\/\/www.pelastusopisto.fi\/wp-content\/uploads\/pelastusopisto-logo-net.png","width":387,"height":71,"caption":"Pelastusopisto"},"image":{"@id":"https:\/\/www.pelastusopisto.fi\/en\/#\/schema\/logo\/image\/"},"sameAs":["https:\/\/www.facebook.com\/Pelastusopisto\/","https:\/\/x.com\/Pelastusopisto","https:\/\/www.instagram.com\/pelastusopisto\/","https:\/\/fi.linkedin.com\/school\/pelastusopisto\/","https:\/\/www.youtube.com\/channel\/UCQjXYneFsnDYnJtZBfr9Ajg"]},{"@type":"Person","@id":"https:\/\/www.pelastusopisto.fi\/en\/#\/schema\/person\/fcd88238f9bbf218a01bd88b71ad9e07","name":"Marjo Pitk\u00e4nen","url":"https:\/\/www.pelastusopisto.fi\/en\/author\/marjo-pitk\/"}]}},"featured_image_src":"https:\/\/www.pelastusopisto.fi\/wp-content\/uploads\/Valmiussiirto-PT-2023-kuvaaja-Mikko-Kuismanen-20230822-1200x800-1-600x400.jpg","featured_image_src_square":"https:\/\/www.pelastusopisto.fi\/wp-content\/uploads\/Valmiussiirto-PT-2023-kuvaaja-Mikko-Kuismanen-20230822-1200x800-1-600x600.jpg","author_info":{"display_name":"Marjo Pitk\u00e4nen","author_link":"https:\/\/www.pelastusopisto.fi\/en\/author\/marjo-pitk\/"},"_links":{"self":[{"href":"https:\/\/www.pelastusopisto.fi\/en\/wp-json\/wp\/v2\/posts\/80468","targetHints":{"allow":["GET"]}}],"collection":[{"href":"https:\/\/www.pelastusopisto.fi\/en\/wp-json\/wp\/v2\/posts"}],"about":[{"href":"https:\/\/www.pelastusopisto.fi\/en\/wp-json\/wp\/v2\/types\/post"}],"author":[{"embeddable":true,"href":"https:\/\/www.pelastusopisto.fi\/en\/wp-json\/wp\/v2\/users\/107"}],"replies":[{"embeddable":true,"href":"https:\/\/www.pelastusopisto.fi\/en\/wp-json\/wp\/v2\/comments?post=80468"}],"version-history":[{"count":3,"href":"https:\/\/www.pelastusopisto.fi\/en\/wp-json\/wp\/v2\/posts\/80468\/revisions"}],"predecessor-version":[{"id":80471,"href":"https:\/\/www.pelastusopisto.fi\/en\/wp-json\/wp\/v2\/posts\/80468\/revisions\/80471"}],"wp:featuredmedia":[{"embeddable":true,"href":"https:\/\/www.pelastusopisto.fi\/en\/wp-json\/wp\/v2\/media\/72613"}],"wp:attachment":[{"href":"https:\/\/www.pelastusopisto.fi\/en\/wp-json\/wp\/v2\/media?parent=80468"}],"wp:term":[{"taxonomy":"category","embeddable":true,"href":"https:\/\/www.pelastusopisto.fi\/en\/wp-json\/wp\/v2\/categories?post=80468"},{"taxonomy":"post_tag","embeddable":true,"href":"https:\/\/www.pelastusopisto.fi\/en\/wp-json\/wp\/v2\/tags?post=80468"}],"curies":[{"name":"wp","href":"https:\/\/api.w.org\/{rel}","templated":true}]}}