{"id":78546,"date":"2025-06-30T11:54:21","date_gmt":"2025-06-30T08:54:21","guid":{"rendered":"https:\/\/www.pelastusopisto.fi\/?p=78546"},"modified":"2025-06-30T11:54:22","modified_gmt":"2025-06-30T08:54:22","slug":"uudistettu-alipaallystotutkinto-vastaa-entista-paremmin-pelastustoimen-tarpeisiin-haku-alkaa-heinakuussa","status":"publish","type":"post","link":"https:\/\/www.pelastusopisto.fi\/en\/uutisia\/uudistettu-alipaallystotutkinto-vastaa-entista-paremmin-pelastustoimen-tarpeisiin-haku-alkaa-heinakuussa\/","title":{"rendered":"Uudistettu alip\u00e4\u00e4llyst\u00f6tutkinto vastaa entist\u00e4 paremmin pelastustoimen tarpeisiin \u2013 haku alkaa hein\u00e4kuussa"},"content":{"rendered":"\n<p>Pelastusopiston alip\u00e4\u00e4llyst\u00f6tutkinnon uudistus on valmistunut. Uudistetun opetussuunnitelman mukainen koulutus alkaa tammikuussa 2026, ja hakuaika siihen k\u00e4ynnistyy hein\u00e4kuussa 2025. Tavoitteena on mahdollistaa entist\u00e4 joustavampi opiskelu ty\u00f6n ohessa ja vastata kent\u00e4n ajankohtaisiin osaamistarpeisiin.&nbsp;<\/p>\n\n\n\n<p>Uudistuksessa korostuvat opiskelun joustavuus, verkkopedagogiikan hy\u00f6dynt\u00e4minen ja kent\u00e4n osaamistavoitteet. Tutkinto on edelleen laajuudeltaan 60 opintopistett\u00e4, mutta se jakautuu nyt kolmelle lukukaudelle. Uudistuksen my\u00f6t\u00e4 opiskelu ty\u00f6n ohessa on aiempaa helpompaa.&nbsp;&nbsp;<\/p>\n\n\n\n<p>\u2013 Tavoitteemme on, ett\u00e4 uusi alip\u00e4\u00e4llyst\u00f6tutkinto tukee opiskelijoiden mahdollisuuksia yhdist\u00e4\u00e4 ty\u00f6 ja opiskelu sek\u00e4 antaa heille vahvan ammatillisen valmiuden toimia muuttuvassa pelastustoimessa. Uudistus perustuu ajankohtaisiin osaamistarpeisiin, kertoo koulutusjohtaja Minna Hirvonen.\u00a0<\/p>\n\n\n\n<p><\/p>\n\n\n\n<h2 class=\"wp-block-heading\"><strong>Verkkopainotteinen opiskelu helpottaa ajank\u00e4ytt\u00f6\u00e4<\/strong>&nbsp;<\/h2>\n\n\n\n<p>Verkko-opetusta hy\u00f6dynnet\u00e4\u00e4n jatkossa mahdollisimman laajasti. T\u00e4m\u00e4 v\u00e4hent\u00e4\u00e4 opiskelijoiden matkustustarvetta, tehostaa ajank\u00e4ytt\u00f6\u00e4 ja mahdollistaa tutkinnon suorittamisen vuoroty\u00f6n ohella.&nbsp;<\/p>\n\n\n\n<p><\/p>\n\n\n\n<h2 class=\"wp-block-heading\"><strong>K\u00e4yt\u00e4nn\u00f6n harjoittelu osana oppimista<\/strong>&nbsp;<\/h2>\n\n\n\n<p>Tutkinto sis\u00e4lt\u00e4\u00e4 my\u00f6s kahden viikon ty\u00f6harjoittelun, joka sijoittuu opiskelun kolmanteen lukukauteen. Harjoittelu tarjoaa k\u00e4yt\u00e4nn\u00f6n kokemusta alip\u00e4\u00e4llyst\u00f6n teht\u00e4vist\u00e4.&nbsp;&nbsp;<\/p>\n\n\n\n<p>\u2013 Harjoittelujakson aikana opiskelija perehtyy k\u00e4yt\u00e4nn\u00f6ss\u00e4 alip\u00e4\u00e4llyst\u00f6n rooliin osana pelastustoimintaa, henkil\u00f6st\u00f6n ohjaamista sek\u00e4 arjen suunnittelu- ja p\u00e4\u00e4t\u00f6ksentekotilanteisiin, kertoo koulutusp\u00e4\u00e4llikk\u00f6 Kirmo Savolainen.&nbsp;<\/p>\n\n\n\n<p>Harjoittelu toteutetaan p\u00e4\u00e4asiassa p\u00e4iv\u00e4vuoroissa ja jokaiselle opiskelijalle laaditaan yksil\u00f6llinen suunnitelma, jossa huomioidaan aiempi osaaminen ja tavoitteet.&nbsp;<\/p>\n\n\n\n<p><strong>Haku alip\u00e4\u00e4llyst\u00f6koulutukseen on 21.7.\u201322.8.2025.\u00a0\u00a0<\/strong><\/p>\n\n\n\n<p>Lis\u00e4tietoja&nbsp;&nbsp;<\/p>\n\n\n\n<p>Laura Hokkanen&nbsp;<br>Koulutusp\u00e4\u00e4llikk\u00f6&nbsp;<br>029 545 3536&nbsp;<br>etunimi.sukunimi@pelastusopisto.fi&nbsp;<\/p>\n","protected":false},"excerpt":{"rendered":"<p>Pelastusopiston alip\u00e4\u00e4llyst\u00f6tutkinnon uudistus on valmistunut. Uudistetun opetussuunnitelman mukainen koulutus alkaa [&hellip;]<\/p>\n","protected":false},"author":65,"featured_media":78548,"comment_status":"closed","ping_status":"closed","sticky":false,"template":"","format":"standard","meta":{"_acf_changed":false,"_genesis_hide_title":false,"_genesis_hide_breadcrumbs":false,"_genesis_hide_singular_image":false,"_genesis_hide_footer_widgets":false,"_genesis_custom_body_class":"","_genesis_custom_post_class":"","_genesis_layout":"","footnotes":""},"categories":[214,91],"tags":[],"class_list":{"0":"post-78546","1":"post","2":"type-post","3":"status-publish","4":"format-standard","5":"has-post-thumbnail","7":"category-tutkintokoulutus","8":"category-uutisia","9":"entry"},"acf":[],"gutentor_comment":0,"yoast_head":"<!-- This site is optimized with the Yoast SEO plugin v27.4 - https:\/\/yoast.com\/product\/yoast-seo-wordpress\/ -->\n<title>Uudistettu alip\u00e4\u00e4llyst\u00f6tutkinto vastaa entist\u00e4 paremmin pelastustoimen tarpeisiin \u2013 haku alkaa hein\u00e4kuussa - Pelastusopisto<\/title>\n<meta name=\"robots\" content=\"index, follow, max-snippet:-1, max-image-preview:large, max-video-preview:-1\" \/>\n<link rel=\"canonical\" href=\"https:\/\/www.pelastusopisto.fi\/en\/uutisia\/uudistettu-alipaallystotutkinto-vastaa-entista-paremmin-pelastustoimen-tarpeisiin-haku-alkaa-heinakuussa\/\" \/>\n<meta property=\"og:locale\" content=\"en_US\" \/>\n<meta property=\"og:type\" content=\"article\" \/>\n<meta property=\"og:title\" content=\"Uudistettu alip\u00e4\u00e4llyst\u00f6tutkinto vastaa entist\u00e4 paremmin pelastustoimen tarpeisiin \u2013 haku alkaa hein\u00e4kuussa - Pelastusopisto\" \/>\n<meta property=\"og:description\" content=\"Pelastusopiston alip\u00e4\u00e4llyst\u00f6tutkinnon uudistus on valmistunut. Uudistetun opetussuunnitelman mukainen koulutus alkaa [&hellip;]\" \/>\n<meta property=\"og:url\" content=\"https:\/\/www.pelastusopisto.fi\/en\/uutisia\/uudistettu-alipaallystotutkinto-vastaa-entista-paremmin-pelastustoimen-tarpeisiin-haku-alkaa-heinakuussa\/\" \/>\n<meta property=\"og:site_name\" content=\"Pelastusopisto\" \/>\n<meta property=\"article:publisher\" content=\"https:\/\/www.facebook.com\/Pelastusopisto\/\" \/>\n<meta property=\"article:published_time\" content=\"2025-06-30T08:54:21+00:00\" \/>\n<meta property=\"article:modified_time\" content=\"2025-06-30T08:54:22+00:00\" \/>\n<meta property=\"og:image\" content=\"https:\/\/www.pelastusopisto.fi\/wp-content\/uploads\/banner-alipaallysto-2025_1200x800-www.jpg\" \/>\n\t<meta property=\"og:image:width\" content=\"1200\" \/>\n\t<meta property=\"og:image:height\" content=\"800\" \/>\n\t<meta property=\"og:image:type\" content=\"image\/jpeg\" \/>\n<meta name=\"author\" content=\"Virve Kyll\u00f6nen\" \/>\n<meta name=\"twitter:card\" content=\"summary_large_image\" \/>\n<meta name=\"twitter:creator\" content=\"@Pelastusopisto\" \/>\n<meta name=\"twitter:site\" content=\"@Pelastusopisto\" \/>\n<meta name=\"twitter:label1\" content=\"Written by\" \/>\n\t<meta name=\"twitter:data1\" content=\"Virve Kyll\u00f6nen\" \/>\n\t<meta name=\"twitter:label2\" content=\"Est. reading time\" \/>\n\t<meta name=\"twitter:data2\" content=\"2 minutes\" \/>\n<script type=\"application\/ld+json\" class=\"yoast-schema-graph\">{\"@context\":\"https:\\\/\\\/schema.org\",\"@graph\":[{\"@type\":\"Article\",\"@id\":\"https:\\\/\\\/www.pelastusopisto.fi\\\/en\\\/uutisia\\\/uudistettu-alipaallystotutkinto-vastaa-entista-paremmin-pelastustoimen-tarpeisiin-haku-alkaa-heinakuussa\\\/#article\",\"isPartOf\":{\"@id\":\"https:\\\/\\\/www.pelastusopisto.fi\\\/en\\\/uutisia\\\/uudistettu-alipaallystotutkinto-vastaa-entista-paremmin-pelastustoimen-tarpeisiin-haku-alkaa-heinakuussa\\\/\"},\"author\":{\"name\":\"Virve Kyll\u00f6nen\",\"@id\":\"https:\\\/\\\/www.pelastusopisto.fi\\\/en\\\/#\\\/schema\\\/person\\\/5f3474c0d0f844f798a8e940f44d5a43\"},\"headline\":\"Uudistettu alip\u00e4\u00e4llyst\u00f6tutkinto vastaa entist\u00e4 paremmin pelastustoimen tarpeisiin \u2013 haku alkaa hein\u00e4kuussa\",\"datePublished\":\"2025-06-30T08:54:21+00:00\",\"dateModified\":\"2025-06-30T08:54:22+00:00\",\"mainEntityOfPage\":{\"@id\":\"https:\\\/\\\/www.pelastusopisto.fi\\\/en\\\/uutisia\\\/uudistettu-alipaallystotutkinto-vastaa-entista-paremmin-pelastustoimen-tarpeisiin-haku-alkaa-heinakuussa\\\/\"},\"wordCount\":254,\"publisher\":{\"@id\":\"https:\\\/\\\/www.pelastusopisto.fi\\\/en\\\/#organization\"},\"image\":{\"@id\":\"https:\\\/\\\/www.pelastusopisto.fi\\\/en\\\/uutisia\\\/uudistettu-alipaallystotutkinto-vastaa-entista-paremmin-pelastustoimen-tarpeisiin-haku-alkaa-heinakuussa\\\/#primaryimage\"},\"thumbnailUrl\":\"https:\\\/\\\/www.pelastusopisto.fi\\\/wp-content\\\/uploads\\\/banner-alipaallysto-2025_1200x800-www.jpg\",\"articleSection\":[\"Tutkintokoulutus\",\"Uutisia\"],\"inLanguage\":\"en-US\"},{\"@type\":\"WebPage\",\"@id\":\"https:\\\/\\\/www.pelastusopisto.fi\\\/en\\\/uutisia\\\/uudistettu-alipaallystotutkinto-vastaa-entista-paremmin-pelastustoimen-tarpeisiin-haku-alkaa-heinakuussa\\\/\",\"url\":\"https:\\\/\\\/www.pelastusopisto.fi\\\/en\\\/uutisia\\\/uudistettu-alipaallystotutkinto-vastaa-entista-paremmin-pelastustoimen-tarpeisiin-haku-alkaa-heinakuussa\\\/\",\"name\":\"Uudistettu alip\u00e4\u00e4llyst\u00f6tutkinto vastaa entist\u00e4 paremmin pelastustoimen tarpeisiin \u2013 haku alkaa hein\u00e4kuussa - Pelastusopisto\",\"isPartOf\":{\"@id\":\"https:\\\/\\\/www.pelastusopisto.fi\\\/en\\\/#website\"},\"primaryImageOfPage\":{\"@id\":\"https:\\\/\\\/www.pelastusopisto.fi\\\/en\\\/uutisia\\\/uudistettu-alipaallystotutkinto-vastaa-entista-paremmin-pelastustoimen-tarpeisiin-haku-alkaa-heinakuussa\\\/#primaryimage\"},\"image\":{\"@id\":\"https:\\\/\\\/www.pelastusopisto.fi\\\/en\\\/uutisia\\\/uudistettu-alipaallystotutkinto-vastaa-entista-paremmin-pelastustoimen-tarpeisiin-haku-alkaa-heinakuussa\\\/#primaryimage\"},\"thumbnailUrl\":\"https:\\\/\\\/www.pelastusopisto.fi\\\/wp-content\\\/uploads\\\/banner-alipaallysto-2025_1200x800-www.jpg\",\"datePublished\":\"2025-06-30T08:54:21+00:00\",\"dateModified\":\"2025-06-30T08:54:22+00:00\",\"breadcrumb\":{\"@id\":\"https:\\\/\\\/www.pelastusopisto.fi\\\/en\\\/uutisia\\\/uudistettu-alipaallystotutkinto-vastaa-entista-paremmin-pelastustoimen-tarpeisiin-haku-alkaa-heinakuussa\\\/#breadcrumb\"},\"inLanguage\":\"en-US\",\"potentialAction\":[{\"@type\":\"ReadAction\",\"target\":[\"https:\\\/\\\/www.pelastusopisto.fi\\\/en\\\/uutisia\\\/uudistettu-alipaallystotutkinto-vastaa-entista-paremmin-pelastustoimen-tarpeisiin-haku-alkaa-heinakuussa\\\/\"]}]},{\"@type\":\"ImageObject\",\"inLanguage\":\"en-US\",\"@id\":\"https:\\\/\\\/www.pelastusopisto.fi\\\/en\\\/uutisia\\\/uudistettu-alipaallystotutkinto-vastaa-entista-paremmin-pelastustoimen-tarpeisiin-haku-alkaa-heinakuussa\\\/#primaryimage\",\"url\":\"https:\\\/\\\/www.pelastusopisto.fi\\\/wp-content\\\/uploads\\\/banner-alipaallysto-2025_1200x800-www.jpg\",\"contentUrl\":\"https:\\\/\\\/www.pelastusopisto.fi\\\/wp-content\\\/uploads\\\/banner-alipaallysto-2025_1200x800-www.jpg\",\"width\":1200,\"height\":800,\"caption\":\"Kaksi alip\u00e4\u00e4llyst\u00f6opiskelijaa.\"},{\"@type\":\"BreadcrumbList\",\"@id\":\"https:\\\/\\\/www.pelastusopisto.fi\\\/en\\\/uutisia\\\/uudistettu-alipaallystotutkinto-vastaa-entista-paremmin-pelastustoimen-tarpeisiin-haku-alkaa-heinakuussa\\\/#breadcrumb\",\"itemListElement\":[{\"@type\":\"ListItem\",\"position\":1,\"name\":\"Home\",\"item\":\"https:\\\/\\\/www.pelastusopisto.fi\\\/en\\\/\"},{\"@type\":\"ListItem\",\"position\":2,\"name\":\"Uudistettu alip\u00e4\u00e4llyst\u00f6tutkinto vastaa entist\u00e4 paremmin pelastustoimen tarpeisiin \u2013 haku alkaa hein\u00e4kuussa\"}]},{\"@type\":\"WebSite\",\"@id\":\"https:\\\/\\\/www.pelastusopisto.fi\\\/en\\\/#website\",\"url\":\"https:\\\/\\\/www.pelastusopisto.fi\\\/en\\\/\",\"name\":\"Pelastusopisto\",\"description\":\"Pelastusopisto\",\"publisher\":{\"@id\":\"https:\\\/\\\/www.pelastusopisto.fi\\\/en\\\/#organization\"},\"potentialAction\":[{\"@type\":\"SearchAction\",\"target\":{\"@type\":\"EntryPoint\",\"urlTemplate\":\"https:\\\/\\\/www.pelastusopisto.fi\\\/en\\\/?s={search_term_string}\"},\"query-input\":{\"@type\":\"PropertyValueSpecification\",\"valueRequired\":true,\"valueName\":\"search_term_string\"}}],\"inLanguage\":\"en-US\"},{\"@type\":\"Organization\",\"@id\":\"https:\\\/\\\/www.pelastusopisto.fi\\\/en\\\/#organization\",\"name\":\"Pelastusopisto\",\"url\":\"https:\\\/\\\/www.pelastusopisto.fi\\\/en\\\/\",\"logo\":{\"@type\":\"ImageObject\",\"inLanguage\":\"en-US\",\"@id\":\"https:\\\/\\\/www.pelastusopisto.fi\\\/en\\\/#\\\/schema\\\/logo\\\/image\\\/\",\"url\":\"https:\\\/\\\/www.pelastusopisto.fi\\\/wp-content\\\/uploads\\\/pelastusopisto-logo-net.png\",\"contentUrl\":\"https:\\\/\\\/www.pelastusopisto.fi\\\/wp-content\\\/uploads\\\/pelastusopisto-logo-net.png\",\"width\":387,\"height\":71,\"caption\":\"Pelastusopisto\"},\"image\":{\"@id\":\"https:\\\/\\\/www.pelastusopisto.fi\\\/en\\\/#\\\/schema\\\/logo\\\/image\\\/\"},\"sameAs\":[\"https:\\\/\\\/www.facebook.com\\\/Pelastusopisto\\\/\",\"https:\\\/\\\/x.com\\\/Pelastusopisto\",\"https:\\\/\\\/www.instagram.com\\\/pelastusopisto\\\/\",\"https:\\\/\\\/fi.linkedin.com\\\/school\\\/pelastusopisto\\\/\",\"https:\\\/\\\/www.youtube.com\\\/channel\\\/UCQjXYneFsnDYnJtZBfr9Ajg\"]},{\"@type\":\"Person\",\"@id\":\"https:\\\/\\\/www.pelastusopisto.fi\\\/en\\\/#\\\/schema\\\/person\\\/5f3474c0d0f844f798a8e940f44d5a43\",\"name\":\"Virve Kyll\u00f6nen\",\"url\":\"https:\\\/\\\/www.pelastusopisto.fi\\\/en\\\/author\\\/virv-kyll\\\/\"}]}<\/script>\n<!-- \/ Yoast SEO plugin. -->","yoast_head_json":{"title":"Uudistettu alip\u00e4\u00e4llyst\u00f6tutkinto vastaa entist\u00e4 paremmin pelastustoimen tarpeisiin \u2013 haku alkaa hein\u00e4kuussa - Pelastusopisto","robots":{"index":"index","follow":"follow","max-snippet":"max-snippet:-1","max-image-preview":"max-image-preview:large","max-video-preview":"max-video-preview:-1"},"canonical":"https:\/\/www.pelastusopisto.fi\/en\/uutisia\/uudistettu-alipaallystotutkinto-vastaa-entista-paremmin-pelastustoimen-tarpeisiin-haku-alkaa-heinakuussa\/","og_locale":"en_US","og_type":"article","og_title":"Uudistettu alip\u00e4\u00e4llyst\u00f6tutkinto vastaa entist\u00e4 paremmin pelastustoimen tarpeisiin \u2013 haku alkaa hein\u00e4kuussa - Pelastusopisto","og_description":"Pelastusopiston alip\u00e4\u00e4llyst\u00f6tutkinnon uudistus on valmistunut. Uudistetun opetussuunnitelman mukainen koulutus alkaa [&hellip;]","og_url":"https:\/\/www.pelastusopisto.fi\/en\/uutisia\/uudistettu-alipaallystotutkinto-vastaa-entista-paremmin-pelastustoimen-tarpeisiin-haku-alkaa-heinakuussa\/","og_site_name":"Pelastusopisto","article_publisher":"https:\/\/www.facebook.com\/Pelastusopisto\/","article_published_time":"2025-06-30T08:54:21+00:00","article_modified_time":"2025-06-30T08:54:22+00:00","og_image":[{"width":1200,"height":800,"url":"https:\/\/www.pelastusopisto.fi\/wp-content\/uploads\/banner-alipaallysto-2025_1200x800-www.jpg","type":"image\/jpeg"}],"author":"Virve Kyll\u00f6nen","twitter_card":"summary_large_image","twitter_creator":"@Pelastusopisto","twitter_site":"@Pelastusopisto","twitter_misc":{"Written by":"Virve Kyll\u00f6nen","Est. reading time":"2 minutes"},"schema":{"@context":"https:\/\/schema.org","@graph":[{"@type":"Article","@id":"https:\/\/www.pelastusopisto.fi\/en\/uutisia\/uudistettu-alipaallystotutkinto-vastaa-entista-paremmin-pelastustoimen-tarpeisiin-haku-alkaa-heinakuussa\/#article","isPartOf":{"@id":"https:\/\/www.pelastusopisto.fi\/en\/uutisia\/uudistettu-alipaallystotutkinto-vastaa-entista-paremmin-pelastustoimen-tarpeisiin-haku-alkaa-heinakuussa\/"},"author":{"name":"Virve Kyll\u00f6nen","@id":"https:\/\/www.pelastusopisto.fi\/en\/#\/schema\/person\/5f3474c0d0f844f798a8e940f44d5a43"},"headline":"Uudistettu alip\u00e4\u00e4llyst\u00f6tutkinto vastaa entist\u00e4 paremmin pelastustoimen tarpeisiin \u2013 haku alkaa hein\u00e4kuussa","datePublished":"2025-06-30T08:54:21+00:00","dateModified":"2025-06-30T08:54:22+00:00","mainEntityOfPage":{"@id":"https:\/\/www.pelastusopisto.fi\/en\/uutisia\/uudistettu-alipaallystotutkinto-vastaa-entista-paremmin-pelastustoimen-tarpeisiin-haku-alkaa-heinakuussa\/"},"wordCount":254,"publisher":{"@id":"https:\/\/www.pelastusopisto.fi\/en\/#organization"},"image":{"@id":"https:\/\/www.pelastusopisto.fi\/en\/uutisia\/uudistettu-alipaallystotutkinto-vastaa-entista-paremmin-pelastustoimen-tarpeisiin-haku-alkaa-heinakuussa\/#primaryimage"},"thumbnailUrl":"https:\/\/www.pelastusopisto.fi\/wp-content\/uploads\/banner-alipaallysto-2025_1200x800-www.jpg","articleSection":["Tutkintokoulutus","Uutisia"],"inLanguage":"en-US"},{"@type":"WebPage","@id":"https:\/\/www.pelastusopisto.fi\/en\/uutisia\/uudistettu-alipaallystotutkinto-vastaa-entista-paremmin-pelastustoimen-tarpeisiin-haku-alkaa-heinakuussa\/","url":"https:\/\/www.pelastusopisto.fi\/en\/uutisia\/uudistettu-alipaallystotutkinto-vastaa-entista-paremmin-pelastustoimen-tarpeisiin-haku-alkaa-heinakuussa\/","name":"Uudistettu alip\u00e4\u00e4llyst\u00f6tutkinto vastaa entist\u00e4 paremmin pelastustoimen tarpeisiin \u2013 haku alkaa hein\u00e4kuussa - Pelastusopisto","isPartOf":{"@id":"https:\/\/www.pelastusopisto.fi\/en\/#website"},"primaryImageOfPage":{"@id":"https:\/\/www.pelastusopisto.fi\/en\/uutisia\/uudistettu-alipaallystotutkinto-vastaa-entista-paremmin-pelastustoimen-tarpeisiin-haku-alkaa-heinakuussa\/#primaryimage"},"image":{"@id":"https:\/\/www.pelastusopisto.fi\/en\/uutisia\/uudistettu-alipaallystotutkinto-vastaa-entista-paremmin-pelastustoimen-tarpeisiin-haku-alkaa-heinakuussa\/#primaryimage"},"thumbnailUrl":"https:\/\/www.pelastusopisto.fi\/wp-content\/uploads\/banner-alipaallysto-2025_1200x800-www.jpg","datePublished":"2025-06-30T08:54:21+00:00","dateModified":"2025-06-30T08:54:22+00:00","breadcrumb":{"@id":"https:\/\/www.pelastusopisto.fi\/en\/uutisia\/uudistettu-alipaallystotutkinto-vastaa-entista-paremmin-pelastustoimen-tarpeisiin-haku-alkaa-heinakuussa\/#breadcrumb"},"inLanguage":"en-US","potentialAction":[{"@type":"ReadAction","target":["https:\/\/www.pelastusopisto.fi\/en\/uutisia\/uudistettu-alipaallystotutkinto-vastaa-entista-paremmin-pelastustoimen-tarpeisiin-haku-alkaa-heinakuussa\/"]}]},{"@type":"ImageObject","inLanguage":"en-US","@id":"https:\/\/www.pelastusopisto.fi\/en\/uutisia\/uudistettu-alipaallystotutkinto-vastaa-entista-paremmin-pelastustoimen-tarpeisiin-haku-alkaa-heinakuussa\/#primaryimage","url":"https:\/\/www.pelastusopisto.fi\/wp-content\/uploads\/banner-alipaallysto-2025_1200x800-www.jpg","contentUrl":"https:\/\/www.pelastusopisto.fi\/wp-content\/uploads\/banner-alipaallysto-2025_1200x800-www.jpg","width":1200,"height":800,"caption":"Kaksi alip\u00e4\u00e4llyst\u00f6opiskelijaa."},{"@type":"BreadcrumbList","@id":"https:\/\/www.pelastusopisto.fi\/en\/uutisia\/uudistettu-alipaallystotutkinto-vastaa-entista-paremmin-pelastustoimen-tarpeisiin-haku-alkaa-heinakuussa\/#breadcrumb","itemListElement":[{"@type":"ListItem","position":1,"name":"Home","item":"https:\/\/www.pelastusopisto.fi\/en\/"},{"@type":"ListItem","position":2,"name":"Uudistettu alip\u00e4\u00e4llyst\u00f6tutkinto vastaa entist\u00e4 paremmin pelastustoimen tarpeisiin \u2013 haku alkaa hein\u00e4kuussa"}]},{"@type":"WebSite","@id":"https:\/\/www.pelastusopisto.fi\/en\/#website","url":"https:\/\/www.pelastusopisto.fi\/en\/","name":"Pelastusopisto","description":"Pelastusopisto","publisher":{"@id":"https:\/\/www.pelastusopisto.fi\/en\/#organization"},"potentialAction":[{"@type":"SearchAction","target":{"@type":"EntryPoint","urlTemplate":"https:\/\/www.pelastusopisto.fi\/en\/?s={search_term_string}"},"query-input":{"@type":"PropertyValueSpecification","valueRequired":true,"valueName":"search_term_string"}}],"inLanguage":"en-US"},{"@type":"Organization","@id":"https:\/\/www.pelastusopisto.fi\/en\/#organization","name":"Pelastusopisto","url":"https:\/\/www.pelastusopisto.fi\/en\/","logo":{"@type":"ImageObject","inLanguage":"en-US","@id":"https:\/\/www.pelastusopisto.fi\/en\/#\/schema\/logo\/image\/","url":"https:\/\/www.pelastusopisto.fi\/wp-content\/uploads\/pelastusopisto-logo-net.png","contentUrl":"https:\/\/www.pelastusopisto.fi\/wp-content\/uploads\/pelastusopisto-logo-net.png","width":387,"height":71,"caption":"Pelastusopisto"},"image":{"@id":"https:\/\/www.pelastusopisto.fi\/en\/#\/schema\/logo\/image\/"},"sameAs":["https:\/\/www.facebook.com\/Pelastusopisto\/","https:\/\/x.com\/Pelastusopisto","https:\/\/www.instagram.com\/pelastusopisto\/","https:\/\/fi.linkedin.com\/school\/pelastusopisto\/","https:\/\/www.youtube.com\/channel\/UCQjXYneFsnDYnJtZBfr9Ajg"]},{"@type":"Person","@id":"https:\/\/www.pelastusopisto.fi\/en\/#\/schema\/person\/5f3474c0d0f844f798a8e940f44d5a43","name":"Virve Kyll\u00f6nen","url":"https:\/\/www.pelastusopisto.fi\/en\/author\/virv-kyll\/"}]}},"featured_image_src":"https:\/\/www.pelastusopisto.fi\/wp-content\/uploads\/banner-alipaallysto-2025_1200x800-www-600x400.jpg","featured_image_src_square":"https:\/\/www.pelastusopisto.fi\/wp-content\/uploads\/banner-alipaallysto-2025_1200x800-www-600x600.jpg","author_info":{"display_name":"Virve Kyll\u00f6nen","author_link":"https:\/\/www.pelastusopisto.fi\/en\/author\/virv-kyll\/"},"_links":{"self":[{"href":"https:\/\/www.pelastusopisto.fi\/en\/wp-json\/wp\/v2\/posts\/78546","targetHints":{"allow":["GET"]}}],"collection":[{"href":"https:\/\/www.pelastusopisto.fi\/en\/wp-json\/wp\/v2\/posts"}],"about":[{"href":"https:\/\/www.pelastusopisto.fi\/en\/wp-json\/wp\/v2\/types\/post"}],"author":[{"embeddable":true,"href":"https:\/\/www.pelastusopisto.fi\/en\/wp-json\/wp\/v2\/users\/65"}],"replies":[{"embeddable":true,"href":"https:\/\/www.pelastusopisto.fi\/en\/wp-json\/wp\/v2\/comments?post=78546"}],"version-history":[{"count":4,"href":"https:\/\/www.pelastusopisto.fi\/en\/wp-json\/wp\/v2\/posts\/78546\/revisions"}],"predecessor-version":[{"id":78553,"href":"https:\/\/www.pelastusopisto.fi\/en\/wp-json\/wp\/v2\/posts\/78546\/revisions\/78553"}],"wp:featuredmedia":[{"embeddable":true,"href":"https:\/\/www.pelastusopisto.fi\/en\/wp-json\/wp\/v2\/media\/78548"}],"wp:attachment":[{"href":"https:\/\/www.pelastusopisto.fi\/en\/wp-json\/wp\/v2\/media?parent=78546"}],"wp:term":[{"taxonomy":"category","embeddable":true,"href":"https:\/\/www.pelastusopisto.fi\/en\/wp-json\/wp\/v2\/categories?post=78546"},{"taxonomy":"post_tag","embeddable":true,"href":"https:\/\/www.pelastusopisto.fi\/en\/wp-json\/wp\/v2\/tags?post=78546"}],"curies":[{"name":"wp","href":"https:\/\/api.w.org\/{rel}","templated":true}]}}