{"id":68036,"date":"2023-12-21T09:52:22","date_gmt":"2023-12-21T07:52:22","guid":{"rendered":"https:\/\/www.pelastusopisto.fi\/?p=68036"},"modified":"2023-12-21T09:52:23","modified_gmt":"2023-12-21T07:52:23","slug":"pelastusopistolla-vietetaan-valmistujaisjuhlaa-22-12-2023","status":"publish","type":"post","link":"https:\/\/www.pelastusopisto.fi\/en\/uutisia\/pelastusopistolla-vietetaan-valmistujaisjuhlaa-22-12-2023\/","title":{"rendered":"Pelastusopistolla vietet\u00e4\u00e4n valmistujaisjuhlaa 22.12.2023"},"content":{"rendered":"\n<p>Viet\u00e4mme perjantaina 22.12.2023 valmistujaisjuhlaa, jossa todistuksensa saavat h\u00e4t\u00e4keskusp\u00e4ivyst\u00e4j\u00e4kurssi 41, pelastajakurssit 120, 121 ja 122 sek\u00e4 alip\u00e4\u00e4llyst\u00f6kurssi 50.<\/p>\n\n\n\n<p>Juhlaa voi seurata livestriimist\u00e4: <a href=\"https:\/\/www.youtube.com\/watch?v=6isdByX5egY\">Pelastusopisto p\u00e4\u00e4t\u00f6sjuhla 22.12.2023 klo 11- &#8211; YouTube<\/a><\/p>\n\n\n\n<p>Juhlan tallenne on katsottavissa YouTubessa kaksi viikkoa juhlan j\u00e4lkeen.<\/p>\n\n\n\n<p>L\u00e4mpim\u00e4sti tervetuloa seuraamaan juhlaa striimin kautta. <\/p>\n\n\n\n<p>Hyv\u00e4\u00e4 juhlaa!<\/p>\n\n\n\n<p><strong>Lis\u00e4tietoja:<\/strong><\/p>\n\n\n\n<p><strong>Mervi Parviainen<\/strong><br>Rehtori<br>mervi.parviainen@pelastusopisto.fi, 029&nbsp;545 3470<\/p>\n","protected":false},"excerpt":{"rendered":"<p>Viet\u00e4mme perjantaina 22.12.2023 valmistujaisjuhlaa, jossa todistuksensa saavat h\u00e4t\u00e4keskusp\u00e4ivyst\u00e4j\u00e4kurssi 41, pelastajakurssit [&hellip;]<\/p>\n","protected":false},"author":107,"featured_media":68033,"comment_status":"closed","ping_status":"closed","sticky":false,"template":"","format":"standard","meta":{"_acf_changed":false,"_genesis_hide_title":false,"_genesis_hide_breadcrumbs":false,"_genesis_hide_singular_image":false,"_genesis_hide_footer_widgets":false,"_genesis_custom_body_class":"","_genesis_custom_post_class":"","_genesis_layout":"","footnotes":""},"categories":[91],"tags":[],"class_list":{"0":"post-68036","1":"post","2":"type-post","3":"status-publish","4":"format-standard","5":"has-post-thumbnail","7":"category-uutisia","8":"entry"},"acf":[],"gutentor_comment":0,"yoast_head":"<!-- This site is optimized with the Yoast SEO plugin v27.4 - https:\/\/yoast.com\/product\/yoast-seo-wordpress\/ -->\n<title>Pelastusopistolla vietet\u00e4\u00e4n valmistujaisjuhlaa 22.12.2023 - Pelastusopisto<\/title>\n<meta name=\"robots\" content=\"index, follow, max-snippet:-1, max-image-preview:large, max-video-preview:-1\" \/>\n<link rel=\"canonical\" href=\"https:\/\/www.pelastusopisto.fi\/en\/uutisia\/pelastusopistolla-vietetaan-valmistujaisjuhlaa-22-12-2023\/\" \/>\n<meta property=\"og:locale\" content=\"en_US\" \/>\n<meta property=\"og:type\" content=\"article\" \/>\n<meta property=\"og:title\" content=\"Pelastusopistolla vietet\u00e4\u00e4n valmistujaisjuhlaa 22.12.2023 - Pelastusopisto\" \/>\n<meta property=\"og:description\" content=\"Viet\u00e4mme perjantaina 22.12.2023 valmistujaisjuhlaa, jossa todistuksensa saavat h\u00e4t\u00e4keskusp\u00e4ivyst\u00e4j\u00e4kurssi 41, pelastajakurssit [&hellip;]\" \/>\n<meta property=\"og:url\" content=\"https:\/\/www.pelastusopisto.fi\/en\/uutisia\/pelastusopistolla-vietetaan-valmistujaisjuhlaa-22-12-2023\/\" \/>\n<meta property=\"og:site_name\" content=\"Pelastusopisto\" \/>\n<meta property=\"article:publisher\" content=\"https:\/\/www.facebook.com\/Pelastusopisto\/\" \/>\n<meta property=\"article:published_time\" content=\"2023-12-21T07:52:22+00:00\" \/>\n<meta property=\"article:modified_time\" content=\"2023-12-21T07:52:23+00:00\" \/>\n<meta property=\"og:image\" content=\"https:\/\/www.pelastusopisto.fi\/wp-content\/uploads\/paatosjuhla-joulukuu23-1200x800-1.jpg\" \/>\n\t<meta property=\"og:image:width\" content=\"1200\" \/>\n\t<meta property=\"og:image:height\" content=\"800\" \/>\n\t<meta property=\"og:image:type\" content=\"image\/jpeg\" \/>\n<meta name=\"author\" content=\"Marjo Pitk\u00e4nen\" \/>\n<meta name=\"twitter:card\" content=\"summary_large_image\" \/>\n<meta name=\"twitter:creator\" content=\"@Pelastusopisto\" \/>\n<meta name=\"twitter:site\" content=\"@Pelastusopisto\" \/>\n<meta name=\"twitter:label1\" content=\"Written by\" \/>\n\t<meta name=\"twitter:data1\" content=\"Marjo Pitk\u00e4nen\" \/>\n<script type=\"application\/ld+json\" class=\"yoast-schema-graph\">{\"@context\":\"https:\\\/\\\/schema.org\",\"@graph\":[{\"@type\":\"Article\",\"@id\":\"https:\\\/\\\/www.pelastusopisto.fi\\\/en\\\/uutisia\\\/pelastusopistolla-vietetaan-valmistujaisjuhlaa-22-12-2023\\\/#article\",\"isPartOf\":{\"@id\":\"https:\\\/\\\/www.pelastusopisto.fi\\\/en\\\/uutisia\\\/pelastusopistolla-vietetaan-valmistujaisjuhlaa-22-12-2023\\\/\"},\"author\":{\"name\":\"Marjo Pitk\u00e4nen\",\"@id\":\"https:\\\/\\\/www.pelastusopisto.fi\\\/en\\\/#\\\/schema\\\/person\\\/fcd88238f9bbf218a01bd88b71ad9e07\"},\"headline\":\"Pelastusopistolla vietet\u00e4\u00e4n valmistujaisjuhlaa 22.12.2023\",\"datePublished\":\"2023-12-21T07:52:22+00:00\",\"dateModified\":\"2023-12-21T07:52:23+00:00\",\"mainEntityOfPage\":{\"@id\":\"https:\\\/\\\/www.pelastusopisto.fi\\\/en\\\/uutisia\\\/pelastusopistolla-vietetaan-valmistujaisjuhlaa-22-12-2023\\\/\"},\"wordCount\":64,\"publisher\":{\"@id\":\"https:\\\/\\\/www.pelastusopisto.fi\\\/en\\\/#organization\"},\"image\":{\"@id\":\"https:\\\/\\\/www.pelastusopisto.fi\\\/en\\\/uutisia\\\/pelastusopistolla-vietetaan-valmistujaisjuhlaa-22-12-2023\\\/#primaryimage\"},\"thumbnailUrl\":\"https:\\\/\\\/www.pelastusopisto.fi\\\/wp-content\\\/uploads\\\/paatosjuhla-joulukuu23-1200x800-1.jpg\",\"articleSection\":[\"Uutisia\"],\"inLanguage\":\"en-US\"},{\"@type\":\"WebPage\",\"@id\":\"https:\\\/\\\/www.pelastusopisto.fi\\\/en\\\/uutisia\\\/pelastusopistolla-vietetaan-valmistujaisjuhlaa-22-12-2023\\\/\",\"url\":\"https:\\\/\\\/www.pelastusopisto.fi\\\/en\\\/uutisia\\\/pelastusopistolla-vietetaan-valmistujaisjuhlaa-22-12-2023\\\/\",\"name\":\"Pelastusopistolla vietet\u00e4\u00e4n valmistujaisjuhlaa 22.12.2023 - Pelastusopisto\",\"isPartOf\":{\"@id\":\"https:\\\/\\\/www.pelastusopisto.fi\\\/en\\\/#website\"},\"primaryImageOfPage\":{\"@id\":\"https:\\\/\\\/www.pelastusopisto.fi\\\/en\\\/uutisia\\\/pelastusopistolla-vietetaan-valmistujaisjuhlaa-22-12-2023\\\/#primaryimage\"},\"image\":{\"@id\":\"https:\\\/\\\/www.pelastusopisto.fi\\\/en\\\/uutisia\\\/pelastusopistolla-vietetaan-valmistujaisjuhlaa-22-12-2023\\\/#primaryimage\"},\"thumbnailUrl\":\"https:\\\/\\\/www.pelastusopisto.fi\\\/wp-content\\\/uploads\\\/paatosjuhla-joulukuu23-1200x800-1.jpg\",\"datePublished\":\"2023-12-21T07:52:22+00:00\",\"dateModified\":\"2023-12-21T07:52:23+00:00\",\"breadcrumb\":{\"@id\":\"https:\\\/\\\/www.pelastusopisto.fi\\\/en\\\/uutisia\\\/pelastusopistolla-vietetaan-valmistujaisjuhlaa-22-12-2023\\\/#breadcrumb\"},\"inLanguage\":\"en-US\",\"potentialAction\":[{\"@type\":\"ReadAction\",\"target\":[\"https:\\\/\\\/www.pelastusopisto.fi\\\/en\\\/uutisia\\\/pelastusopistolla-vietetaan-valmistujaisjuhlaa-22-12-2023\\\/\"]}]},{\"@type\":\"ImageObject\",\"inLanguage\":\"en-US\",\"@id\":\"https:\\\/\\\/www.pelastusopisto.fi\\\/en\\\/uutisia\\\/pelastusopistolla-vietetaan-valmistujaisjuhlaa-22-12-2023\\\/#primaryimage\",\"url\":\"https:\\\/\\\/www.pelastusopisto.fi\\\/wp-content\\\/uploads\\\/paatosjuhla-joulukuu23-1200x800-1.jpg\",\"contentUrl\":\"https:\\\/\\\/www.pelastusopisto.fi\\\/wp-content\\\/uploads\\\/paatosjuhla-joulukuu23-1200x800-1.jpg\",\"width\":1200,\"height\":800,\"caption\":\"L\u00e4hikuva juhlap\u00f6yd\u00e4st\u00e4, jossa kukkakimppu ja kolme viiri\u00e4.\"},{\"@type\":\"BreadcrumbList\",\"@id\":\"https:\\\/\\\/www.pelastusopisto.fi\\\/en\\\/uutisia\\\/pelastusopistolla-vietetaan-valmistujaisjuhlaa-22-12-2023\\\/#breadcrumb\",\"itemListElement\":[{\"@type\":\"ListItem\",\"position\":1,\"name\":\"Home\",\"item\":\"https:\\\/\\\/www.pelastusopisto.fi\\\/en\\\/\"},{\"@type\":\"ListItem\",\"position\":2,\"name\":\"Pelastusopistolla vietet\u00e4\u00e4n valmistujaisjuhlaa 22.12.2023\"}]},{\"@type\":\"WebSite\",\"@id\":\"https:\\\/\\\/www.pelastusopisto.fi\\\/en\\\/#website\",\"url\":\"https:\\\/\\\/www.pelastusopisto.fi\\\/en\\\/\",\"name\":\"Pelastusopisto\",\"description\":\"Pelastusopisto\",\"publisher\":{\"@id\":\"https:\\\/\\\/www.pelastusopisto.fi\\\/en\\\/#organization\"},\"potentialAction\":[{\"@type\":\"SearchAction\",\"target\":{\"@type\":\"EntryPoint\",\"urlTemplate\":\"https:\\\/\\\/www.pelastusopisto.fi\\\/en\\\/?s={search_term_string}\"},\"query-input\":{\"@type\":\"PropertyValueSpecification\",\"valueRequired\":true,\"valueName\":\"search_term_string\"}}],\"inLanguage\":\"en-US\"},{\"@type\":\"Organization\",\"@id\":\"https:\\\/\\\/www.pelastusopisto.fi\\\/en\\\/#organization\",\"name\":\"Pelastusopisto\",\"url\":\"https:\\\/\\\/www.pelastusopisto.fi\\\/en\\\/\",\"logo\":{\"@type\":\"ImageObject\",\"inLanguage\":\"en-US\",\"@id\":\"https:\\\/\\\/www.pelastusopisto.fi\\\/en\\\/#\\\/schema\\\/logo\\\/image\\\/\",\"url\":\"https:\\\/\\\/www.pelastusopisto.fi\\\/wp-content\\\/uploads\\\/pelastusopisto-logo-net.png\",\"contentUrl\":\"https:\\\/\\\/www.pelastusopisto.fi\\\/wp-content\\\/uploads\\\/pelastusopisto-logo-net.png\",\"width\":387,\"height\":71,\"caption\":\"Pelastusopisto\"},\"image\":{\"@id\":\"https:\\\/\\\/www.pelastusopisto.fi\\\/en\\\/#\\\/schema\\\/logo\\\/image\\\/\"},\"sameAs\":[\"https:\\\/\\\/www.facebook.com\\\/Pelastusopisto\\\/\",\"https:\\\/\\\/x.com\\\/Pelastusopisto\",\"https:\\\/\\\/www.instagram.com\\\/pelastusopisto\\\/\",\"https:\\\/\\\/fi.linkedin.com\\\/school\\\/pelastusopisto\\\/\",\"https:\\\/\\\/www.youtube.com\\\/channel\\\/UCQjXYneFsnDYnJtZBfr9Ajg\"]},{\"@type\":\"Person\",\"@id\":\"https:\\\/\\\/www.pelastusopisto.fi\\\/en\\\/#\\\/schema\\\/person\\\/fcd88238f9bbf218a01bd88b71ad9e07\",\"name\":\"Marjo Pitk\u00e4nen\",\"url\":\"https:\\\/\\\/www.pelastusopisto.fi\\\/en\\\/author\\\/marjo-pitk\\\/\"}]}<\/script>\n<!-- \/ Yoast SEO plugin. -->","yoast_head_json":{"title":"Pelastusopistolla vietet\u00e4\u00e4n valmistujaisjuhlaa 22.12.2023 - Pelastusopisto","robots":{"index":"index","follow":"follow","max-snippet":"max-snippet:-1","max-image-preview":"max-image-preview:large","max-video-preview":"max-video-preview:-1"},"canonical":"https:\/\/www.pelastusopisto.fi\/en\/uutisia\/pelastusopistolla-vietetaan-valmistujaisjuhlaa-22-12-2023\/","og_locale":"en_US","og_type":"article","og_title":"Pelastusopistolla vietet\u00e4\u00e4n valmistujaisjuhlaa 22.12.2023 - Pelastusopisto","og_description":"Viet\u00e4mme perjantaina 22.12.2023 valmistujaisjuhlaa, jossa todistuksensa saavat h\u00e4t\u00e4keskusp\u00e4ivyst\u00e4j\u00e4kurssi 41, pelastajakurssit [&hellip;]","og_url":"https:\/\/www.pelastusopisto.fi\/en\/uutisia\/pelastusopistolla-vietetaan-valmistujaisjuhlaa-22-12-2023\/","og_site_name":"Pelastusopisto","article_publisher":"https:\/\/www.facebook.com\/Pelastusopisto\/","article_published_time":"2023-12-21T07:52:22+00:00","article_modified_time":"2023-12-21T07:52:23+00:00","og_image":[{"width":1200,"height":800,"url":"https:\/\/www.pelastusopisto.fi\/wp-content\/uploads\/paatosjuhla-joulukuu23-1200x800-1.jpg","type":"image\/jpeg"}],"author":"Marjo Pitk\u00e4nen","twitter_card":"summary_large_image","twitter_creator":"@Pelastusopisto","twitter_site":"@Pelastusopisto","twitter_misc":{"Written by":"Marjo Pitk\u00e4nen"},"schema":{"@context":"https:\/\/schema.org","@graph":[{"@type":"Article","@id":"https:\/\/www.pelastusopisto.fi\/en\/uutisia\/pelastusopistolla-vietetaan-valmistujaisjuhlaa-22-12-2023\/#article","isPartOf":{"@id":"https:\/\/www.pelastusopisto.fi\/en\/uutisia\/pelastusopistolla-vietetaan-valmistujaisjuhlaa-22-12-2023\/"},"author":{"name":"Marjo Pitk\u00e4nen","@id":"https:\/\/www.pelastusopisto.fi\/en\/#\/schema\/person\/fcd88238f9bbf218a01bd88b71ad9e07"},"headline":"Pelastusopistolla vietet\u00e4\u00e4n valmistujaisjuhlaa 22.12.2023","datePublished":"2023-12-21T07:52:22+00:00","dateModified":"2023-12-21T07:52:23+00:00","mainEntityOfPage":{"@id":"https:\/\/www.pelastusopisto.fi\/en\/uutisia\/pelastusopistolla-vietetaan-valmistujaisjuhlaa-22-12-2023\/"},"wordCount":64,"publisher":{"@id":"https:\/\/www.pelastusopisto.fi\/en\/#organization"},"image":{"@id":"https:\/\/www.pelastusopisto.fi\/en\/uutisia\/pelastusopistolla-vietetaan-valmistujaisjuhlaa-22-12-2023\/#primaryimage"},"thumbnailUrl":"https:\/\/www.pelastusopisto.fi\/wp-content\/uploads\/paatosjuhla-joulukuu23-1200x800-1.jpg","articleSection":["Uutisia"],"inLanguage":"en-US"},{"@type":"WebPage","@id":"https:\/\/www.pelastusopisto.fi\/en\/uutisia\/pelastusopistolla-vietetaan-valmistujaisjuhlaa-22-12-2023\/","url":"https:\/\/www.pelastusopisto.fi\/en\/uutisia\/pelastusopistolla-vietetaan-valmistujaisjuhlaa-22-12-2023\/","name":"Pelastusopistolla vietet\u00e4\u00e4n valmistujaisjuhlaa 22.12.2023 - Pelastusopisto","isPartOf":{"@id":"https:\/\/www.pelastusopisto.fi\/en\/#website"},"primaryImageOfPage":{"@id":"https:\/\/www.pelastusopisto.fi\/en\/uutisia\/pelastusopistolla-vietetaan-valmistujaisjuhlaa-22-12-2023\/#primaryimage"},"image":{"@id":"https:\/\/www.pelastusopisto.fi\/en\/uutisia\/pelastusopistolla-vietetaan-valmistujaisjuhlaa-22-12-2023\/#primaryimage"},"thumbnailUrl":"https:\/\/www.pelastusopisto.fi\/wp-content\/uploads\/paatosjuhla-joulukuu23-1200x800-1.jpg","datePublished":"2023-12-21T07:52:22+00:00","dateModified":"2023-12-21T07:52:23+00:00","breadcrumb":{"@id":"https:\/\/www.pelastusopisto.fi\/en\/uutisia\/pelastusopistolla-vietetaan-valmistujaisjuhlaa-22-12-2023\/#breadcrumb"},"inLanguage":"en-US","potentialAction":[{"@type":"ReadAction","target":["https:\/\/www.pelastusopisto.fi\/en\/uutisia\/pelastusopistolla-vietetaan-valmistujaisjuhlaa-22-12-2023\/"]}]},{"@type":"ImageObject","inLanguage":"en-US","@id":"https:\/\/www.pelastusopisto.fi\/en\/uutisia\/pelastusopistolla-vietetaan-valmistujaisjuhlaa-22-12-2023\/#primaryimage","url":"https:\/\/www.pelastusopisto.fi\/wp-content\/uploads\/paatosjuhla-joulukuu23-1200x800-1.jpg","contentUrl":"https:\/\/www.pelastusopisto.fi\/wp-content\/uploads\/paatosjuhla-joulukuu23-1200x800-1.jpg","width":1200,"height":800,"caption":"L\u00e4hikuva juhlap\u00f6yd\u00e4st\u00e4, jossa kukkakimppu ja kolme viiri\u00e4."},{"@type":"BreadcrumbList","@id":"https:\/\/www.pelastusopisto.fi\/en\/uutisia\/pelastusopistolla-vietetaan-valmistujaisjuhlaa-22-12-2023\/#breadcrumb","itemListElement":[{"@type":"ListItem","position":1,"name":"Home","item":"https:\/\/www.pelastusopisto.fi\/en\/"},{"@type":"ListItem","position":2,"name":"Pelastusopistolla vietet\u00e4\u00e4n valmistujaisjuhlaa 22.12.2023"}]},{"@type":"WebSite","@id":"https:\/\/www.pelastusopisto.fi\/en\/#website","url":"https:\/\/www.pelastusopisto.fi\/en\/","name":"Pelastusopisto","description":"Pelastusopisto","publisher":{"@id":"https:\/\/www.pelastusopisto.fi\/en\/#organization"},"potentialAction":[{"@type":"SearchAction","target":{"@type":"EntryPoint","urlTemplate":"https:\/\/www.pelastusopisto.fi\/en\/?s={search_term_string}"},"query-input":{"@type":"PropertyValueSpecification","valueRequired":true,"valueName":"search_term_string"}}],"inLanguage":"en-US"},{"@type":"Organization","@id":"https:\/\/www.pelastusopisto.fi\/en\/#organization","name":"Pelastusopisto","url":"https:\/\/www.pelastusopisto.fi\/en\/","logo":{"@type":"ImageObject","inLanguage":"en-US","@id":"https:\/\/www.pelastusopisto.fi\/en\/#\/schema\/logo\/image\/","url":"https:\/\/www.pelastusopisto.fi\/wp-content\/uploads\/pelastusopisto-logo-net.png","contentUrl":"https:\/\/www.pelastusopisto.fi\/wp-content\/uploads\/pelastusopisto-logo-net.png","width":387,"height":71,"caption":"Pelastusopisto"},"image":{"@id":"https:\/\/www.pelastusopisto.fi\/en\/#\/schema\/logo\/image\/"},"sameAs":["https:\/\/www.facebook.com\/Pelastusopisto\/","https:\/\/x.com\/Pelastusopisto","https:\/\/www.instagram.com\/pelastusopisto\/","https:\/\/fi.linkedin.com\/school\/pelastusopisto\/","https:\/\/www.youtube.com\/channel\/UCQjXYneFsnDYnJtZBfr9Ajg"]},{"@type":"Person","@id":"https:\/\/www.pelastusopisto.fi\/en\/#\/schema\/person\/fcd88238f9bbf218a01bd88b71ad9e07","name":"Marjo Pitk\u00e4nen","url":"https:\/\/www.pelastusopisto.fi\/en\/author\/marjo-pitk\/"}]}},"featured_image_src":"https:\/\/www.pelastusopisto.fi\/wp-content\/uploads\/paatosjuhla-joulukuu23-1200x800-1-600x400.jpg","featured_image_src_square":"https:\/\/www.pelastusopisto.fi\/wp-content\/uploads\/paatosjuhla-joulukuu23-1200x800-1-600x600.jpg","author_info":{"display_name":"Marjo Pitk\u00e4nen","author_link":"https:\/\/www.pelastusopisto.fi\/en\/author\/marjo-pitk\/"},"_links":{"self":[{"href":"https:\/\/www.pelastusopisto.fi\/en\/wp-json\/wp\/v2\/posts\/68036","targetHints":{"allow":["GET"]}}],"collection":[{"href":"https:\/\/www.pelastusopisto.fi\/en\/wp-json\/wp\/v2\/posts"}],"about":[{"href":"https:\/\/www.pelastusopisto.fi\/en\/wp-json\/wp\/v2\/types\/post"}],"author":[{"embeddable":true,"href":"https:\/\/www.pelastusopisto.fi\/en\/wp-json\/wp\/v2\/users\/107"}],"replies":[{"embeddable":true,"href":"https:\/\/www.pelastusopisto.fi\/en\/wp-json\/wp\/v2\/comments?post=68036"}],"version-history":[{"count":2,"href":"https:\/\/www.pelastusopisto.fi\/en\/wp-json\/wp\/v2\/posts\/68036\/revisions"}],"predecessor-version":[{"id":68038,"href":"https:\/\/www.pelastusopisto.fi\/en\/wp-json\/wp\/v2\/posts\/68036\/revisions\/68038"}],"wp:featuredmedia":[{"embeddable":true,"href":"https:\/\/www.pelastusopisto.fi\/en\/wp-json\/wp\/v2\/media\/68033"}],"wp:attachment":[{"href":"https:\/\/www.pelastusopisto.fi\/en\/wp-json\/wp\/v2\/media?parent=68036"}],"wp:term":[{"taxonomy":"category","embeddable":true,"href":"https:\/\/www.pelastusopisto.fi\/en\/wp-json\/wp\/v2\/categories?post=68036"},{"taxonomy":"post_tag","embeddable":true,"href":"https:\/\/www.pelastusopisto.fi\/en\/wp-json\/wp\/v2\/tags?post=68036"}],"curies":[{"name":"wp","href":"https:\/\/api.w.org\/{rel}","templated":true}]}}