{"id":60170,"date":"2023-06-19T12:43:30","date_gmt":"2023-06-19T09:43:30","guid":{"rendered":"https:\/\/www.pelastusopisto.fi\/?p=60170"},"modified":"2023-06-19T13:09:50","modified_gmt":"2023-06-19T10:09:50","slug":"webinaari-pelastustoiminnan-johtamisen-kasikirjasta-ke-16-8-2023-klo-8-30-10","status":"publish","type":"post","link":"https:\/\/www.pelastusopisto.fi\/en\/uutisia\/webinaari-pelastustoiminnan-johtamisen-kasikirjasta-ke-16-8-2023-klo-8-30-10\/","title":{"rendered":"Webinaari Pelastustoiminnan johtamisen k\u00e4sikirjasta ke 16.8.2023 klo 8.30\u201310"},"content":{"rendered":"\n<p>J\u00e4rjest\u00e4mme <a href=\"https:\/\/www.pelastusopisto.fi\/tutkimus-ja-kehitys\/hankkeet\/pelastuslaitosten-ilmoitusmenettelyt-ja-viranomaisyhteistyo-palojen-tutkinnassa\/\" target=\"_blank\" rel=\"noreferrer noopener\">Pelastuslaitosten ilmoitusmenettelyt ja viranomaisyhteisty\u00f6 palojen tutkinnassa<\/a> (Ilmo2) -hankkeessa <strong>webinaarin Pelastustoiminnan johtamisen k\u00e4sikirjasta. Tilaisuus j\u00e4rjestet\u00e4\u00e4n keskiviikkona 16.8.2023 klo 8.30\u201310 Teamsilla.<\/strong><\/p>\n\n\n\n<p><strong>Ilmoittaudu webinaariin viimeist\u00e4\u00e4n tiistaina 15.8. klo 12 menness\u00e4 t\u00e4st\u00e4 <\/strong><a href=\"https:\/\/link.webropolsurveys.com\/Participation\/Public\/218238ba-6522-4d05-8f2b-73e568eaafe2?displayId=Fin2846359\" target=\"_blank\" rel=\"noreferrer noopener\"><strong>linkist\u00e4.<\/strong><\/a> Teams-linkki l\u00e4hetet\u00e4\u00e4n ilmoittautuneille iltap\u00e4iv\u00e4ll\u00e4 15.8. (Ilmo2 -hankkeen yhteyshenkil\u00f6t ovat saaneet ilmoittautumislinkin suoraan, ja heid\u00e4n ei tarvitse erikseen ilmoittautua).&nbsp;<\/p>\n\n\n\n<h2 class=\"wp-block-heading\">Pelastustoiminnan johtamisen k\u00e4sikirja tukee ja dokumentoi toimintaa onnettomuustilanteessa<\/h2>\n\n\n\n<p>Vastik\u00e4\u00e4n Pelastusopiston toteuttamassa ja Palosuojelurahaston rahoittamassa hankkeessa valmistuneen <strong>Pelastustoiminnan johtamisen k\u00e4sikirjan <\/strong>tavoitteena on parantaa ja yhten\u00e4ist\u00e4\u00e4 pelastustoiminnan johtamisen sek\u00e4 onnettomuustilanteen hallinnan laatua koko maassa. PTJ-k\u00e4sikirjan aineisto tukee pelastustoiminnan johtamista kaikilla sen tasoilla monipuolisesti, toimien muun muassa<\/p>\n\n\n\n<ul class=\"basic-list wp-block-list\">\n<li>muistilistana huomioitavista asioista ja teht\u00e4vist\u00e4<\/li>\n\n\n\n<li>apuv\u00e4lineen\u00e4 esimerkiksi tarvittavien resurssien arvioinnissa, ja<\/li>\n\n\n\n<li>muistiinpanov\u00e4lineen\u00e4 onnettomuuden ja pelastustoiminnan eri vaiheista. Kun n\u00e4ihin kirjauksiin tulevat my\u00f6s automaattiset aikaleimat, se helpottaa tapahtuman kaaren ja kronologian my\u00f6hemp\u00e4\u00e4 l\u00e4pik\u00e4ynti\u00e4 ja todentamista.<\/li>\n<\/ul>\n\n\n\n<p>Monille pelastustoimen edustajille PTJ-k\u00e4sikirja on jo tuttu esimerkiksi pelastuslaitoksille tehtyjen koulutusten my\u00f6t\u00e4, ja PTJ-k\u00e4sikirja onkin saanut hyv\u00e4\u00e4 palautetta k\u00e4ytt\u00e4jilt\u00e4\u00e4n. Eritt\u00e4in ilahduttavaa t\u00e4m\u00e4n lis\u00e4ksi on se, ett\u00e4 jo nyt <strong>pelastustoimessa hyvin toimivaksi koetusta ty\u00f6kalusta voisi olla apua my\u00f6s muiden viranomaisten ty\u00f6h\u00f6n ja sen kehitt\u00e4miseen. Erityisesti poliisissa on ollut kiinnostusta tutustua PTJ-k\u00e4sikirjan toimintalogiikkaan.<\/strong><\/p>\n\n\n\n<p>Ilmo2 -hankkeen viranomaiskolmikannasta (pelastus \u2013 poliisi \u2013 syytt\u00e4j\u00e4) syytt\u00e4jien liitynt\u00e4 PTJ-k\u00e4sikirjan teemoihin on l\u00e4ht\u00f6kohtaisesti et\u00e4isin, mutta siihen tutustuminen avaa j\u00e4lleen paremmin pelastustoimen laajaa ja monipuolista teht\u00e4v\u00e4kentt\u00e4\u00e4 esimerkiksi rakennuspalojen kohdalla. Lis\u00e4ksi PTJ-k\u00e4sikirjan muistiinpano-ominaisuuksissa on eritt\u00e4in hyv\u00e4\u00e4 potentiaalia tukemaan niit\u00e4 haastaviakin havainnointi- ja huomiointitarpeita, joita esimerkiksi laajassa palotapauksessa oikeuteen todistajaksi kutsuttavalle pelastustoiminnan johtajalle voi asettua. &nbsp;<\/p>\n\n\n\n<h3 class=\"wp-block-heading\">PTJ-k\u00e4sikirjaa webinaarissa esittelev\u00e4t yliopettajat Matti Honkanen ja Anna-Mari Kosunen Pelastusopiston Pelastustoiminnan johtamisen tiimist\u00e4.<\/h3>\n\n\n\n<p><strong>Matti Honkanen<\/strong> on pitk\u00e4\u00e4n tehnyt ty\u00f6t\u00e4 erityisesti pelastustoiminnan johtamisen osaamisen kehitt\u00e4misess\u00e4 ja osaamistarpeiden kartoittamisessa, ja n\u00e4m\u00e4 Osaamistarpeiden kartoitushankkeet (OKA 1-2) ovatkin PTJ-hankkeen pohjalla. Honkanen valittiin t\u00e4n\u00e4 vuonna Vuoden Palomieheksi juuri ansioistaan kattavassa johtamisen kehitt\u00e4misess\u00e4. Kuten PTJ- ja OKA-hankkeet osoittavat, koulutuksen kehitt\u00e4minen ei ole j\u00e4\u00e4nyt vain Pelastusopiston sis\u00e4lle, vaan se on ulottunut pelastuslaitoksille sek\u00e4 vakinaiseen henkil\u00f6st\u00f6\u00f6n ett\u00e4 sopimuspalokuntiin. &nbsp;&nbsp;&nbsp;&nbsp;<\/p>\n\n\n\n<p><strong>Anna-Mari Kosunen<\/strong> on ollut aktiivisesti mukana sek\u00e4 OKA-hankkeissa ett\u00e4 PTJ-hankkeessa. Opetus- ja koulutusty\u00f6n lis\u00e4ksi kokemusta on kertynyt my\u00f6s TKI:n hanketoiminnasta. Kun hein\u00e4kuussa 2021 Kalajoella kaksi viikkoa kest\u00e4neen ja noin 1 500 henkil\u00f6\u00e4 eri tavoin ty\u00f6llist\u00e4neen <a href=\"http:\/\/info.smedu.fi\/kirjasto\/Sarja_D\/D3_2022.pdf\" target=\"_blank\" rel=\"noreferrer noopener\">mets\u00e4palon kokemuksia ja oppeja koottiin<\/a>, Kosunen veti pelastustoiminnan johtamisen osuuden analysointia.<\/p>\n\n\n\n<p><strong>Lis\u00e4tietoja tilaisuudesta:<\/strong><br>P\u00e4ivi M\u00e4kel\u00e4<br>Tutkija<br>0295 453\u00a0549, <a href=\"mailto:paivi.makela@pelastusopisto.fi\">paivi.makela@pelastusopisto.fi<\/a><br>(lomalla 22.6.\u201331.7.2023)<\/p>\n","protected":false},"excerpt":{"rendered":"<p>J\u00e4rjest\u00e4mme Pelastuslaitosten ilmoitusmenettelyt ja viranomaisyhteisty\u00f6 palojen tutkinnassa (Ilmo2) -hankkeessa webinaarin [&hellip;]<\/p>\n","protected":false},"author":88,"featured_media":60150,"comment_status":"closed","ping_status":"closed","sticky":false,"template":"","format":"standard","meta":{"_acf_changed":false,"_genesis_hide_title":false,"_genesis_hide_breadcrumbs":false,"_genesis_hide_singular_image":false,"_genesis_hide_footer_widgets":false,"_genesis_custom_body_class":"","_genesis_custom_post_class":"","_genesis_layout":"","footnotes":""},"categories":[174,94,91],"tags":[],"class_list":{"0":"post-60170","1":"post","2":"type-post","3":"status-publish","4":"format-standard","5":"has-post-thumbnail","7":"category-tapahtumat","8":"category-tutkimuksen-tiedotteet","9":"category-uutisia","10":"entry"},"acf":[],"gutentor_comment":0,"yoast_head":"<!-- This site is optimized with the Yoast SEO plugin v27.4 - https:\/\/yoast.com\/product\/yoast-seo-wordpress\/ -->\n<title>Webinaari Pelastustoiminnan johtamisen k\u00e4sikirjasta ke 16.8.2023 klo 8.30\u201310 - Pelastusopisto<\/title>\n<meta name=\"robots\" content=\"index, follow, max-snippet:-1, max-image-preview:large, max-video-preview:-1\" \/>\n<link rel=\"canonical\" href=\"https:\/\/www.pelastusopisto.fi\/en\/uutisia\/webinaari-pelastustoiminnan-johtamisen-kasikirjasta-ke-16-8-2023-klo-8-30-10\/\" \/>\n<meta property=\"og:locale\" content=\"en_US\" \/>\n<meta property=\"og:type\" content=\"article\" \/>\n<meta property=\"og:title\" content=\"Webinaari Pelastustoiminnan johtamisen k\u00e4sikirjasta ke 16.8.2023 klo 8.30\u201310 - Pelastusopisto\" \/>\n<meta property=\"og:description\" content=\"J\u00e4rjest\u00e4mme Pelastuslaitosten ilmoitusmenettelyt ja viranomaisyhteisty\u00f6 palojen tutkinnassa (Ilmo2) -hankkeessa webinaarin [&hellip;]\" \/>\n<meta property=\"og:url\" content=\"https:\/\/www.pelastusopisto.fi\/en\/uutisia\/webinaari-pelastustoiminnan-johtamisen-kasikirjasta-ke-16-8-2023-klo-8-30-10\/\" \/>\n<meta property=\"og:site_name\" content=\"Pelastusopisto\" \/>\n<meta property=\"article:publisher\" content=\"https:\/\/www.facebook.com\/Pelastusopisto\/\" \/>\n<meta property=\"article:published_time\" content=\"2023-06-19T09:43:30+00:00\" \/>\n<meta property=\"article:modified_time\" content=\"2023-06-19T10:09:50+00:00\" \/>\n<meta property=\"og:image\" content=\"https:\/\/www.pelastusopisto.fi\/wp-content\/uploads\/ptj-net-1200x800-1.jpg\" \/>\n\t<meta property=\"og:image:width\" content=\"1200\" \/>\n\t<meta property=\"og:image:height\" content=\"800\" \/>\n\t<meta property=\"og:image:type\" content=\"image\/jpeg\" \/>\n<meta name=\"author\" content=\"Santtu Tuomisto\" \/>\n<meta name=\"twitter:card\" content=\"summary_large_image\" \/>\n<meta name=\"twitter:creator\" content=\"@Pelastusopisto\" \/>\n<meta name=\"twitter:site\" content=\"@Pelastusopisto\" \/>\n<meta name=\"twitter:label1\" content=\"Written by\" \/>\n\t<meta name=\"twitter:data1\" content=\"Santtu Tuomisto\" \/>\n\t<meta name=\"twitter:label2\" content=\"Est. reading time\" \/>\n\t<meta name=\"twitter:data2\" content=\"3 minutes\" \/>\n<script type=\"application\/ld+json\" class=\"yoast-schema-graph\">{\"@context\":\"https:\\\/\\\/schema.org\",\"@graph\":[{\"@type\":\"Article\",\"@id\":\"https:\\\/\\\/www.pelastusopisto.fi\\\/en\\\/uutisia\\\/webinaari-pelastustoiminnan-johtamisen-kasikirjasta-ke-16-8-2023-klo-8-30-10\\\/#article\",\"isPartOf\":{\"@id\":\"https:\\\/\\\/www.pelastusopisto.fi\\\/en\\\/uutisia\\\/webinaari-pelastustoiminnan-johtamisen-kasikirjasta-ke-16-8-2023-klo-8-30-10\\\/\"},\"author\":{\"name\":\"Santtu Tuomisto\",\"@id\":\"https:\\\/\\\/www.pelastusopisto.fi\\\/en\\\/#\\\/schema\\\/person\\\/2a71b412ce622dafefbbefbe092029e8\"},\"headline\":\"Webinaari Pelastustoiminnan johtamisen k\u00e4sikirjasta ke 16.8.2023 klo 8.30\u201310\",\"datePublished\":\"2023-06-19T09:43:30+00:00\",\"dateModified\":\"2023-06-19T10:09:50+00:00\",\"mainEntityOfPage\":{\"@id\":\"https:\\\/\\\/www.pelastusopisto.fi\\\/en\\\/uutisia\\\/webinaari-pelastustoiminnan-johtamisen-kasikirjasta-ke-16-8-2023-klo-8-30-10\\\/\"},\"wordCount\":438,\"publisher\":{\"@id\":\"https:\\\/\\\/www.pelastusopisto.fi\\\/en\\\/#organization\"},\"image\":{\"@id\":\"https:\\\/\\\/www.pelastusopisto.fi\\\/en\\\/uutisia\\\/webinaari-pelastustoiminnan-johtamisen-kasikirjasta-ke-16-8-2023-klo-8-30-10\\\/#primaryimage\"},\"thumbnailUrl\":\"https:\\\/\\\/www.pelastusopisto.fi\\\/wp-content\\\/uploads\\\/ptj-net-1200x800-1.jpg\",\"articleSection\":[\"Tapahtumat\",\"TKI-toiminta\",\"Uutisia\"],\"inLanguage\":\"en-US\"},{\"@type\":\"WebPage\",\"@id\":\"https:\\\/\\\/www.pelastusopisto.fi\\\/en\\\/uutisia\\\/webinaari-pelastustoiminnan-johtamisen-kasikirjasta-ke-16-8-2023-klo-8-30-10\\\/\",\"url\":\"https:\\\/\\\/www.pelastusopisto.fi\\\/en\\\/uutisia\\\/webinaari-pelastustoiminnan-johtamisen-kasikirjasta-ke-16-8-2023-klo-8-30-10\\\/\",\"name\":\"Webinaari Pelastustoiminnan johtamisen k\u00e4sikirjasta ke 16.8.2023 klo 8.30\u201310 - Pelastusopisto\",\"isPartOf\":{\"@id\":\"https:\\\/\\\/www.pelastusopisto.fi\\\/en\\\/#website\"},\"primaryImageOfPage\":{\"@id\":\"https:\\\/\\\/www.pelastusopisto.fi\\\/en\\\/uutisia\\\/webinaari-pelastustoiminnan-johtamisen-kasikirjasta-ke-16-8-2023-klo-8-30-10\\\/#primaryimage\"},\"image\":{\"@id\":\"https:\\\/\\\/www.pelastusopisto.fi\\\/en\\\/uutisia\\\/webinaari-pelastustoiminnan-johtamisen-kasikirjasta-ke-16-8-2023-klo-8-30-10\\\/#primaryimage\"},\"thumbnailUrl\":\"https:\\\/\\\/www.pelastusopisto.fi\\\/wp-content\\\/uploads\\\/ptj-net-1200x800-1.jpg\",\"datePublished\":\"2023-06-19T09:43:30+00:00\",\"dateModified\":\"2023-06-19T10:09:50+00:00\",\"breadcrumb\":{\"@id\":\"https:\\\/\\\/www.pelastusopisto.fi\\\/en\\\/uutisia\\\/webinaari-pelastustoiminnan-johtamisen-kasikirjasta-ke-16-8-2023-klo-8-30-10\\\/#breadcrumb\"},\"inLanguage\":\"en-US\",\"potentialAction\":[{\"@type\":\"ReadAction\",\"target\":[\"https:\\\/\\\/www.pelastusopisto.fi\\\/en\\\/uutisia\\\/webinaari-pelastustoiminnan-johtamisen-kasikirjasta-ke-16-8-2023-klo-8-30-10\\\/\"]}]},{\"@type\":\"ImageObject\",\"inLanguage\":\"en-US\",\"@id\":\"https:\\\/\\\/www.pelastusopisto.fi\\\/en\\\/uutisia\\\/webinaari-pelastustoiminnan-johtamisen-kasikirjasta-ke-16-8-2023-klo-8-30-10\\\/#primaryimage\",\"url\":\"https:\\\/\\\/www.pelastusopisto.fi\\\/wp-content\\\/uploads\\\/ptj-net-1200x800-1.jpg\",\"contentUrl\":\"https:\\\/\\\/www.pelastusopisto.fi\\\/wp-content\\\/uploads\\\/ptj-net-1200x800-1.jpg\",\"width\":1200,\"height\":800,\"caption\":\"Pelastustoiminnan johtamisen k\u00e4sikirjaa k\u00e4ytet\u00e4\u00e4n tilannepaikalla tabletilta.\"},{\"@type\":\"BreadcrumbList\",\"@id\":\"https:\\\/\\\/www.pelastusopisto.fi\\\/en\\\/uutisia\\\/webinaari-pelastustoiminnan-johtamisen-kasikirjasta-ke-16-8-2023-klo-8-30-10\\\/#breadcrumb\",\"itemListElement\":[{\"@type\":\"ListItem\",\"position\":1,\"name\":\"Home\",\"item\":\"https:\\\/\\\/www.pelastusopisto.fi\\\/en\\\/\"},{\"@type\":\"ListItem\",\"position\":2,\"name\":\"Webinaari Pelastustoiminnan johtamisen k\u00e4sikirjasta ke 16.8.2023 klo 8.30\u201310\"}]},{\"@type\":\"WebSite\",\"@id\":\"https:\\\/\\\/www.pelastusopisto.fi\\\/en\\\/#website\",\"url\":\"https:\\\/\\\/www.pelastusopisto.fi\\\/en\\\/\",\"name\":\"Pelastusopisto\",\"description\":\"Pelastusopisto\",\"publisher\":{\"@id\":\"https:\\\/\\\/www.pelastusopisto.fi\\\/en\\\/#organization\"},\"potentialAction\":[{\"@type\":\"SearchAction\",\"target\":{\"@type\":\"EntryPoint\",\"urlTemplate\":\"https:\\\/\\\/www.pelastusopisto.fi\\\/en\\\/?s={search_term_string}\"},\"query-input\":{\"@type\":\"PropertyValueSpecification\",\"valueRequired\":true,\"valueName\":\"search_term_string\"}}],\"inLanguage\":\"en-US\"},{\"@type\":\"Organization\",\"@id\":\"https:\\\/\\\/www.pelastusopisto.fi\\\/en\\\/#organization\",\"name\":\"Pelastusopisto\",\"url\":\"https:\\\/\\\/www.pelastusopisto.fi\\\/en\\\/\",\"logo\":{\"@type\":\"ImageObject\",\"inLanguage\":\"en-US\",\"@id\":\"https:\\\/\\\/www.pelastusopisto.fi\\\/en\\\/#\\\/schema\\\/logo\\\/image\\\/\",\"url\":\"https:\\\/\\\/www.pelastusopisto.fi\\\/wp-content\\\/uploads\\\/pelastusopisto-logo-net.png\",\"contentUrl\":\"https:\\\/\\\/www.pelastusopisto.fi\\\/wp-content\\\/uploads\\\/pelastusopisto-logo-net.png\",\"width\":387,\"height\":71,\"caption\":\"Pelastusopisto\"},\"image\":{\"@id\":\"https:\\\/\\\/www.pelastusopisto.fi\\\/en\\\/#\\\/schema\\\/logo\\\/image\\\/\"},\"sameAs\":[\"https:\\\/\\\/www.facebook.com\\\/Pelastusopisto\\\/\",\"https:\\\/\\\/x.com\\\/Pelastusopisto\",\"https:\\\/\\\/www.instagram.com\\\/pelastusopisto\\\/\",\"https:\\\/\\\/fi.linkedin.com\\\/school\\\/pelastusopisto\\\/\",\"https:\\\/\\\/www.youtube.com\\\/channel\\\/UCQjXYneFsnDYnJtZBfr9Ajg\"]},{\"@type\":\"Person\",\"@id\":\"https:\\\/\\\/www.pelastusopisto.fi\\\/en\\\/#\\\/schema\\\/person\\\/2a71b412ce622dafefbbefbe092029e8\",\"name\":\"Santtu Tuomisto\",\"url\":\"https:\\\/\\\/www.pelastusopisto.fi\\\/en\\\/author\\\/santtu-tuo\\\/\"}]}<\/script>\n<!-- \/ Yoast SEO plugin. -->","yoast_head_json":{"title":"Webinaari Pelastustoiminnan johtamisen k\u00e4sikirjasta ke 16.8.2023 klo 8.30\u201310 - Pelastusopisto","robots":{"index":"index","follow":"follow","max-snippet":"max-snippet:-1","max-image-preview":"max-image-preview:large","max-video-preview":"max-video-preview:-1"},"canonical":"https:\/\/www.pelastusopisto.fi\/en\/uutisia\/webinaari-pelastustoiminnan-johtamisen-kasikirjasta-ke-16-8-2023-klo-8-30-10\/","og_locale":"en_US","og_type":"article","og_title":"Webinaari Pelastustoiminnan johtamisen k\u00e4sikirjasta ke 16.8.2023 klo 8.30\u201310 - Pelastusopisto","og_description":"J\u00e4rjest\u00e4mme Pelastuslaitosten ilmoitusmenettelyt ja viranomaisyhteisty\u00f6 palojen tutkinnassa (Ilmo2) -hankkeessa webinaarin [&hellip;]","og_url":"https:\/\/www.pelastusopisto.fi\/en\/uutisia\/webinaari-pelastustoiminnan-johtamisen-kasikirjasta-ke-16-8-2023-klo-8-30-10\/","og_site_name":"Pelastusopisto","article_publisher":"https:\/\/www.facebook.com\/Pelastusopisto\/","article_published_time":"2023-06-19T09:43:30+00:00","article_modified_time":"2023-06-19T10:09:50+00:00","og_image":[{"width":1200,"height":800,"url":"https:\/\/www.pelastusopisto.fi\/wp-content\/uploads\/ptj-net-1200x800-1.jpg","type":"image\/jpeg"}],"author":"Santtu Tuomisto","twitter_card":"summary_large_image","twitter_creator":"@Pelastusopisto","twitter_site":"@Pelastusopisto","twitter_misc":{"Written by":"Santtu Tuomisto","Est. reading time":"3 minutes"},"schema":{"@context":"https:\/\/schema.org","@graph":[{"@type":"Article","@id":"https:\/\/www.pelastusopisto.fi\/en\/uutisia\/webinaari-pelastustoiminnan-johtamisen-kasikirjasta-ke-16-8-2023-klo-8-30-10\/#article","isPartOf":{"@id":"https:\/\/www.pelastusopisto.fi\/en\/uutisia\/webinaari-pelastustoiminnan-johtamisen-kasikirjasta-ke-16-8-2023-klo-8-30-10\/"},"author":{"name":"Santtu Tuomisto","@id":"https:\/\/www.pelastusopisto.fi\/en\/#\/schema\/person\/2a71b412ce622dafefbbefbe092029e8"},"headline":"Webinaari Pelastustoiminnan johtamisen k\u00e4sikirjasta ke 16.8.2023 klo 8.30\u201310","datePublished":"2023-06-19T09:43:30+00:00","dateModified":"2023-06-19T10:09:50+00:00","mainEntityOfPage":{"@id":"https:\/\/www.pelastusopisto.fi\/en\/uutisia\/webinaari-pelastustoiminnan-johtamisen-kasikirjasta-ke-16-8-2023-klo-8-30-10\/"},"wordCount":438,"publisher":{"@id":"https:\/\/www.pelastusopisto.fi\/en\/#organization"},"image":{"@id":"https:\/\/www.pelastusopisto.fi\/en\/uutisia\/webinaari-pelastustoiminnan-johtamisen-kasikirjasta-ke-16-8-2023-klo-8-30-10\/#primaryimage"},"thumbnailUrl":"https:\/\/www.pelastusopisto.fi\/wp-content\/uploads\/ptj-net-1200x800-1.jpg","articleSection":["Tapahtumat","TKI-toiminta","Uutisia"],"inLanguage":"en-US"},{"@type":"WebPage","@id":"https:\/\/www.pelastusopisto.fi\/en\/uutisia\/webinaari-pelastustoiminnan-johtamisen-kasikirjasta-ke-16-8-2023-klo-8-30-10\/","url":"https:\/\/www.pelastusopisto.fi\/en\/uutisia\/webinaari-pelastustoiminnan-johtamisen-kasikirjasta-ke-16-8-2023-klo-8-30-10\/","name":"Webinaari Pelastustoiminnan johtamisen k\u00e4sikirjasta ke 16.8.2023 klo 8.30\u201310 - Pelastusopisto","isPartOf":{"@id":"https:\/\/www.pelastusopisto.fi\/en\/#website"},"primaryImageOfPage":{"@id":"https:\/\/www.pelastusopisto.fi\/en\/uutisia\/webinaari-pelastustoiminnan-johtamisen-kasikirjasta-ke-16-8-2023-klo-8-30-10\/#primaryimage"},"image":{"@id":"https:\/\/www.pelastusopisto.fi\/en\/uutisia\/webinaari-pelastustoiminnan-johtamisen-kasikirjasta-ke-16-8-2023-klo-8-30-10\/#primaryimage"},"thumbnailUrl":"https:\/\/www.pelastusopisto.fi\/wp-content\/uploads\/ptj-net-1200x800-1.jpg","datePublished":"2023-06-19T09:43:30+00:00","dateModified":"2023-06-19T10:09:50+00:00","breadcrumb":{"@id":"https:\/\/www.pelastusopisto.fi\/en\/uutisia\/webinaari-pelastustoiminnan-johtamisen-kasikirjasta-ke-16-8-2023-klo-8-30-10\/#breadcrumb"},"inLanguage":"en-US","potentialAction":[{"@type":"ReadAction","target":["https:\/\/www.pelastusopisto.fi\/en\/uutisia\/webinaari-pelastustoiminnan-johtamisen-kasikirjasta-ke-16-8-2023-klo-8-30-10\/"]}]},{"@type":"ImageObject","inLanguage":"en-US","@id":"https:\/\/www.pelastusopisto.fi\/en\/uutisia\/webinaari-pelastustoiminnan-johtamisen-kasikirjasta-ke-16-8-2023-klo-8-30-10\/#primaryimage","url":"https:\/\/www.pelastusopisto.fi\/wp-content\/uploads\/ptj-net-1200x800-1.jpg","contentUrl":"https:\/\/www.pelastusopisto.fi\/wp-content\/uploads\/ptj-net-1200x800-1.jpg","width":1200,"height":800,"caption":"Pelastustoiminnan johtamisen k\u00e4sikirjaa k\u00e4ytet\u00e4\u00e4n tilannepaikalla tabletilta."},{"@type":"BreadcrumbList","@id":"https:\/\/www.pelastusopisto.fi\/en\/uutisia\/webinaari-pelastustoiminnan-johtamisen-kasikirjasta-ke-16-8-2023-klo-8-30-10\/#breadcrumb","itemListElement":[{"@type":"ListItem","position":1,"name":"Home","item":"https:\/\/www.pelastusopisto.fi\/en\/"},{"@type":"ListItem","position":2,"name":"Webinaari Pelastustoiminnan johtamisen k\u00e4sikirjasta ke 16.8.2023 klo 8.30\u201310"}]},{"@type":"WebSite","@id":"https:\/\/www.pelastusopisto.fi\/en\/#website","url":"https:\/\/www.pelastusopisto.fi\/en\/","name":"Pelastusopisto","description":"Pelastusopisto","publisher":{"@id":"https:\/\/www.pelastusopisto.fi\/en\/#organization"},"potentialAction":[{"@type":"SearchAction","target":{"@type":"EntryPoint","urlTemplate":"https:\/\/www.pelastusopisto.fi\/en\/?s={search_term_string}"},"query-input":{"@type":"PropertyValueSpecification","valueRequired":true,"valueName":"search_term_string"}}],"inLanguage":"en-US"},{"@type":"Organization","@id":"https:\/\/www.pelastusopisto.fi\/en\/#organization","name":"Pelastusopisto","url":"https:\/\/www.pelastusopisto.fi\/en\/","logo":{"@type":"ImageObject","inLanguage":"en-US","@id":"https:\/\/www.pelastusopisto.fi\/en\/#\/schema\/logo\/image\/","url":"https:\/\/www.pelastusopisto.fi\/wp-content\/uploads\/pelastusopisto-logo-net.png","contentUrl":"https:\/\/www.pelastusopisto.fi\/wp-content\/uploads\/pelastusopisto-logo-net.png","width":387,"height":71,"caption":"Pelastusopisto"},"image":{"@id":"https:\/\/www.pelastusopisto.fi\/en\/#\/schema\/logo\/image\/"},"sameAs":["https:\/\/www.facebook.com\/Pelastusopisto\/","https:\/\/x.com\/Pelastusopisto","https:\/\/www.instagram.com\/pelastusopisto\/","https:\/\/fi.linkedin.com\/school\/pelastusopisto\/","https:\/\/www.youtube.com\/channel\/UCQjXYneFsnDYnJtZBfr9Ajg"]},{"@type":"Person","@id":"https:\/\/www.pelastusopisto.fi\/en\/#\/schema\/person\/2a71b412ce622dafefbbefbe092029e8","name":"Santtu Tuomisto","url":"https:\/\/www.pelastusopisto.fi\/en\/author\/santtu-tuo\/"}]}},"featured_image_src":"https:\/\/www.pelastusopisto.fi\/wp-content\/uploads\/ptj-net-1200x800-1-600x400.jpg","featured_image_src_square":"https:\/\/www.pelastusopisto.fi\/wp-content\/uploads\/ptj-net-1200x800-1-600x600.jpg","author_info":{"display_name":"Santtu Tuomisto","author_link":"https:\/\/www.pelastusopisto.fi\/en\/author\/santtu-tuo\/"},"_links":{"self":[{"href":"https:\/\/www.pelastusopisto.fi\/en\/wp-json\/wp\/v2\/posts\/60170","targetHints":{"allow":["GET"]}}],"collection":[{"href":"https:\/\/www.pelastusopisto.fi\/en\/wp-json\/wp\/v2\/posts"}],"about":[{"href":"https:\/\/www.pelastusopisto.fi\/en\/wp-json\/wp\/v2\/types\/post"}],"author":[{"embeddable":true,"href":"https:\/\/www.pelastusopisto.fi\/en\/wp-json\/wp\/v2\/users\/88"}],"replies":[{"embeddable":true,"href":"https:\/\/www.pelastusopisto.fi\/en\/wp-json\/wp\/v2\/comments?post=60170"}],"version-history":[{"count":6,"href":"https:\/\/www.pelastusopisto.fi\/en\/wp-json\/wp\/v2\/posts\/60170\/revisions"}],"predecessor-version":[{"id":60176,"href":"https:\/\/www.pelastusopisto.fi\/en\/wp-json\/wp\/v2\/posts\/60170\/revisions\/60176"}],"wp:featuredmedia":[{"embeddable":true,"href":"https:\/\/www.pelastusopisto.fi\/en\/wp-json\/wp\/v2\/media\/60150"}],"wp:attachment":[{"href":"https:\/\/www.pelastusopisto.fi\/en\/wp-json\/wp\/v2\/media?parent=60170"}],"wp:term":[{"taxonomy":"category","embeddable":true,"href":"https:\/\/www.pelastusopisto.fi\/en\/wp-json\/wp\/v2\/categories?post=60170"},{"taxonomy":"post_tag","embeddable":true,"href":"https:\/\/www.pelastusopisto.fi\/en\/wp-json\/wp\/v2\/tags?post=60170"}],"curies":[{"name":"wp","href":"https:\/\/api.w.org\/{rel}","templated":true}]}}