{"id":59625,"date":"2023-06-01T12:35:13","date_gmt":"2023-06-01T09:35:13","guid":{"rendered":"https:\/\/www.pelastusopisto.fi\/?p=59625"},"modified":"2024-02-12T15:51:46","modified_gmt":"2024-02-12T13:51:46","slug":"mina-tunnen-kuinka-pelastajalisayksen-vauhti-kiihtyy","status":"publish","type":"post","link":"https:\/\/www.pelastusopisto.fi\/en\/blogi\/mina-tunnen-kuinka-pelastajalisayksen-vauhti-kiihtyy\/","title":{"rendered":"Min\u00e4 tunnen, kuinka pelastajalis\u00e4yksen vauhti kiihtyy"},"content":{"rendered":"\n<p>Lukukauden loppusuora on menossa ja kev\u00e4\u00e4n kiireet huipentuvat tutkintokoulutuksen osalta Pelastusopistolla p\u00e4\u00e4t\u00f6sjuhlaan. Vaikka p\u00e4\u00e4t\u00f6sjuhla on erityisesti valmistuvien h\u00e4t\u00e4keskustoiminnan ja pelastustoimen ammattilaisten juhla, on se samalla my\u00f6s Pelastusopiston henkil\u00f6st\u00f6lle ehk\u00e4 se kaikkein antoisin p\u00e4iv\u00e4. P\u00e4\u00e4t\u00f6sp\u00e4iv\u00e4n\u00e4 konkretisoituvat yl\u00e4- ja alam\u00e4et, tehty ty\u00f6 ja oppimisen mahdollistaminen siihen, kun p\u00e4\u00e4semme n\u00e4kem\u00e4\u00e4n opiskelijoiden siirtymisen h\u00e4t\u00e4keskustoiminnan ja pelastustoimen uralle kasvaviksi ammattilaisiksi.<\/p>\n\n\n\n<p>Valmistuvat h\u00e4t\u00e4keskusp\u00e4ivyst\u00e4j\u00e4t, pelastajat, alip\u00e4\u00e4llyst\u00f6 ja p\u00e4\u00e4llyst\u00f6 ovat tilanteessa, jossa voidaan sanoa olevan ty\u00f6ntekij\u00e4n markkinat. Ty\u00f6voimapulasta k\u00e4rsii moni toimiala, eik\u00e4 pelastusala tee t\u00e4h\u00e4n poikkeusta. Ty\u00f6voimapulaan vastataksemme meid\u00e4n pit\u00e4\u00e4 kouluttaa pelastajia tulevina vuosina yli 1&nbsp;000 enemm\u00e4n kuin nykyisell\u00e4 tahdilla koulutetaan. T\u00e4m\u00e4 aiheutuu muun muassa pelastustoimeen kuuluvan henkil\u00f6st\u00f6n varallaoloj\u00e4rjestelmien muutoksista sek\u00e4 palvelutasop\u00e4\u00e4t\u00f6sten toteutumisen mahdollistumisesta.<\/p>\n\n\n\n<h2 class=\"wp-block-heading\">Pelastusopisto kouluttaa h\u00e4t\u00e4keskustoiminnan ja pelastustoimen ammattilaiset laadukkaasti ja kustannustehokkaasti<\/h2>\n\n\n\n<p>Vastasimme kasvaneeseen h\u00e4t\u00e4keskusp\u00e4ivyst\u00e4j\u00e4tarpeeseen nostamalla koulutuksen aloituspaikkoja sek\u00e4 j\u00e4rjest\u00e4m\u00e4ll\u00e4 ylim\u00e4\u00e4r\u00e4isen h\u00e4t\u00e4keskusp\u00e4ivyst\u00e4j\u00e4kurssin vuosina 2021\u20132022. Ylim\u00e4\u00e4r\u00e4isen kurssin j\u00e4rjest\u00e4minen verrattain lyhyell\u00e4 suunnittelun aikaj\u00e4nteell\u00e4 toi omat haasteensa esimerkiksi henkil\u00f6st\u00f6resurssien ja majoituksen osalta, mutta joulukuussa 2022 valmistui yli 20 h\u00e4t\u00e4keskusp\u00e4ivyst\u00e4j\u00e4\u00e4 enemm\u00e4n kuin normaalisti. Hy\u00f6dynn\u00e4mme ylim\u00e4\u00e4r\u00e4isen kurssin j\u00e4rjest\u00e4misest\u00e4 saatuja oppeja nyt pelastajalis\u00e4yksen suunnittelussa.<\/p>\n\n\n\n<p>Pelastajalis\u00e4yksen toteutuksessa meill\u00e4 on edess\u00e4 huomattavasti isompi ponnistus. Olemme jo nostaneet pelastajan koulutusohjelman opiskelijam\u00e4\u00e4r\u00e4\u00e4 vuodesta 2021 alkaen: t\u00e4ll\u00e4 hetkell\u00e4 Pelastusopistossa opiskelee vuosittain 216 tulevaa pelastajaa aiemman 180 opiskelijan sijaan. Valmistuvia pelastajia on 144 henkil\u00f6\u00e4\/vuosi, kun aiemmin se oli 120. Pelastajalis\u00e4yksen my\u00f6t\u00e4 tulemme kouluttamaan kaksinkertaisen m\u00e4\u00e4r\u00e4n uusia pelastajia, kokonaism\u00e4\u00e4r\u00e4n ollen 288 pelastajaa vuodessa.<\/p>\n\n\n\n<p>Olemme jo tehneet suunnitelmat ja osan valmistelevista toimenpiteist\u00e4 tuon yli 1000 pelastajan lis\u00e4m\u00e4\u00e4r\u00e4n kouluttamiseen. T\u00e4h\u00e4n suunnitteluty\u00f6h\u00f6n osallistuu Pelastusopiston henkil\u00f6st\u00f6\u00e4 kaikilta vastuualueilta. Ty\u00f6t\u00e4 tehd\u00e4\u00e4n niin osaamistavoitteiden, toteuttamissuunnitelmien, viestinn\u00e4n, hankintojen kuin tietysti toimivien lukuj\u00e4rjestysten osalta. Voimme toteuttaa suunnittelemamme pelastajalis\u00e4yksen vain, jos saamme riitt\u00e4v\u00e4n rahoituksen.<\/p>\n\n\n\n<h2 class=\"wp-block-heading\">Alueellinen koulutus ei ole hyv\u00e4 ratkaisu suureen koulutustarpeeseen<\/h2>\n\n\n\n<p>Julkisuudessa on ollut keskustelua eri alueiden halukkuudesta j\u00e4rjest\u00e4\u00e4 pelastajatutkintoa omalla alueellaan. Tarkastelimme t\u00e4t\u00e4 mahdollisuutta lis\u00e4yksen suunnittelun alkuvaiheessa, mutta emme pit\u00e4neet toteuttamista tarkoituksenmukaisena.<\/p>\n\n\n\n<p>Yksitt\u00e4isill\u00e4 alueilla toteutetuilla kursseilla ei olisi lis\u00e4yksen kokonaism\u00e4\u00e4r\u00e4\u00e4n niin huomattavaa vaikutusta, ett\u00e4 niit\u00e4 olisi kannattavaa j\u00e4rjest\u00e4\u00e4. Koulutuksen laadun varmistaminen olisi vaatinut suurempaa taloudellista panostusta kuin Pelastusopistolla j\u00e4rjestett\u00e4v\u00e4 koulutus. Pelastusopistolla toteutettava pelastajalis\u00e4ys hy\u00f6dynt\u00e4\u00e4 jo olemassa olevia resursseja niin henkil\u00f6st\u00f6n kuin k\u00e4ytett\u00e4vien varusteiden sek\u00e4 harjoituskohteiden osalta kampuksella ja harjoitusalueella.<\/p>\n\n\n\n<h2 class=\"wp-block-heading\">Pelastajalis\u00e4yksen onnistuminen on koko pelastusalan yhteinen asia<\/h2>\n\n\n\n<p>Pelastajalis\u00e4yksen toteuttaminen ei ole pelk\u00e4st\u00e4\u00e4n Pelastusopiston juttu, t\u00e4m\u00e4 on koko pelastustoimen yhteinen haaste. Olen s\u00e4\u00e4nn\u00f6llisesti kysellyt pelastajiksi valmistuvilta opiskelijoita, miksi he ovat hakeutuneet opiskelemaan Pelastusopistolle. L\u00e4hes kaikki ovat olleet alasta itsest\u00e4\u00e4n kiinnostuneita, eiv\u00e4t niink\u00e4\u00e4n siit\u00e4, ett\u00e4 opintososiaaliset edut ovat hyv\u00e4t tai Pelastusopisto on niin mukava opiskelupaikka.<\/p>\n\n\n\n<p>Pelastusalan on siis n\u00e4ytt\u00e4ydytt\u00e4v\u00e4 tuleville ammattilaisille houkuttelevana. Pelastustoimen kiinnostavuus ja vetovoimaisuuden edist\u00e4minen on meid\u00e4n yhteinen asiamme, niin sis\u00e4ministeri\u00f6n, Pelastusopiston kuin hyvinvointialueiden pelastustoimea toteuttavien pelastuslaitosten.<\/p>\n\n\n\n<p>Hallitusohjelmakirjauksia seuraten,<\/p>\n\n\n\n<p><strong>Pekka Lindholm<br><\/strong>Koulutusp\u00e4\u00e4llikk\u00f6<br>Pelastustoiminnan koulutuksen vastuualue<\/p>\n","protected":false},"excerpt":{"rendered":"<p>Lukukauden loppusuora on menossa ja kev\u00e4\u00e4n kiireet huipentuvat tutkintokoulutuksen osalta [&hellip;]<\/p>\n","protected":false},"author":103,"featured_media":59626,"comment_status":"closed","ping_status":"closed","sticky":false,"template":"","format":"standard","meta":{"_acf_changed":false,"_genesis_hide_title":false,"_genesis_hide_breadcrumbs":false,"_genesis_hide_singular_image":false,"_genesis_hide_footer_widgets":false,"_genesis_custom_body_class":"","_genesis_custom_post_class":"","_genesis_layout":"","footnotes":""},"categories":[95],"tags":[],"class_list":{"0":"post-59625","1":"post","2":"type-post","3":"status-publish","4":"format-standard","5":"has-post-thumbnail","7":"category-blogi","8":"entry"},"acf":[],"gutentor_comment":0,"yoast_head":"<!-- This site is optimized with the Yoast SEO plugin v27.4 - https:\/\/yoast.com\/product\/yoast-seo-wordpress\/ -->\n<title>Min\u00e4 tunnen, kuinka pelastajalis\u00e4yksen vauhti kiihtyy - Pelastusopisto<\/title>\n<meta name=\"robots\" content=\"index, follow, max-snippet:-1, max-image-preview:large, max-video-preview:-1\" \/>\n<link rel=\"canonical\" href=\"https:\/\/www.pelastusopisto.fi\/en\/blogi\/mina-tunnen-kuinka-pelastajalisayksen-vauhti-kiihtyy\/\" \/>\n<meta property=\"og:locale\" content=\"en_US\" \/>\n<meta property=\"og:type\" content=\"article\" \/>\n<meta property=\"og:title\" content=\"Min\u00e4 tunnen, kuinka pelastajalis\u00e4yksen vauhti kiihtyy - Pelastusopisto\" \/>\n<meta property=\"og:description\" content=\"Lukukauden loppusuora on menossa ja kev\u00e4\u00e4n kiireet huipentuvat tutkintokoulutuksen osalta [&hellip;]\" \/>\n<meta property=\"og:url\" content=\"https:\/\/www.pelastusopisto.fi\/en\/blogi\/mina-tunnen-kuinka-pelastajalisayksen-vauhti-kiihtyy\/\" \/>\n<meta property=\"og:site_name\" content=\"Pelastusopisto\" \/>\n<meta property=\"article:publisher\" content=\"https:\/\/www.facebook.com\/Pelastusopisto\/\" \/>\n<meta property=\"article:published_time\" content=\"2023-06-01T09:35:13+00:00\" \/>\n<meta property=\"article:modified_time\" content=\"2024-02-12T13:51:46+00:00\" \/>\n<meta property=\"og:image\" content=\"https:\/\/www.pelastusopisto.fi\/wp-content\/uploads\/pekka-blogikuva-1200x800px-5-2023.jpg\" \/>\n\t<meta property=\"og:image:width\" content=\"1200\" \/>\n\t<meta property=\"og:image:height\" content=\"800\" \/>\n\t<meta property=\"og:image:type\" content=\"image\/jpeg\" \/>\n<meta name=\"author\" content=\"Viestinta-Peo\" \/>\n<meta name=\"twitter:card\" content=\"summary_large_image\" \/>\n<meta name=\"twitter:creator\" content=\"@Pelastusopisto\" \/>\n<meta name=\"twitter:site\" content=\"@Pelastusopisto\" \/>\n<meta name=\"twitter:label1\" content=\"Written by\" \/>\n\t<meta name=\"twitter:data1\" content=\"Viestinta-Peo\" \/>\n\t<meta name=\"twitter:label2\" content=\"Est. reading time\" \/>\n\t<meta name=\"twitter:data2\" content=\"3 minutes\" \/>\n<script type=\"application\/ld+json\" class=\"yoast-schema-graph\">{\"@context\":\"https:\\\/\\\/schema.org\",\"@graph\":[{\"@type\":\"Article\",\"@id\":\"https:\\\/\\\/www.pelastusopisto.fi\\\/en\\\/blogi\\\/mina-tunnen-kuinka-pelastajalisayksen-vauhti-kiihtyy\\\/#article\",\"isPartOf\":{\"@id\":\"https:\\\/\\\/www.pelastusopisto.fi\\\/en\\\/blogi\\\/mina-tunnen-kuinka-pelastajalisayksen-vauhti-kiihtyy\\\/\"},\"author\":{\"name\":\"Viestinta-Peo\",\"@id\":\"https:\\\/\\\/www.pelastusopisto.fi\\\/en\\\/#\\\/schema\\\/person\\\/152cef2bb81e815d963aaf12ae9b26eb\"},\"headline\":\"Min\u00e4 tunnen, kuinka pelastajalis\u00e4yksen vauhti kiihtyy\",\"datePublished\":\"2023-06-01T09:35:13+00:00\",\"dateModified\":\"2024-02-12T13:51:46+00:00\",\"mainEntityOfPage\":{\"@id\":\"https:\\\/\\\/www.pelastusopisto.fi\\\/en\\\/blogi\\\/mina-tunnen-kuinka-pelastajalisayksen-vauhti-kiihtyy\\\/\"},\"wordCount\":556,\"publisher\":{\"@id\":\"https:\\\/\\\/www.pelastusopisto.fi\\\/en\\\/#organization\"},\"image\":{\"@id\":\"https:\\\/\\\/www.pelastusopisto.fi\\\/en\\\/blogi\\\/mina-tunnen-kuinka-pelastajalisayksen-vauhti-kiihtyy\\\/#primaryimage\"},\"thumbnailUrl\":\"https:\\\/\\\/www.pelastusopisto.fi\\\/wp-content\\\/uploads\\\/pekka-blogikuva-1200x800px-5-2023.jpg\",\"articleSection\":[\"Blogi\"],\"inLanguage\":\"en-US\"},{\"@type\":\"WebPage\",\"@id\":\"https:\\\/\\\/www.pelastusopisto.fi\\\/en\\\/blogi\\\/mina-tunnen-kuinka-pelastajalisayksen-vauhti-kiihtyy\\\/\",\"url\":\"https:\\\/\\\/www.pelastusopisto.fi\\\/en\\\/blogi\\\/mina-tunnen-kuinka-pelastajalisayksen-vauhti-kiihtyy\\\/\",\"name\":\"Min\u00e4 tunnen, kuinka pelastajalis\u00e4yksen vauhti kiihtyy - Pelastusopisto\",\"isPartOf\":{\"@id\":\"https:\\\/\\\/www.pelastusopisto.fi\\\/en\\\/#website\"},\"primaryImageOfPage\":{\"@id\":\"https:\\\/\\\/www.pelastusopisto.fi\\\/en\\\/blogi\\\/mina-tunnen-kuinka-pelastajalisayksen-vauhti-kiihtyy\\\/#primaryimage\"},\"image\":{\"@id\":\"https:\\\/\\\/www.pelastusopisto.fi\\\/en\\\/blogi\\\/mina-tunnen-kuinka-pelastajalisayksen-vauhti-kiihtyy\\\/#primaryimage\"},\"thumbnailUrl\":\"https:\\\/\\\/www.pelastusopisto.fi\\\/wp-content\\\/uploads\\\/pekka-blogikuva-1200x800px-5-2023.jpg\",\"datePublished\":\"2023-06-01T09:35:13+00:00\",\"dateModified\":\"2024-02-12T13:51:46+00:00\",\"breadcrumb\":{\"@id\":\"https:\\\/\\\/www.pelastusopisto.fi\\\/en\\\/blogi\\\/mina-tunnen-kuinka-pelastajalisayksen-vauhti-kiihtyy\\\/#breadcrumb\"},\"inLanguage\":\"en-US\",\"potentialAction\":[{\"@type\":\"ReadAction\",\"target\":[\"https:\\\/\\\/www.pelastusopisto.fi\\\/en\\\/blogi\\\/mina-tunnen-kuinka-pelastajalisayksen-vauhti-kiihtyy\\\/\"]}]},{\"@type\":\"ImageObject\",\"inLanguage\":\"en-US\",\"@id\":\"https:\\\/\\\/www.pelastusopisto.fi\\\/en\\\/blogi\\\/mina-tunnen-kuinka-pelastajalisayksen-vauhti-kiihtyy\\\/#primaryimage\",\"url\":\"https:\\\/\\\/www.pelastusopisto.fi\\\/wp-content\\\/uploads\\\/pekka-blogikuva-1200x800px-5-2023.jpg\",\"contentUrl\":\"https:\\\/\\\/www.pelastusopisto.fi\\\/wp-content\\\/uploads\\\/pekka-blogikuva-1200x800px-5-2023.jpg\",\"width\":1200,\"height\":800,\"caption\":\"Pekka Lindholm seisoo kolmen pelastajaopiskelijaa kuvaavan pahvihahmon keskell\u00e4.\"},{\"@type\":\"BreadcrumbList\",\"@id\":\"https:\\\/\\\/www.pelastusopisto.fi\\\/en\\\/blogi\\\/mina-tunnen-kuinka-pelastajalisayksen-vauhti-kiihtyy\\\/#breadcrumb\",\"itemListElement\":[{\"@type\":\"ListItem\",\"position\":1,\"name\":\"Home\",\"item\":\"https:\\\/\\\/www.pelastusopisto.fi\\\/en\\\/\"},{\"@type\":\"ListItem\",\"position\":2,\"name\":\"Min\u00e4 tunnen, kuinka pelastajalis\u00e4yksen vauhti kiihtyy\"}]},{\"@type\":\"WebSite\",\"@id\":\"https:\\\/\\\/www.pelastusopisto.fi\\\/en\\\/#website\",\"url\":\"https:\\\/\\\/www.pelastusopisto.fi\\\/en\\\/\",\"name\":\"Pelastusopisto\",\"description\":\"Pelastusopisto\",\"publisher\":{\"@id\":\"https:\\\/\\\/www.pelastusopisto.fi\\\/en\\\/#organization\"},\"potentialAction\":[{\"@type\":\"SearchAction\",\"target\":{\"@type\":\"EntryPoint\",\"urlTemplate\":\"https:\\\/\\\/www.pelastusopisto.fi\\\/en\\\/?s={search_term_string}\"},\"query-input\":{\"@type\":\"PropertyValueSpecification\",\"valueRequired\":true,\"valueName\":\"search_term_string\"}}],\"inLanguage\":\"en-US\"},{\"@type\":\"Organization\",\"@id\":\"https:\\\/\\\/www.pelastusopisto.fi\\\/en\\\/#organization\",\"name\":\"Pelastusopisto\",\"url\":\"https:\\\/\\\/www.pelastusopisto.fi\\\/en\\\/\",\"logo\":{\"@type\":\"ImageObject\",\"inLanguage\":\"en-US\",\"@id\":\"https:\\\/\\\/www.pelastusopisto.fi\\\/en\\\/#\\\/schema\\\/logo\\\/image\\\/\",\"url\":\"https:\\\/\\\/www.pelastusopisto.fi\\\/wp-content\\\/uploads\\\/pelastusopisto-logo-net.png\",\"contentUrl\":\"https:\\\/\\\/www.pelastusopisto.fi\\\/wp-content\\\/uploads\\\/pelastusopisto-logo-net.png\",\"width\":387,\"height\":71,\"caption\":\"Pelastusopisto\"},\"image\":{\"@id\":\"https:\\\/\\\/www.pelastusopisto.fi\\\/en\\\/#\\\/schema\\\/logo\\\/image\\\/\"},\"sameAs\":[\"https:\\\/\\\/www.facebook.com\\\/Pelastusopisto\\\/\",\"https:\\\/\\\/x.com\\\/Pelastusopisto\",\"https:\\\/\\\/www.instagram.com\\\/pelastusopisto\\\/\",\"https:\\\/\\\/fi.linkedin.com\\\/school\\\/pelastusopisto\\\/\",\"https:\\\/\\\/www.youtube.com\\\/channel\\\/UCQjXYneFsnDYnJtZBfr9Ajg\"]},{\"@type\":\"Person\",\"@id\":\"https:\\\/\\\/www.pelastusopisto.fi\\\/en\\\/#\\\/schema\\\/person\\\/152cef2bb81e815d963aaf12ae9b26eb\",\"name\":\"Viestinta-Peo\",\"url\":\"https:\\\/\\\/www.pelastusopisto.fi\\\/en\\\/author\\\/viestinta-peo\\\/\"}]}<\/script>\n<!-- \/ Yoast SEO plugin. -->","yoast_head_json":{"title":"Min\u00e4 tunnen, kuinka pelastajalis\u00e4yksen vauhti kiihtyy - Pelastusopisto","robots":{"index":"index","follow":"follow","max-snippet":"max-snippet:-1","max-image-preview":"max-image-preview:large","max-video-preview":"max-video-preview:-1"},"canonical":"https:\/\/www.pelastusopisto.fi\/en\/blogi\/mina-tunnen-kuinka-pelastajalisayksen-vauhti-kiihtyy\/","og_locale":"en_US","og_type":"article","og_title":"Min\u00e4 tunnen, kuinka pelastajalis\u00e4yksen vauhti kiihtyy - Pelastusopisto","og_description":"Lukukauden loppusuora on menossa ja kev\u00e4\u00e4n kiireet huipentuvat tutkintokoulutuksen osalta [&hellip;]","og_url":"https:\/\/www.pelastusopisto.fi\/en\/blogi\/mina-tunnen-kuinka-pelastajalisayksen-vauhti-kiihtyy\/","og_site_name":"Pelastusopisto","article_publisher":"https:\/\/www.facebook.com\/Pelastusopisto\/","article_published_time":"2023-06-01T09:35:13+00:00","article_modified_time":"2024-02-12T13:51:46+00:00","og_image":[{"width":1200,"height":800,"url":"https:\/\/www.pelastusopisto.fi\/wp-content\/uploads\/pekka-blogikuva-1200x800px-5-2023.jpg","type":"image\/jpeg"}],"author":"Viestinta-Peo","twitter_card":"summary_large_image","twitter_creator":"@Pelastusopisto","twitter_site":"@Pelastusopisto","twitter_misc":{"Written by":"Viestinta-Peo","Est. reading time":"3 minutes"},"schema":{"@context":"https:\/\/schema.org","@graph":[{"@type":"Article","@id":"https:\/\/www.pelastusopisto.fi\/en\/blogi\/mina-tunnen-kuinka-pelastajalisayksen-vauhti-kiihtyy\/#article","isPartOf":{"@id":"https:\/\/www.pelastusopisto.fi\/en\/blogi\/mina-tunnen-kuinka-pelastajalisayksen-vauhti-kiihtyy\/"},"author":{"name":"Viestinta-Peo","@id":"https:\/\/www.pelastusopisto.fi\/en\/#\/schema\/person\/152cef2bb81e815d963aaf12ae9b26eb"},"headline":"Min\u00e4 tunnen, kuinka pelastajalis\u00e4yksen vauhti kiihtyy","datePublished":"2023-06-01T09:35:13+00:00","dateModified":"2024-02-12T13:51:46+00:00","mainEntityOfPage":{"@id":"https:\/\/www.pelastusopisto.fi\/en\/blogi\/mina-tunnen-kuinka-pelastajalisayksen-vauhti-kiihtyy\/"},"wordCount":556,"publisher":{"@id":"https:\/\/www.pelastusopisto.fi\/en\/#organization"},"image":{"@id":"https:\/\/www.pelastusopisto.fi\/en\/blogi\/mina-tunnen-kuinka-pelastajalisayksen-vauhti-kiihtyy\/#primaryimage"},"thumbnailUrl":"https:\/\/www.pelastusopisto.fi\/wp-content\/uploads\/pekka-blogikuva-1200x800px-5-2023.jpg","articleSection":["Blogi"],"inLanguage":"en-US"},{"@type":"WebPage","@id":"https:\/\/www.pelastusopisto.fi\/en\/blogi\/mina-tunnen-kuinka-pelastajalisayksen-vauhti-kiihtyy\/","url":"https:\/\/www.pelastusopisto.fi\/en\/blogi\/mina-tunnen-kuinka-pelastajalisayksen-vauhti-kiihtyy\/","name":"Min\u00e4 tunnen, kuinka pelastajalis\u00e4yksen vauhti kiihtyy - Pelastusopisto","isPartOf":{"@id":"https:\/\/www.pelastusopisto.fi\/en\/#website"},"primaryImageOfPage":{"@id":"https:\/\/www.pelastusopisto.fi\/en\/blogi\/mina-tunnen-kuinka-pelastajalisayksen-vauhti-kiihtyy\/#primaryimage"},"image":{"@id":"https:\/\/www.pelastusopisto.fi\/en\/blogi\/mina-tunnen-kuinka-pelastajalisayksen-vauhti-kiihtyy\/#primaryimage"},"thumbnailUrl":"https:\/\/www.pelastusopisto.fi\/wp-content\/uploads\/pekka-blogikuva-1200x800px-5-2023.jpg","datePublished":"2023-06-01T09:35:13+00:00","dateModified":"2024-02-12T13:51:46+00:00","breadcrumb":{"@id":"https:\/\/www.pelastusopisto.fi\/en\/blogi\/mina-tunnen-kuinka-pelastajalisayksen-vauhti-kiihtyy\/#breadcrumb"},"inLanguage":"en-US","potentialAction":[{"@type":"ReadAction","target":["https:\/\/www.pelastusopisto.fi\/en\/blogi\/mina-tunnen-kuinka-pelastajalisayksen-vauhti-kiihtyy\/"]}]},{"@type":"ImageObject","inLanguage":"en-US","@id":"https:\/\/www.pelastusopisto.fi\/en\/blogi\/mina-tunnen-kuinka-pelastajalisayksen-vauhti-kiihtyy\/#primaryimage","url":"https:\/\/www.pelastusopisto.fi\/wp-content\/uploads\/pekka-blogikuva-1200x800px-5-2023.jpg","contentUrl":"https:\/\/www.pelastusopisto.fi\/wp-content\/uploads\/pekka-blogikuva-1200x800px-5-2023.jpg","width":1200,"height":800,"caption":"Pekka Lindholm seisoo kolmen pelastajaopiskelijaa kuvaavan pahvihahmon keskell\u00e4."},{"@type":"BreadcrumbList","@id":"https:\/\/www.pelastusopisto.fi\/en\/blogi\/mina-tunnen-kuinka-pelastajalisayksen-vauhti-kiihtyy\/#breadcrumb","itemListElement":[{"@type":"ListItem","position":1,"name":"Home","item":"https:\/\/www.pelastusopisto.fi\/en\/"},{"@type":"ListItem","position":2,"name":"Min\u00e4 tunnen, kuinka pelastajalis\u00e4yksen vauhti kiihtyy"}]},{"@type":"WebSite","@id":"https:\/\/www.pelastusopisto.fi\/en\/#website","url":"https:\/\/www.pelastusopisto.fi\/en\/","name":"Pelastusopisto","description":"Pelastusopisto","publisher":{"@id":"https:\/\/www.pelastusopisto.fi\/en\/#organization"},"potentialAction":[{"@type":"SearchAction","target":{"@type":"EntryPoint","urlTemplate":"https:\/\/www.pelastusopisto.fi\/en\/?s={search_term_string}"},"query-input":{"@type":"PropertyValueSpecification","valueRequired":true,"valueName":"search_term_string"}}],"inLanguage":"en-US"},{"@type":"Organization","@id":"https:\/\/www.pelastusopisto.fi\/en\/#organization","name":"Pelastusopisto","url":"https:\/\/www.pelastusopisto.fi\/en\/","logo":{"@type":"ImageObject","inLanguage":"en-US","@id":"https:\/\/www.pelastusopisto.fi\/en\/#\/schema\/logo\/image\/","url":"https:\/\/www.pelastusopisto.fi\/wp-content\/uploads\/pelastusopisto-logo-net.png","contentUrl":"https:\/\/www.pelastusopisto.fi\/wp-content\/uploads\/pelastusopisto-logo-net.png","width":387,"height":71,"caption":"Pelastusopisto"},"image":{"@id":"https:\/\/www.pelastusopisto.fi\/en\/#\/schema\/logo\/image\/"},"sameAs":["https:\/\/www.facebook.com\/Pelastusopisto\/","https:\/\/x.com\/Pelastusopisto","https:\/\/www.instagram.com\/pelastusopisto\/","https:\/\/fi.linkedin.com\/school\/pelastusopisto\/","https:\/\/www.youtube.com\/channel\/UCQjXYneFsnDYnJtZBfr9Ajg"]},{"@type":"Person","@id":"https:\/\/www.pelastusopisto.fi\/en\/#\/schema\/person\/152cef2bb81e815d963aaf12ae9b26eb","name":"Viestinta-Peo","url":"https:\/\/www.pelastusopisto.fi\/en\/author\/viestinta-peo\/"}]}},"featured_image_src":"https:\/\/www.pelastusopisto.fi\/wp-content\/uploads\/pekka-blogikuva-1200x800px-5-2023-600x400.jpg","featured_image_src_square":"https:\/\/www.pelastusopisto.fi\/wp-content\/uploads\/pekka-blogikuva-1200x800px-5-2023-600x600.jpg","author_info":{"display_name":"Viestinta-Peo","author_link":"https:\/\/www.pelastusopisto.fi\/en\/author\/viestinta-peo\/"},"_links":{"self":[{"href":"https:\/\/www.pelastusopisto.fi\/en\/wp-json\/wp\/v2\/posts\/59625","targetHints":{"allow":["GET"]}}],"collection":[{"href":"https:\/\/www.pelastusopisto.fi\/en\/wp-json\/wp\/v2\/posts"}],"about":[{"href":"https:\/\/www.pelastusopisto.fi\/en\/wp-json\/wp\/v2\/types\/post"}],"author":[{"embeddable":true,"href":"https:\/\/www.pelastusopisto.fi\/en\/wp-json\/wp\/v2\/users\/103"}],"replies":[{"embeddable":true,"href":"https:\/\/www.pelastusopisto.fi\/en\/wp-json\/wp\/v2\/comments?post=59625"}],"version-history":[{"count":2,"href":"https:\/\/www.pelastusopisto.fi\/en\/wp-json\/wp\/v2\/posts\/59625\/revisions"}],"predecessor-version":[{"id":69176,"href":"https:\/\/www.pelastusopisto.fi\/en\/wp-json\/wp\/v2\/posts\/59625\/revisions\/69176"}],"wp:featuredmedia":[{"embeddable":true,"href":"https:\/\/www.pelastusopisto.fi\/en\/wp-json\/wp\/v2\/media\/59626"}],"wp:attachment":[{"href":"https:\/\/www.pelastusopisto.fi\/en\/wp-json\/wp\/v2\/media?parent=59625"}],"wp:term":[{"taxonomy":"category","embeddable":true,"href":"https:\/\/www.pelastusopisto.fi\/en\/wp-json\/wp\/v2\/categories?post=59625"},{"taxonomy":"post_tag","embeddable":true,"href":"https:\/\/www.pelastusopisto.fi\/en\/wp-json\/wp\/v2\/tags?post=59625"}],"curies":[{"name":"wp","href":"https:\/\/api.w.org\/{rel}","templated":true}]}}