{"id":43367,"date":"2022-06-06T13:09:48","date_gmt":"2022-06-06T10:09:48","guid":{"rendered":"https:\/\/www.pelastusopisto.fi\/?p=31075"},"modified":"2022-06-06T13:09:48","modified_gmt":"2022-06-06T10:09:48","slug":"pelastusopiston-pelastajakurssi-122sta-tehdaan-tv-sarja","status":"publish","type":"post","link":"https:\/\/www.pelastusopisto.fi\/en\/uutisia\/pelastusopiston-pelastajakurssi-122sta-tehdaan-tv-sarja\/","title":{"rendered":"Pelastusopiston pelastajakurssi 122:sta tehd\u00e4\u00e4n tv-sarja"},"content":{"rendered":"\n<p><em>Olof Film tekee yhteisty\u00f6ss\u00e4 Svenska Ylen kanssa ruotsinkielisest\u00e4 pelastajakurssista 122 dokumenttisarjan. Koulutus alkaa syksyll\u00e4 2022 Vaasassa ja opiskelua on harjoittavan opetuksen osalta my\u00f6s Pelastusopistolla Kuopiossa. Dokumenttisarja koostuu 8\u201310 jaksosta, joista kukin on kestoltaan 30 minuuttia. Sarjan kuvaukset alkoivat Kuopiossa kurssin valintakoep\u00e4iv\u00e4n\u00e4 maanantaina 6.6. Alustavasti dokumenttisarja julkaistaan vuonna 2024.<\/em><\/p>\n\n\n\n<p>Dokumenttisarjan tavoitteena on nostaa esiin suomalaista pelastajakoulutusta. Sarjassa seurataan pelastajakurssin 122 opiskelijoita koko heid\u00e4n opintojensa ajan niin koulussa kuin vapaa-ajalla. Opiskelijaryhm\u00e4st\u00e4 valitaan my\u00f6s muutama opiskelija, joita seurataan muita tarkemmin.<\/p>\n\n\n\n<p>Pelastusopiston n\u00e4k\u00f6kulmasta on eritt\u00e4in hienoa, ett\u00e4 t\u00e4rke\u00e4 ammatti tuodaan valokeilaan ja kerrotaan opiskelijan arjesta polulla pelastajaksi. Pelastajan ty\u00f6 on monipuolista ja vaativaa \u2013 paljon muutakin kuin tulipalojen sammuttamista. Pelastajat ovat ihmisen arjen turvallisuuden takaajia niin onnettomuuksien ehk\u00e4isyn, ensihoidon kuin pelastustoiminnan osaajina. Pelastajatutkinnon suorittaminen mahdollistaa tulevaisuudessa my\u00f6s jatkokoulutuspolkuja esihenkil\u00f6teht\u00e4viin. Pelastajan ammatti sopiikin monelle uravaihtoehtona.<\/p>\n\n\n\n<p>Pelastusopisto suunnittelee ja toteuttaa h\u00e4t\u00e4keskustoiminnan ja pelastusalan ammatillista perus- ja t\u00e4ydennyskoulutusta, pelastustoimen sopimushenkil\u00f6st\u00f6n koulutusta, siviilivalmiuden koulutusta, mukaan lukien varautuminen ja kansainv\u00e4linen pelastustoiminta sek\u00e4 tutkimus-, kehitt\u00e4mis- ja innovaatiotoimintaa. Vastaamme my\u00f6s pelastusalan keskuskirjastosta Suomessa. Toimimme sis\u00e4ministeri\u00f6n ohjauksessa.&nbsp;<\/p>\n\n\n\n<p>Olof Film on tuottanut dokumentti- ja draamaelokuvia elokuviin ja televisioon Suomessa ja Pohjoismaissa vuodesta 1998. Vuosien varrella tapahtuneiden omistajanvaihdosten vuoksi yrityksen nimi on vaihtunut Sveng.comista (1998) Pampas Production Finlandiin (2012) ja Olof Filmiin (2016). Viime vuosina olemme keskittyneet vain dokumenttielokuviin, fakta- ja tositarinoihin.<\/p>\n\n\n\n<p>Viimeisimpi\u00e4 Olof Filmin tuotantoja ovat Kunnes sy\u00f6p\u00e4 meid\u00e4t erottaa, Tuontirakkautta, Oikeus kuolla ja Tukien Varassa (l\u00f6ytyy Yle Areenasta).<\/p>\n\n\n\n<p><strong>Lis\u00e4tietoja:<\/strong> <\/p>\n\n\n\n<p>Olof Film Oy:<br>Toimittaja Maria Holmberg, puh. 050 448 9041, <a href=\"mailto:maria.holmberg@olof.fi\">maria.holmberg@olof.fi<\/a>, www.olof.fi<br>Pelastusopisto:<br>Rehtori Mervi Parviainen, puh. 029\u00a0545 3470, <a href=\"mailto:mervi.parviainen@pelastusopisto.fi\">mervi.parviainen@pelastusopisto.fi<\/a>, <br>suunnittelija Ronnie Emet, puh. 029 54 53457, <a href=\"mailto:ronnie.emet@pelastusopisto.fi\">ronnie.emet@pelastusopisto.fi<\/a>  <\/p>\n\n\n\n<p>&#8212;<\/p>\n\n\n\n<h2 class=\"wp-block-heading\">R\u00e4ddningsinstitutets R\u00e4ddningsmannakurs 122 blir tv-serie<\/h2>\n\n\n\n<p><em>Olof Film kommer i samarbete med Svenska Yle att g\u00f6ra en dokument\u00e4rserie om den svenskspr\u00e5kiga r\u00e4ddningsmannakursen 122. Utbildningen startar h\u00f6sten 2022 och undervisningen kommer att ske i Vasa och till den del som inneh\u00e5ller praktiska \u00f6vningar, \u00e4ven vid R\u00e4ddningsinstitutet i Kuopio.\u00a0 Dokument\u00e4rserien kommer att best\u00e5 av \u00e5tta avsnitt, som vardera \u00e4r 30 minuter l\u00e5nga. Seriens inspelningar <em>startade i Kuopio<\/em> p\u00e5 kursens urvalsprovsdag m\u00e5ndag 6.6.2022. Prelimin\u00e4rt sl\u00e4pps serien 2024.<\/em><\/p>\n\n\n\n<p>Dokument\u00e4rseriens syfte \u00e4r att lyfta fram den finl\u00e4ndska r\u00e4ddningsmannautbildningen. I serien f\u00f6ljs studerande p\u00e5 r\u00e4ddningsmannakurs 122 under hela dess studier, b\u00e5de under utbildningstiden och fritiden. N\u00e5gra studerande, som f\u00f6ljs med mera noggrant v\u00e4ljs ut ur gruppen.<\/p>\n\n\n\n<p>Ur R\u00e4ddningsinstitutets synvinkel \u00e4r det v\u00e4ldigt fint att ett viktigt yrke f\u00f6rs fram i rampljuset och att det ber\u00e4ttas om den studerandes vardagliga v\u00e4g fram mot att bli r\u00e4ddningsman. R\u00e4ddningsmannens arbete \u00e4r m\u00e5ngsidigt och kr\u00e4vande \u2013 mycket mera \u00e4n bara att sl\u00e4cka eldsv\u00e5dor. R\u00e4ddningsm\u00e4nnen \u00e4r de som s\u00e4kerst\u00e4ller s\u00e4kerheten i vardagen, som sakkunniga i arbete med f\u00f6rebyggande av olyckor, f\u00f6rsta v\u00e5rden och r\u00e4ddningsarbete. R\u00e4ddningsmannaexamen \u00f6ppnar en studiev\u00e4g f\u00f6r fortsatta framtida studier inom f\u00f6rpersonuppgifter. R\u00e4ddningsmannens yrke l\u00e4mpar sig f\u00f6r m\u00e5nga som ett karri\u00e4rsalternativ.<\/p>\n\n\n\n<p>R\u00e4ddningsinstitutet planerar och ordnar r\u00e4ddningsv\u00e4sendets och n\u00f6dcentralernas grundl\u00e4ggande yrkesutbildning och fortbildning, utbildning f\u00f6r r\u00e4ddningsv\u00e4sendets avtalspersonal, utbildningar inom civilberedskapen, vilket inkluderar beredskapsutbildningar och internationell r\u00e4ddningsutbildning, samt forsknings-, utvecklings-, innovationsverksamhet. Vi uppr\u00e4tth\u00e5ller r\u00e4ddningsv\u00e4sendets centralbibliotek i Finland. Vi fungerar under inrikesministeriets v\u00e4gledning.<\/p>\n\n\n\n<p>Olof Film har producerat dokument\u00e4r- och dramafilmer f\u00f6r bio och tv i Finland och i Norden fr\u00e5n 1998. P\u00e5 grund av \u00e4ndringar i \u00e4garstrukturen under \u00e5rens lopp har f\u00f6retagets namn \u00e4ndrats fr\u00e5n Sveng.com (1998) Pampas Production Finland (2012) och Olof Film (2016). Under de senaste \u00e5ren har vi fokuserat endast p\u00e5 dokument\u00e4rfilmer, fakta-, och verklighetshistorier.<\/p>\n\n\n\n<p>De senaste produktionerna fr\u00e5n Olof Film \u00e4r: Tills cancern skiljer oss \u00e5t, Postorderk\u00e4rlek, Med r\u00e4tt att d\u00f6 och Bidragsberoende (finns p\u00e5 Yle arena).<\/p>\n\n\n\n<p><strong>Till\u00e4ggsuppgifter:<\/strong> <\/p>\n\n\n\n<p>Olof Film Oy:<br>Redakt\u00f6r Maria Holmberg, tel. 050 448 9041, <a href=\"mailto:maria.holmberg@olof.fi\">maria.holmberg@olof.fi<\/a>, www.olof.fi<br>R\u00e4ddningsinstitutet:<br>Rektor Mervi Parviainen, tel. 029\u00a0545 3470, <a href=\"mailto:mervi.parviainen@pelastusopisto.fi\">mervi.parviainen@pelastusopisto.fi<br><\/a>Planerare Ronnie Emet, tel. 029\u00a0545 3457, <a href=\"mailto:ronnie.emet@pelastusopisto.fi\">ronnie.emet@pelastusopisto.fi<\/a><\/p>\n","protected":false},"excerpt":{"rendered":"<p>Olof Film tekee yhteisty\u00f6ss\u00e4 Svenska Ylen kanssa ruotsinkielisest\u00e4 pelastajakurssista 122 [&hellip;]<\/p>\n","protected":false},"author":88,"featured_media":43301,"comment_status":"closed","ping_status":"closed","sticky":false,"template":"","format":"standard","meta":{"_acf_changed":false,"_genesis_hide_title":false,"_genesis_hide_breadcrumbs":false,"_genesis_hide_singular_image":false,"_genesis_hide_footer_widgets":false,"_genesis_custom_body_class":"","_genesis_custom_post_class":"","_genesis_layout":"","footnotes":""},"categories":[91],"tags":[],"class_list":{"0":"post-43367","1":"post","2":"type-post","3":"status-publish","4":"format-standard","5":"has-post-thumbnail","7":"category-uutisia","8":"entry"},"acf":[],"gutentor_comment":0,"yoast_head":"<!-- This site is optimized with the Yoast SEO plugin v27.4 - https:\/\/yoast.com\/product\/yoast-seo-wordpress\/ -->\n<title>Pelastusopiston pelastajakurssi 122:sta tehd\u00e4\u00e4n tv-sarja - Pelastusopisto<\/title>\n<meta name=\"robots\" content=\"index, follow, max-snippet:-1, max-image-preview:large, max-video-preview:-1\" \/>\n<link rel=\"canonical\" href=\"https:\/\/www.pelastusopisto.fi\/en\/uutisia\/pelastusopiston-pelastajakurssi-122sta-tehdaan-tv-sarja\/\" \/>\n<meta property=\"og:locale\" content=\"en_US\" \/>\n<meta property=\"og:type\" content=\"article\" \/>\n<meta property=\"og:title\" content=\"Pelastusopiston pelastajakurssi 122:sta tehd\u00e4\u00e4n tv-sarja - Pelastusopisto\" \/>\n<meta property=\"og:description\" content=\"Olof Film tekee yhteisty\u00f6ss\u00e4 Svenska Ylen kanssa ruotsinkielisest\u00e4 pelastajakurssista 122 [&hellip;]\" \/>\n<meta property=\"og:url\" content=\"https:\/\/www.pelastusopisto.fi\/en\/uutisia\/pelastusopiston-pelastajakurssi-122sta-tehdaan-tv-sarja\/\" \/>\n<meta property=\"og:site_name\" content=\"Pelastusopisto\" \/>\n<meta property=\"article:publisher\" content=\"https:\/\/www.facebook.com\/Pelastusopisto\/\" \/>\n<meta property=\"article:published_time\" content=\"2022-06-06T10:09:48+00:00\" \/>\n<meta property=\"og:image\" content=\"https:\/\/www.pelastusopisto.fi\/wp-content\/uploads\/IMG_0143-pelastusopisto-6-6-2022-vaaka-scaled-1.jpg\" \/>\n\t<meta property=\"og:image:width\" content=\"2560\" \/>\n\t<meta property=\"og:image:height\" content=\"1920\" \/>\n\t<meta property=\"og:image:type\" content=\"image\/jpeg\" \/>\n<meta name=\"author\" content=\"Santtu Tuomisto\" \/>\n<meta name=\"twitter:card\" content=\"summary_large_image\" \/>\n<meta name=\"twitter:creator\" content=\"@Pelastusopisto\" \/>\n<meta name=\"twitter:site\" content=\"@Pelastusopisto\" \/>\n<meta name=\"twitter:label1\" content=\"Written by\" \/>\n\t<meta name=\"twitter:data1\" content=\"Santtu Tuomisto\" \/>\n\t<meta name=\"twitter:label2\" content=\"Est. reading time\" \/>\n\t<meta name=\"twitter:data2\" content=\"4 minutes\" \/>\n<script type=\"application\/ld+json\" class=\"yoast-schema-graph\">{\"@context\":\"https:\\\/\\\/schema.org\",\"@graph\":[{\"@type\":\"Article\",\"@id\":\"https:\\\/\\\/www.pelastusopisto.fi\\\/en\\\/uutisia\\\/pelastusopiston-pelastajakurssi-122sta-tehdaan-tv-sarja\\\/#article\",\"isPartOf\":{\"@id\":\"https:\\\/\\\/www.pelastusopisto.fi\\\/en\\\/uutisia\\\/pelastusopiston-pelastajakurssi-122sta-tehdaan-tv-sarja\\\/\"},\"author\":{\"name\":\"Santtu Tuomisto\",\"@id\":\"https:\\\/\\\/www.pelastusopisto.fi\\\/en\\\/#\\\/schema\\\/person\\\/2a71b412ce622dafefbbefbe092029e8\"},\"headline\":\"Pelastusopiston pelastajakurssi 122:sta tehd\u00e4\u00e4n tv-sarja\",\"datePublished\":\"2022-06-06T10:09:48+00:00\",\"mainEntityOfPage\":{\"@id\":\"https:\\\/\\\/www.pelastusopisto.fi\\\/en\\\/uutisia\\\/pelastusopiston-pelastajakurssi-122sta-tehdaan-tv-sarja\\\/\"},\"wordCount\":689,\"publisher\":{\"@id\":\"https:\\\/\\\/www.pelastusopisto.fi\\\/en\\\/#organization\"},\"image\":{\"@id\":\"https:\\\/\\\/www.pelastusopisto.fi\\\/en\\\/uutisia\\\/pelastusopiston-pelastajakurssi-122sta-tehdaan-tv-sarja\\\/#primaryimage\"},\"thumbnailUrl\":\"https:\\\/\\\/www.pelastusopisto.fi\\\/wp-content\\\/uploads\\\/IMG_0143-pelastusopisto-6-6-2022-vaaka-scaled-1.jpg\",\"articleSection\":[\"Uutisia\"],\"inLanguage\":\"en-US\"},{\"@type\":\"WebPage\",\"@id\":\"https:\\\/\\\/www.pelastusopisto.fi\\\/en\\\/uutisia\\\/pelastusopiston-pelastajakurssi-122sta-tehdaan-tv-sarja\\\/\",\"url\":\"https:\\\/\\\/www.pelastusopisto.fi\\\/en\\\/uutisia\\\/pelastusopiston-pelastajakurssi-122sta-tehdaan-tv-sarja\\\/\",\"name\":\"Pelastusopiston pelastajakurssi 122:sta tehd\u00e4\u00e4n tv-sarja - Pelastusopisto\",\"isPartOf\":{\"@id\":\"https:\\\/\\\/www.pelastusopisto.fi\\\/en\\\/#website\"},\"primaryImageOfPage\":{\"@id\":\"https:\\\/\\\/www.pelastusopisto.fi\\\/en\\\/uutisia\\\/pelastusopiston-pelastajakurssi-122sta-tehdaan-tv-sarja\\\/#primaryimage\"},\"image\":{\"@id\":\"https:\\\/\\\/www.pelastusopisto.fi\\\/en\\\/uutisia\\\/pelastusopiston-pelastajakurssi-122sta-tehdaan-tv-sarja\\\/#primaryimage\"},\"thumbnailUrl\":\"https:\\\/\\\/www.pelastusopisto.fi\\\/wp-content\\\/uploads\\\/IMG_0143-pelastusopisto-6-6-2022-vaaka-scaled-1.jpg\",\"datePublished\":\"2022-06-06T10:09:48+00:00\",\"breadcrumb\":{\"@id\":\"https:\\\/\\\/www.pelastusopisto.fi\\\/en\\\/uutisia\\\/pelastusopiston-pelastajakurssi-122sta-tehdaan-tv-sarja\\\/#breadcrumb\"},\"inLanguage\":\"en-US\",\"potentialAction\":[{\"@type\":\"ReadAction\",\"target\":[\"https:\\\/\\\/www.pelastusopisto.fi\\\/en\\\/uutisia\\\/pelastusopiston-pelastajakurssi-122sta-tehdaan-tv-sarja\\\/\"]}]},{\"@type\":\"ImageObject\",\"inLanguage\":\"en-US\",\"@id\":\"https:\\\/\\\/www.pelastusopisto.fi\\\/en\\\/uutisia\\\/pelastusopiston-pelastajakurssi-122sta-tehdaan-tv-sarja\\\/#primaryimage\",\"url\":\"https:\\\/\\\/www.pelastusopisto.fi\\\/wp-content\\\/uploads\\\/IMG_0143-pelastusopisto-6-6-2022-vaaka-scaled-1.jpg\",\"contentUrl\":\"https:\\\/\\\/www.pelastusopisto.fi\\\/wp-content\\\/uploads\\\/IMG_0143-pelastusopisto-6-6-2022-vaaka-scaled-1.jpg\",\"width\":2560,\"height\":1920,\"caption\":\"TV-sarjan kuvaukset k\u00e4ynniss\u00e4 Pelastusopistolla 6.6.2022\"},{\"@type\":\"BreadcrumbList\",\"@id\":\"https:\\\/\\\/www.pelastusopisto.fi\\\/en\\\/uutisia\\\/pelastusopiston-pelastajakurssi-122sta-tehdaan-tv-sarja\\\/#breadcrumb\",\"itemListElement\":[{\"@type\":\"ListItem\",\"position\":1,\"name\":\"Home\",\"item\":\"https:\\\/\\\/www.pelastusopisto.fi\\\/en\\\/\"},{\"@type\":\"ListItem\",\"position\":2,\"name\":\"Pelastusopiston pelastajakurssi 122:sta tehd\u00e4\u00e4n tv-sarja\"}]},{\"@type\":\"WebSite\",\"@id\":\"https:\\\/\\\/www.pelastusopisto.fi\\\/en\\\/#website\",\"url\":\"https:\\\/\\\/www.pelastusopisto.fi\\\/en\\\/\",\"name\":\"Pelastusopisto\",\"description\":\"Pelastusopisto\",\"publisher\":{\"@id\":\"https:\\\/\\\/www.pelastusopisto.fi\\\/en\\\/#organization\"},\"potentialAction\":[{\"@type\":\"SearchAction\",\"target\":{\"@type\":\"EntryPoint\",\"urlTemplate\":\"https:\\\/\\\/www.pelastusopisto.fi\\\/en\\\/?s={search_term_string}\"},\"query-input\":{\"@type\":\"PropertyValueSpecification\",\"valueRequired\":true,\"valueName\":\"search_term_string\"}}],\"inLanguage\":\"en-US\"},{\"@type\":\"Organization\",\"@id\":\"https:\\\/\\\/www.pelastusopisto.fi\\\/en\\\/#organization\",\"name\":\"Pelastusopisto\",\"url\":\"https:\\\/\\\/www.pelastusopisto.fi\\\/en\\\/\",\"logo\":{\"@type\":\"ImageObject\",\"inLanguage\":\"en-US\",\"@id\":\"https:\\\/\\\/www.pelastusopisto.fi\\\/en\\\/#\\\/schema\\\/logo\\\/image\\\/\",\"url\":\"https:\\\/\\\/www.pelastusopisto.fi\\\/wp-content\\\/uploads\\\/pelastusopisto-logo-net.png\",\"contentUrl\":\"https:\\\/\\\/www.pelastusopisto.fi\\\/wp-content\\\/uploads\\\/pelastusopisto-logo-net.png\",\"width\":387,\"height\":71,\"caption\":\"Pelastusopisto\"},\"image\":{\"@id\":\"https:\\\/\\\/www.pelastusopisto.fi\\\/en\\\/#\\\/schema\\\/logo\\\/image\\\/\"},\"sameAs\":[\"https:\\\/\\\/www.facebook.com\\\/Pelastusopisto\\\/\",\"https:\\\/\\\/x.com\\\/Pelastusopisto\",\"https:\\\/\\\/www.instagram.com\\\/pelastusopisto\\\/\",\"https:\\\/\\\/fi.linkedin.com\\\/school\\\/pelastusopisto\\\/\",\"https:\\\/\\\/www.youtube.com\\\/channel\\\/UCQjXYneFsnDYnJtZBfr9Ajg\"]},{\"@type\":\"Person\",\"@id\":\"https:\\\/\\\/www.pelastusopisto.fi\\\/en\\\/#\\\/schema\\\/person\\\/2a71b412ce622dafefbbefbe092029e8\",\"name\":\"Santtu Tuomisto\",\"url\":\"https:\\\/\\\/www.pelastusopisto.fi\\\/en\\\/author\\\/santtu-tuo\\\/\"}]}<\/script>\n<!-- \/ Yoast SEO plugin. -->","yoast_head_json":{"title":"Pelastusopiston pelastajakurssi 122:sta tehd\u00e4\u00e4n tv-sarja - Pelastusopisto","robots":{"index":"index","follow":"follow","max-snippet":"max-snippet:-1","max-image-preview":"max-image-preview:large","max-video-preview":"max-video-preview:-1"},"canonical":"https:\/\/www.pelastusopisto.fi\/en\/uutisia\/pelastusopiston-pelastajakurssi-122sta-tehdaan-tv-sarja\/","og_locale":"en_US","og_type":"article","og_title":"Pelastusopiston pelastajakurssi 122:sta tehd\u00e4\u00e4n tv-sarja - Pelastusopisto","og_description":"Olof Film tekee yhteisty\u00f6ss\u00e4 Svenska Ylen kanssa ruotsinkielisest\u00e4 pelastajakurssista 122 [&hellip;]","og_url":"https:\/\/www.pelastusopisto.fi\/en\/uutisia\/pelastusopiston-pelastajakurssi-122sta-tehdaan-tv-sarja\/","og_site_name":"Pelastusopisto","article_publisher":"https:\/\/www.facebook.com\/Pelastusopisto\/","article_published_time":"2022-06-06T10:09:48+00:00","og_image":[{"width":2560,"height":1920,"url":"https:\/\/www.pelastusopisto.fi\/wp-content\/uploads\/IMG_0143-pelastusopisto-6-6-2022-vaaka-scaled-1.jpg","type":"image\/jpeg"}],"author":"Santtu Tuomisto","twitter_card":"summary_large_image","twitter_creator":"@Pelastusopisto","twitter_site":"@Pelastusopisto","twitter_misc":{"Written by":"Santtu Tuomisto","Est. reading time":"4 minutes"},"schema":{"@context":"https:\/\/schema.org","@graph":[{"@type":"Article","@id":"https:\/\/www.pelastusopisto.fi\/en\/uutisia\/pelastusopiston-pelastajakurssi-122sta-tehdaan-tv-sarja\/#article","isPartOf":{"@id":"https:\/\/www.pelastusopisto.fi\/en\/uutisia\/pelastusopiston-pelastajakurssi-122sta-tehdaan-tv-sarja\/"},"author":{"name":"Santtu Tuomisto","@id":"https:\/\/www.pelastusopisto.fi\/en\/#\/schema\/person\/2a71b412ce622dafefbbefbe092029e8"},"headline":"Pelastusopiston pelastajakurssi 122:sta tehd\u00e4\u00e4n tv-sarja","datePublished":"2022-06-06T10:09:48+00:00","mainEntityOfPage":{"@id":"https:\/\/www.pelastusopisto.fi\/en\/uutisia\/pelastusopiston-pelastajakurssi-122sta-tehdaan-tv-sarja\/"},"wordCount":689,"publisher":{"@id":"https:\/\/www.pelastusopisto.fi\/en\/#organization"},"image":{"@id":"https:\/\/www.pelastusopisto.fi\/en\/uutisia\/pelastusopiston-pelastajakurssi-122sta-tehdaan-tv-sarja\/#primaryimage"},"thumbnailUrl":"https:\/\/www.pelastusopisto.fi\/wp-content\/uploads\/IMG_0143-pelastusopisto-6-6-2022-vaaka-scaled-1.jpg","articleSection":["Uutisia"],"inLanguage":"en-US"},{"@type":"WebPage","@id":"https:\/\/www.pelastusopisto.fi\/en\/uutisia\/pelastusopiston-pelastajakurssi-122sta-tehdaan-tv-sarja\/","url":"https:\/\/www.pelastusopisto.fi\/en\/uutisia\/pelastusopiston-pelastajakurssi-122sta-tehdaan-tv-sarja\/","name":"Pelastusopiston pelastajakurssi 122:sta tehd\u00e4\u00e4n tv-sarja - Pelastusopisto","isPartOf":{"@id":"https:\/\/www.pelastusopisto.fi\/en\/#website"},"primaryImageOfPage":{"@id":"https:\/\/www.pelastusopisto.fi\/en\/uutisia\/pelastusopiston-pelastajakurssi-122sta-tehdaan-tv-sarja\/#primaryimage"},"image":{"@id":"https:\/\/www.pelastusopisto.fi\/en\/uutisia\/pelastusopiston-pelastajakurssi-122sta-tehdaan-tv-sarja\/#primaryimage"},"thumbnailUrl":"https:\/\/www.pelastusopisto.fi\/wp-content\/uploads\/IMG_0143-pelastusopisto-6-6-2022-vaaka-scaled-1.jpg","datePublished":"2022-06-06T10:09:48+00:00","breadcrumb":{"@id":"https:\/\/www.pelastusopisto.fi\/en\/uutisia\/pelastusopiston-pelastajakurssi-122sta-tehdaan-tv-sarja\/#breadcrumb"},"inLanguage":"en-US","potentialAction":[{"@type":"ReadAction","target":["https:\/\/www.pelastusopisto.fi\/en\/uutisia\/pelastusopiston-pelastajakurssi-122sta-tehdaan-tv-sarja\/"]}]},{"@type":"ImageObject","inLanguage":"en-US","@id":"https:\/\/www.pelastusopisto.fi\/en\/uutisia\/pelastusopiston-pelastajakurssi-122sta-tehdaan-tv-sarja\/#primaryimage","url":"https:\/\/www.pelastusopisto.fi\/wp-content\/uploads\/IMG_0143-pelastusopisto-6-6-2022-vaaka-scaled-1.jpg","contentUrl":"https:\/\/www.pelastusopisto.fi\/wp-content\/uploads\/IMG_0143-pelastusopisto-6-6-2022-vaaka-scaled-1.jpg","width":2560,"height":1920,"caption":"TV-sarjan kuvaukset k\u00e4ynniss\u00e4 Pelastusopistolla 6.6.2022"},{"@type":"BreadcrumbList","@id":"https:\/\/www.pelastusopisto.fi\/en\/uutisia\/pelastusopiston-pelastajakurssi-122sta-tehdaan-tv-sarja\/#breadcrumb","itemListElement":[{"@type":"ListItem","position":1,"name":"Home","item":"https:\/\/www.pelastusopisto.fi\/en\/"},{"@type":"ListItem","position":2,"name":"Pelastusopiston pelastajakurssi 122:sta tehd\u00e4\u00e4n tv-sarja"}]},{"@type":"WebSite","@id":"https:\/\/www.pelastusopisto.fi\/en\/#website","url":"https:\/\/www.pelastusopisto.fi\/en\/","name":"Pelastusopisto","description":"Pelastusopisto","publisher":{"@id":"https:\/\/www.pelastusopisto.fi\/en\/#organization"},"potentialAction":[{"@type":"SearchAction","target":{"@type":"EntryPoint","urlTemplate":"https:\/\/www.pelastusopisto.fi\/en\/?s={search_term_string}"},"query-input":{"@type":"PropertyValueSpecification","valueRequired":true,"valueName":"search_term_string"}}],"inLanguage":"en-US"},{"@type":"Organization","@id":"https:\/\/www.pelastusopisto.fi\/en\/#organization","name":"Pelastusopisto","url":"https:\/\/www.pelastusopisto.fi\/en\/","logo":{"@type":"ImageObject","inLanguage":"en-US","@id":"https:\/\/www.pelastusopisto.fi\/en\/#\/schema\/logo\/image\/","url":"https:\/\/www.pelastusopisto.fi\/wp-content\/uploads\/pelastusopisto-logo-net.png","contentUrl":"https:\/\/www.pelastusopisto.fi\/wp-content\/uploads\/pelastusopisto-logo-net.png","width":387,"height":71,"caption":"Pelastusopisto"},"image":{"@id":"https:\/\/www.pelastusopisto.fi\/en\/#\/schema\/logo\/image\/"},"sameAs":["https:\/\/www.facebook.com\/Pelastusopisto\/","https:\/\/x.com\/Pelastusopisto","https:\/\/www.instagram.com\/pelastusopisto\/","https:\/\/fi.linkedin.com\/school\/pelastusopisto\/","https:\/\/www.youtube.com\/channel\/UCQjXYneFsnDYnJtZBfr9Ajg"]},{"@type":"Person","@id":"https:\/\/www.pelastusopisto.fi\/en\/#\/schema\/person\/2a71b412ce622dafefbbefbe092029e8","name":"Santtu Tuomisto","url":"https:\/\/www.pelastusopisto.fi\/en\/author\/santtu-tuo\/"}]}},"featured_image_src":"https:\/\/www.pelastusopisto.fi\/wp-content\/uploads\/IMG_0143-pelastusopisto-6-6-2022-vaaka-scaled-1-600x400.jpg","featured_image_src_square":"https:\/\/www.pelastusopisto.fi\/wp-content\/uploads\/IMG_0143-pelastusopisto-6-6-2022-vaaka-scaled-1-600x600.jpg","author_info":{"display_name":"Santtu Tuomisto","author_link":"https:\/\/www.pelastusopisto.fi\/en\/author\/santtu-tuo\/"},"_links":{"self":[{"href":"https:\/\/www.pelastusopisto.fi\/en\/wp-json\/wp\/v2\/posts\/43367","targetHints":{"allow":["GET"]}}],"collection":[{"href":"https:\/\/www.pelastusopisto.fi\/en\/wp-json\/wp\/v2\/posts"}],"about":[{"href":"https:\/\/www.pelastusopisto.fi\/en\/wp-json\/wp\/v2\/types\/post"}],"author":[{"embeddable":true,"href":"https:\/\/www.pelastusopisto.fi\/en\/wp-json\/wp\/v2\/users\/88"}],"replies":[{"embeddable":true,"href":"https:\/\/www.pelastusopisto.fi\/en\/wp-json\/wp\/v2\/comments?post=43367"}],"version-history":[{"count":0,"href":"https:\/\/www.pelastusopisto.fi\/en\/wp-json\/wp\/v2\/posts\/43367\/revisions"}],"wp:featuredmedia":[{"embeddable":true,"href":"https:\/\/www.pelastusopisto.fi\/en\/wp-json\/wp\/v2\/media\/43301"}],"wp:attachment":[{"href":"https:\/\/www.pelastusopisto.fi\/en\/wp-json\/wp\/v2\/media?parent=43367"}],"wp:term":[{"taxonomy":"category","embeddable":true,"href":"https:\/\/www.pelastusopisto.fi\/en\/wp-json\/wp\/v2\/categories?post=43367"},{"taxonomy":"post_tag","embeddable":true,"href":"https:\/\/www.pelastusopisto.fi\/en\/wp-json\/wp\/v2\/tags?post=43367"}],"curies":[{"name":"wp","href":"https:\/\/api.w.org\/{rel}","templated":true}]}}