{"id":30434,"date":"2022-04-14T10:39:27","date_gmt":"2022-04-14T07:39:27","guid":{"rendered":"https:\/\/www.pelastusopisto.fi\/?p=30434"},"modified":"2022-04-14T10:39:27","modified_gmt":"2022-04-14T07:39:27","slug":"suomi-lahettaa-kansainvalisen-pelastustoiminnan-asiantuntija-apua-puolaan-ja-slovakiaan","status":"publish","type":"post","link":"https:\/\/www.pelastusopisto.fi\/en\/uutisia\/suomi-lahettaa-kansainvalisen-pelastustoiminnan-asiantuntija-apua-puolaan-ja-slovakiaan\/","title":{"rendered":"Suomi l\u00e4hett\u00e4\u00e4 kansainv\u00e4lisen pelastustoiminnan asiantuntija-apua Puolaan ja Slovakiaan"},"content":{"rendered":"\n<p><strong>Sis\u00e4ministeri\u00f6 on p\u00e4\u00e4tt\u00e4nyt l\u00e4hett\u00e4\u00e4 kaksi asiantuntijaa Puolaan ja Slovakiaan auttamaan Ukrainasta pakenevien tarvitseman humanitaarisen avun koordinoinnissa. Asiantuntijat l\u00e4htiv\u00e4t Suomesta keskiviikkoiltana. Pelastusopisto toimii l\u00e4hetettyjen asiantuntijoiden ty\u00f6nantajana.<\/strong><\/p>\n\n\n\n<p>Pelastusopisto on l\u00e4hett\u00e4nyt 13.4. sis\u00e4ministeri\u00f6n p\u00e4\u00e4t\u00f6ksell\u00e4 kaksi asiantuntijaa Puolaan ja Slovakiaan osana Euroopan unionin pelastuspalvelumekanismia (Union Civil Protection Mechanism), jonka kautta Puola ja Slovakia ovat pyyt\u00e4neet kansainv\u00e4list\u00e4 apua.<\/p>\n\n\n\n<p>Suomen l\u00e4hett\u00e4m\u00e4t asiantuntijat ty\u00f6skentelev\u00e4t logistiikka-asiantuntijoina osana Euroopan unionin asiantuntijatiimi\u00e4 (European Union Civil Protection Team). Teht\u00e4v\u00e4 kest\u00e4\u00e4 alustavan arvion mukaan noin kolme viikkoa.<\/p>\n\n\n\n<h2 class=\"wp-block-heading\">Suomi on aktiivinen asiantuntija-avun l\u00e4hett\u00e4j\u00e4<\/h2>\n\n\n\n<p>Kansainv\u00e4linen pelastustoiminta on valtiosopimuksiin ja lains\u00e4\u00e4d\u00e4nt\u00f6\u00f6n perustuvaa avun antamista ulkomaille, sek\u00e4 avun vastaanottamista Suomeen. T\u00e4llaisia tilanteita ovat luonnon tai ihmisen aiheuttamat katastrofit ja onnettomuudet, joissa maan omat resurssit eiv\u00e4t riit\u00e4. Suomi osallistuu kansainv\u00e4liseen pelastustoimintaan Euroopan unionin ja kansainv\u00e4listen j\u00e4rjest\u00f6jen kautta. Lis\u00e4ksi kansainv\u00e4list\u00e4 pelastustoimintaa toteutetaan kahdenv\u00e4listen ja monenkeskisten valtioiden v\u00e4listen sopimuksien puitteissa.<\/p>\n\n\n\n<p>Sis\u00e4ministeri\u00f6 p\u00e4\u00e4tt\u00e4\u00e4 pelastustoimeen liittyv\u00e4n kansainv\u00e4lisen avun l\u00e4hett\u00e4misest\u00e4. Pelastusopisto vastaa asiantuntijoiden kouluttamisesta, rekrytoinnista ja logistiikasta sek\u00e4 kansainv\u00e4lisen pelastustoiminnan k\u00e4yt\u00e4nn\u00f6n toteuttamisesta.<\/p>\n\n\n\n<p><strong>Lis\u00e4tietoja:<\/strong><\/p>\n\n\n\n<p><strong>Tero L\u00e4hdesm\u00e4ki<\/strong><br>Pelastusopiston koulutussuunnittelija<br>029 545 3430<br>(Teht\u00e4v\u00e4\u00e4n ja kansainv\u00e4liseen pelastustoimintaan liittyv\u00e4t operatiiviset lis\u00e4tiedot)<\/p>\n\n\n\n<p><strong>Rami Ruuska<\/strong><br>Sis\u00e4ministeri\u00f6n pelastusylitarkastaja <br>050 456 0009<br><\/p>\n","protected":false},"excerpt":{"rendered":"<p>Sis\u00e4ministeri\u00f6 on p\u00e4\u00e4tt\u00e4nyt l\u00e4hett\u00e4\u00e4 kaksi asiantuntijaa Puolaan ja Slovakiaan auttamaan [&hellip;]<\/p>\n","protected":false},"author":103,"featured_media":43295,"comment_status":"closed","ping_status":"closed","sticky":false,"template":"","format":"standard","meta":{"_acf_changed":false,"_genesis_hide_title":false,"_genesis_hide_breadcrumbs":false,"_genesis_hide_singular_image":false,"_genesis_hide_footer_widgets":false,"_genesis_custom_body_class":"","_genesis_custom_post_class":"","_genesis_layout":"","footnotes":""},"categories":[91],"tags":[],"class_list":{"0":"post-30434","1":"post","2":"type-post","3":"status-publish","4":"format-standard","5":"has-post-thumbnail","7":"category-uutisia","8":"entry"},"acf":[],"gutentor_comment":0,"yoast_head":"<!-- This site is optimized with the Yoast SEO plugin v27.4 - https:\/\/yoast.com\/product\/yoast-seo-wordpress\/ -->\n<title>Suomi l\u00e4hett\u00e4\u00e4 kansainv\u00e4lisen pelastustoiminnan asiantuntija-apua Puolaan ja Slovakiaan - Pelastusopisto<\/title>\n<meta name=\"robots\" content=\"index, follow, max-snippet:-1, max-image-preview:large, max-video-preview:-1\" \/>\n<link rel=\"canonical\" href=\"https:\/\/www.pelastusopisto.fi\/en\/uutisia\/suomi-lahettaa-kansainvalisen-pelastustoiminnan-asiantuntija-apua-puolaan-ja-slovakiaan\/\" \/>\n<meta property=\"og:locale\" content=\"en_US\" \/>\n<meta property=\"og:type\" content=\"article\" \/>\n<meta property=\"og:title\" content=\"Suomi l\u00e4hett\u00e4\u00e4 kansainv\u00e4lisen pelastustoiminnan asiantuntija-apua Puolaan ja Slovakiaan - Pelastusopisto\" \/>\n<meta property=\"og:description\" content=\"Sis\u00e4ministeri\u00f6 on p\u00e4\u00e4tt\u00e4nyt l\u00e4hett\u00e4\u00e4 kaksi asiantuntijaa Puolaan ja Slovakiaan auttamaan [&hellip;]\" \/>\n<meta property=\"og:url\" content=\"https:\/\/www.pelastusopisto.fi\/en\/uutisia\/suomi-lahettaa-kansainvalisen-pelastustoiminnan-asiantuntija-apua-puolaan-ja-slovakiaan\/\" \/>\n<meta property=\"og:site_name\" content=\"Pelastusopisto\" \/>\n<meta property=\"article:publisher\" content=\"https:\/\/www.facebook.com\/Pelastusopisto\/\" \/>\n<meta property=\"article:published_time\" content=\"2022-04-14T07:39:27+00:00\" \/>\n<meta property=\"og:image\" content=\"https:\/\/www.pelastusopisto.fi\/wp-content\/uploads\/Kv-Pel-Puola-Slovakia.jpg\" \/>\n\t<meta property=\"og:image:width\" content=\"1920\" \/>\n\t<meta property=\"og:image:height\" content=\"1322\" \/>\n\t<meta property=\"og:image:type\" content=\"image\/jpeg\" \/>\n<meta name=\"author\" content=\"Viestinta-Peo\" \/>\n<meta name=\"twitter:card\" content=\"summary_large_image\" \/>\n<meta name=\"twitter:creator\" content=\"@Pelastusopisto\" \/>\n<meta name=\"twitter:site\" content=\"@Pelastusopisto\" \/>\n<meta name=\"twitter:label1\" content=\"Written by\" \/>\n\t<meta name=\"twitter:data1\" content=\"Viestinta-Peo\" \/>\n\t<meta name=\"twitter:label2\" content=\"Est. reading time\" \/>\n\t<meta name=\"twitter:data2\" content=\"2 minutes\" \/>\n<script type=\"application\/ld+json\" class=\"yoast-schema-graph\">{\"@context\":\"https:\\\/\\\/schema.org\",\"@graph\":[{\"@type\":\"Article\",\"@id\":\"https:\\\/\\\/www.pelastusopisto.fi\\\/en\\\/uutisia\\\/suomi-lahettaa-kansainvalisen-pelastustoiminnan-asiantuntija-apua-puolaan-ja-slovakiaan\\\/#article\",\"isPartOf\":{\"@id\":\"https:\\\/\\\/www.pelastusopisto.fi\\\/en\\\/uutisia\\\/suomi-lahettaa-kansainvalisen-pelastustoiminnan-asiantuntija-apua-puolaan-ja-slovakiaan\\\/\"},\"author\":{\"name\":\"Viestinta-Peo\",\"@id\":\"https:\\\/\\\/www.pelastusopisto.fi\\\/en\\\/#\\\/schema\\\/person\\\/152cef2bb81e815d963aaf12ae9b26eb\"},\"headline\":\"Suomi l\u00e4hett\u00e4\u00e4 kansainv\u00e4lisen pelastustoiminnan asiantuntija-apua Puolaan ja Slovakiaan\",\"datePublished\":\"2022-04-14T07:39:27+00:00\",\"mainEntityOfPage\":{\"@id\":\"https:\\\/\\\/www.pelastusopisto.fi\\\/en\\\/uutisia\\\/suomi-lahettaa-kansainvalisen-pelastustoiminnan-asiantuntija-apua-puolaan-ja-slovakiaan\\\/\"},\"wordCount\":233,\"publisher\":{\"@id\":\"https:\\\/\\\/www.pelastusopisto.fi\\\/en\\\/#organization\"},\"image\":{\"@id\":\"https:\\\/\\\/www.pelastusopisto.fi\\\/en\\\/uutisia\\\/suomi-lahettaa-kansainvalisen-pelastustoiminnan-asiantuntija-apua-puolaan-ja-slovakiaan\\\/#primaryimage\"},\"thumbnailUrl\":\"https:\\\/\\\/www.pelastusopisto.fi\\\/wp-content\\\/uploads\\\/Kv-Pel-Puola-Slovakia.jpg\",\"articleSection\":[\"Uutisia\"],\"inLanguage\":\"en-US\"},{\"@type\":\"WebPage\",\"@id\":\"https:\\\/\\\/www.pelastusopisto.fi\\\/en\\\/uutisia\\\/suomi-lahettaa-kansainvalisen-pelastustoiminnan-asiantuntija-apua-puolaan-ja-slovakiaan\\\/\",\"url\":\"https:\\\/\\\/www.pelastusopisto.fi\\\/en\\\/uutisia\\\/suomi-lahettaa-kansainvalisen-pelastustoiminnan-asiantuntija-apua-puolaan-ja-slovakiaan\\\/\",\"name\":\"Suomi l\u00e4hett\u00e4\u00e4 kansainv\u00e4lisen pelastustoiminnan asiantuntija-apua Puolaan ja Slovakiaan - Pelastusopisto\",\"isPartOf\":{\"@id\":\"https:\\\/\\\/www.pelastusopisto.fi\\\/en\\\/#website\"},\"primaryImageOfPage\":{\"@id\":\"https:\\\/\\\/www.pelastusopisto.fi\\\/en\\\/uutisia\\\/suomi-lahettaa-kansainvalisen-pelastustoiminnan-asiantuntija-apua-puolaan-ja-slovakiaan\\\/#primaryimage\"},\"image\":{\"@id\":\"https:\\\/\\\/www.pelastusopisto.fi\\\/en\\\/uutisia\\\/suomi-lahettaa-kansainvalisen-pelastustoiminnan-asiantuntija-apua-puolaan-ja-slovakiaan\\\/#primaryimage\"},\"thumbnailUrl\":\"https:\\\/\\\/www.pelastusopisto.fi\\\/wp-content\\\/uploads\\\/Kv-Pel-Puola-Slovakia.jpg\",\"datePublished\":\"2022-04-14T07:39:27+00:00\",\"breadcrumb\":{\"@id\":\"https:\\\/\\\/www.pelastusopisto.fi\\\/en\\\/uutisia\\\/suomi-lahettaa-kansainvalisen-pelastustoiminnan-asiantuntija-apua-puolaan-ja-slovakiaan\\\/#breadcrumb\"},\"inLanguage\":\"en-US\",\"potentialAction\":[{\"@type\":\"ReadAction\",\"target\":[\"https:\\\/\\\/www.pelastusopisto.fi\\\/en\\\/uutisia\\\/suomi-lahettaa-kansainvalisen-pelastustoiminnan-asiantuntija-apua-puolaan-ja-slovakiaan\\\/\"]}]},{\"@type\":\"ImageObject\",\"inLanguage\":\"en-US\",\"@id\":\"https:\\\/\\\/www.pelastusopisto.fi\\\/en\\\/uutisia\\\/suomi-lahettaa-kansainvalisen-pelastustoiminnan-asiantuntija-apua-puolaan-ja-slovakiaan\\\/#primaryimage\",\"url\":\"https:\\\/\\\/www.pelastusopisto.fi\\\/wp-content\\\/uploads\\\/Kv-Pel-Puola-Slovakia.jpg\",\"contentUrl\":\"https:\\\/\\\/www.pelastusopisto.fi\\\/wp-content\\\/uploads\\\/Kv-Pel-Puola-Slovakia.jpg\",\"width\":1920,\"height\":1322},{\"@type\":\"BreadcrumbList\",\"@id\":\"https:\\\/\\\/www.pelastusopisto.fi\\\/en\\\/uutisia\\\/suomi-lahettaa-kansainvalisen-pelastustoiminnan-asiantuntija-apua-puolaan-ja-slovakiaan\\\/#breadcrumb\",\"itemListElement\":[{\"@type\":\"ListItem\",\"position\":1,\"name\":\"Home\",\"item\":\"https:\\\/\\\/www.pelastusopisto.fi\\\/en\\\/\"},{\"@type\":\"ListItem\",\"position\":2,\"name\":\"Suomi l\u00e4hett\u00e4\u00e4 kansainv\u00e4lisen pelastustoiminnan asiantuntija-apua Puolaan ja Slovakiaan\"}]},{\"@type\":\"WebSite\",\"@id\":\"https:\\\/\\\/www.pelastusopisto.fi\\\/en\\\/#website\",\"url\":\"https:\\\/\\\/www.pelastusopisto.fi\\\/en\\\/\",\"name\":\"Pelastusopisto\",\"description\":\"Pelastusopisto\",\"publisher\":{\"@id\":\"https:\\\/\\\/www.pelastusopisto.fi\\\/en\\\/#organization\"},\"potentialAction\":[{\"@type\":\"SearchAction\",\"target\":{\"@type\":\"EntryPoint\",\"urlTemplate\":\"https:\\\/\\\/www.pelastusopisto.fi\\\/en\\\/?s={search_term_string}\"},\"query-input\":{\"@type\":\"PropertyValueSpecification\",\"valueRequired\":true,\"valueName\":\"search_term_string\"}}],\"inLanguage\":\"en-US\"},{\"@type\":\"Organization\",\"@id\":\"https:\\\/\\\/www.pelastusopisto.fi\\\/en\\\/#organization\",\"name\":\"Pelastusopisto\",\"url\":\"https:\\\/\\\/www.pelastusopisto.fi\\\/en\\\/\",\"logo\":{\"@type\":\"ImageObject\",\"inLanguage\":\"en-US\",\"@id\":\"https:\\\/\\\/www.pelastusopisto.fi\\\/en\\\/#\\\/schema\\\/logo\\\/image\\\/\",\"url\":\"https:\\\/\\\/www.pelastusopisto.fi\\\/wp-content\\\/uploads\\\/pelastusopisto-logo-net.png\",\"contentUrl\":\"https:\\\/\\\/www.pelastusopisto.fi\\\/wp-content\\\/uploads\\\/pelastusopisto-logo-net.png\",\"width\":387,\"height\":71,\"caption\":\"Pelastusopisto\"},\"image\":{\"@id\":\"https:\\\/\\\/www.pelastusopisto.fi\\\/en\\\/#\\\/schema\\\/logo\\\/image\\\/\"},\"sameAs\":[\"https:\\\/\\\/www.facebook.com\\\/Pelastusopisto\\\/\",\"https:\\\/\\\/x.com\\\/Pelastusopisto\",\"https:\\\/\\\/www.instagram.com\\\/pelastusopisto\\\/\",\"https:\\\/\\\/fi.linkedin.com\\\/school\\\/pelastusopisto\\\/\",\"https:\\\/\\\/www.youtube.com\\\/channel\\\/UCQjXYneFsnDYnJtZBfr9Ajg\"]},{\"@type\":\"Person\",\"@id\":\"https:\\\/\\\/www.pelastusopisto.fi\\\/en\\\/#\\\/schema\\\/person\\\/152cef2bb81e815d963aaf12ae9b26eb\",\"name\":\"Viestinta-Peo\",\"url\":\"https:\\\/\\\/www.pelastusopisto.fi\\\/en\\\/author\\\/viestinta-peo\\\/\"}]}<\/script>\n<!-- \/ Yoast SEO plugin. -->","yoast_head_json":{"title":"Suomi l\u00e4hett\u00e4\u00e4 kansainv\u00e4lisen pelastustoiminnan asiantuntija-apua Puolaan ja Slovakiaan - Pelastusopisto","robots":{"index":"index","follow":"follow","max-snippet":"max-snippet:-1","max-image-preview":"max-image-preview:large","max-video-preview":"max-video-preview:-1"},"canonical":"https:\/\/www.pelastusopisto.fi\/en\/uutisia\/suomi-lahettaa-kansainvalisen-pelastustoiminnan-asiantuntija-apua-puolaan-ja-slovakiaan\/","og_locale":"en_US","og_type":"article","og_title":"Suomi l\u00e4hett\u00e4\u00e4 kansainv\u00e4lisen pelastustoiminnan asiantuntija-apua Puolaan ja Slovakiaan - Pelastusopisto","og_description":"Sis\u00e4ministeri\u00f6 on p\u00e4\u00e4tt\u00e4nyt l\u00e4hett\u00e4\u00e4 kaksi asiantuntijaa Puolaan ja Slovakiaan auttamaan [&hellip;]","og_url":"https:\/\/www.pelastusopisto.fi\/en\/uutisia\/suomi-lahettaa-kansainvalisen-pelastustoiminnan-asiantuntija-apua-puolaan-ja-slovakiaan\/","og_site_name":"Pelastusopisto","article_publisher":"https:\/\/www.facebook.com\/Pelastusopisto\/","article_published_time":"2022-04-14T07:39:27+00:00","og_image":[{"width":1920,"height":1322,"url":"https:\/\/www.pelastusopisto.fi\/wp-content\/uploads\/Kv-Pel-Puola-Slovakia.jpg","type":"image\/jpeg"}],"author":"Viestinta-Peo","twitter_card":"summary_large_image","twitter_creator":"@Pelastusopisto","twitter_site":"@Pelastusopisto","twitter_misc":{"Written by":"Viestinta-Peo","Est. reading time":"2 minutes"},"schema":{"@context":"https:\/\/schema.org","@graph":[{"@type":"Article","@id":"https:\/\/www.pelastusopisto.fi\/en\/uutisia\/suomi-lahettaa-kansainvalisen-pelastustoiminnan-asiantuntija-apua-puolaan-ja-slovakiaan\/#article","isPartOf":{"@id":"https:\/\/www.pelastusopisto.fi\/en\/uutisia\/suomi-lahettaa-kansainvalisen-pelastustoiminnan-asiantuntija-apua-puolaan-ja-slovakiaan\/"},"author":{"name":"Viestinta-Peo","@id":"https:\/\/www.pelastusopisto.fi\/en\/#\/schema\/person\/152cef2bb81e815d963aaf12ae9b26eb"},"headline":"Suomi l\u00e4hett\u00e4\u00e4 kansainv\u00e4lisen pelastustoiminnan asiantuntija-apua Puolaan ja Slovakiaan","datePublished":"2022-04-14T07:39:27+00:00","mainEntityOfPage":{"@id":"https:\/\/www.pelastusopisto.fi\/en\/uutisia\/suomi-lahettaa-kansainvalisen-pelastustoiminnan-asiantuntija-apua-puolaan-ja-slovakiaan\/"},"wordCount":233,"publisher":{"@id":"https:\/\/www.pelastusopisto.fi\/en\/#organization"},"image":{"@id":"https:\/\/www.pelastusopisto.fi\/en\/uutisia\/suomi-lahettaa-kansainvalisen-pelastustoiminnan-asiantuntija-apua-puolaan-ja-slovakiaan\/#primaryimage"},"thumbnailUrl":"https:\/\/www.pelastusopisto.fi\/wp-content\/uploads\/Kv-Pel-Puola-Slovakia.jpg","articleSection":["Uutisia"],"inLanguage":"en-US"},{"@type":"WebPage","@id":"https:\/\/www.pelastusopisto.fi\/en\/uutisia\/suomi-lahettaa-kansainvalisen-pelastustoiminnan-asiantuntija-apua-puolaan-ja-slovakiaan\/","url":"https:\/\/www.pelastusopisto.fi\/en\/uutisia\/suomi-lahettaa-kansainvalisen-pelastustoiminnan-asiantuntija-apua-puolaan-ja-slovakiaan\/","name":"Suomi l\u00e4hett\u00e4\u00e4 kansainv\u00e4lisen pelastustoiminnan asiantuntija-apua Puolaan ja Slovakiaan - Pelastusopisto","isPartOf":{"@id":"https:\/\/www.pelastusopisto.fi\/en\/#website"},"primaryImageOfPage":{"@id":"https:\/\/www.pelastusopisto.fi\/en\/uutisia\/suomi-lahettaa-kansainvalisen-pelastustoiminnan-asiantuntija-apua-puolaan-ja-slovakiaan\/#primaryimage"},"image":{"@id":"https:\/\/www.pelastusopisto.fi\/en\/uutisia\/suomi-lahettaa-kansainvalisen-pelastustoiminnan-asiantuntija-apua-puolaan-ja-slovakiaan\/#primaryimage"},"thumbnailUrl":"https:\/\/www.pelastusopisto.fi\/wp-content\/uploads\/Kv-Pel-Puola-Slovakia.jpg","datePublished":"2022-04-14T07:39:27+00:00","breadcrumb":{"@id":"https:\/\/www.pelastusopisto.fi\/en\/uutisia\/suomi-lahettaa-kansainvalisen-pelastustoiminnan-asiantuntija-apua-puolaan-ja-slovakiaan\/#breadcrumb"},"inLanguage":"en-US","potentialAction":[{"@type":"ReadAction","target":["https:\/\/www.pelastusopisto.fi\/en\/uutisia\/suomi-lahettaa-kansainvalisen-pelastustoiminnan-asiantuntija-apua-puolaan-ja-slovakiaan\/"]}]},{"@type":"ImageObject","inLanguage":"en-US","@id":"https:\/\/www.pelastusopisto.fi\/en\/uutisia\/suomi-lahettaa-kansainvalisen-pelastustoiminnan-asiantuntija-apua-puolaan-ja-slovakiaan\/#primaryimage","url":"https:\/\/www.pelastusopisto.fi\/wp-content\/uploads\/Kv-Pel-Puola-Slovakia.jpg","contentUrl":"https:\/\/www.pelastusopisto.fi\/wp-content\/uploads\/Kv-Pel-Puola-Slovakia.jpg","width":1920,"height":1322},{"@type":"BreadcrumbList","@id":"https:\/\/www.pelastusopisto.fi\/en\/uutisia\/suomi-lahettaa-kansainvalisen-pelastustoiminnan-asiantuntija-apua-puolaan-ja-slovakiaan\/#breadcrumb","itemListElement":[{"@type":"ListItem","position":1,"name":"Home","item":"https:\/\/www.pelastusopisto.fi\/en\/"},{"@type":"ListItem","position":2,"name":"Suomi l\u00e4hett\u00e4\u00e4 kansainv\u00e4lisen pelastustoiminnan asiantuntija-apua Puolaan ja Slovakiaan"}]},{"@type":"WebSite","@id":"https:\/\/www.pelastusopisto.fi\/en\/#website","url":"https:\/\/www.pelastusopisto.fi\/en\/","name":"Pelastusopisto","description":"Pelastusopisto","publisher":{"@id":"https:\/\/www.pelastusopisto.fi\/en\/#organization"},"potentialAction":[{"@type":"SearchAction","target":{"@type":"EntryPoint","urlTemplate":"https:\/\/www.pelastusopisto.fi\/en\/?s={search_term_string}"},"query-input":{"@type":"PropertyValueSpecification","valueRequired":true,"valueName":"search_term_string"}}],"inLanguage":"en-US"},{"@type":"Organization","@id":"https:\/\/www.pelastusopisto.fi\/en\/#organization","name":"Pelastusopisto","url":"https:\/\/www.pelastusopisto.fi\/en\/","logo":{"@type":"ImageObject","inLanguage":"en-US","@id":"https:\/\/www.pelastusopisto.fi\/en\/#\/schema\/logo\/image\/","url":"https:\/\/www.pelastusopisto.fi\/wp-content\/uploads\/pelastusopisto-logo-net.png","contentUrl":"https:\/\/www.pelastusopisto.fi\/wp-content\/uploads\/pelastusopisto-logo-net.png","width":387,"height":71,"caption":"Pelastusopisto"},"image":{"@id":"https:\/\/www.pelastusopisto.fi\/en\/#\/schema\/logo\/image\/"},"sameAs":["https:\/\/www.facebook.com\/Pelastusopisto\/","https:\/\/x.com\/Pelastusopisto","https:\/\/www.instagram.com\/pelastusopisto\/","https:\/\/fi.linkedin.com\/school\/pelastusopisto\/","https:\/\/www.youtube.com\/channel\/UCQjXYneFsnDYnJtZBfr9Ajg"]},{"@type":"Person","@id":"https:\/\/www.pelastusopisto.fi\/en\/#\/schema\/person\/152cef2bb81e815d963aaf12ae9b26eb","name":"Viestinta-Peo","url":"https:\/\/www.pelastusopisto.fi\/en\/author\/viestinta-peo\/"}]}},"featured_image_src":"https:\/\/www.pelastusopisto.fi\/wp-content\/uploads\/Kv-Pel-Puola-Slovakia-600x400.jpg","featured_image_src_square":"https:\/\/www.pelastusopisto.fi\/wp-content\/uploads\/Kv-Pel-Puola-Slovakia-600x600.jpg","author_info":{"display_name":"Viestinta-Peo","author_link":"https:\/\/www.pelastusopisto.fi\/en\/author\/viestinta-peo\/"},"_links":{"self":[{"href":"https:\/\/www.pelastusopisto.fi\/en\/wp-json\/wp\/v2\/posts\/30434","targetHints":{"allow":["GET"]}}],"collection":[{"href":"https:\/\/www.pelastusopisto.fi\/en\/wp-json\/wp\/v2\/posts"}],"about":[{"href":"https:\/\/www.pelastusopisto.fi\/en\/wp-json\/wp\/v2\/types\/post"}],"author":[{"embeddable":true,"href":"https:\/\/www.pelastusopisto.fi\/en\/wp-json\/wp\/v2\/users\/103"}],"replies":[{"embeddable":true,"href":"https:\/\/www.pelastusopisto.fi\/en\/wp-json\/wp\/v2\/comments?post=30434"}],"version-history":[{"count":0,"href":"https:\/\/www.pelastusopisto.fi\/en\/wp-json\/wp\/v2\/posts\/30434\/revisions"}],"wp:featuredmedia":[{"embeddable":true,"href":"https:\/\/www.pelastusopisto.fi\/en\/wp-json\/wp\/v2\/media\/43295"}],"wp:attachment":[{"href":"https:\/\/www.pelastusopisto.fi\/en\/wp-json\/wp\/v2\/media?parent=30434"}],"wp:term":[{"taxonomy":"category","embeddable":true,"href":"https:\/\/www.pelastusopisto.fi\/en\/wp-json\/wp\/v2\/categories?post=30434"},{"taxonomy":"post_tag","embeddable":true,"href":"https:\/\/www.pelastusopisto.fi\/en\/wp-json\/wp\/v2\/tags?post=30434"}],"curies":[{"name":"wp","href":"https:\/\/api.w.org\/{rel}","templated":true}]}}