{"id":28396,"date":"2022-01-04T12:42:04","date_gmt":"2022-01-04T10:42:04","guid":{"rendered":"https:\/\/www.pelastusopisto.fi\/?p=28396"},"modified":"2022-01-04T12:42:04","modified_gmt":"2022-01-04T10:42:04","slug":"jani-jamsa-vuoden-opettaja-2021","status":"publish","type":"post","link":"https:\/\/www.pelastusopisto.fi\/en\/uutisia\/jani-jamsa-vuoden-opettaja-2021\/","title":{"rendered":"Jani J\u00e4ms\u00e4 Vuoden opettaja 2021"},"content":{"rendered":"\n<p>Pelastusopiston oppilasyhdistys ry valitsi vuoden 2021 opettajaksi Onnettomuuksien ehk\u00e4isyn tiiminvet\u00e4j\u00e4 Jani J\u00e4ms\u00e4n. Janin asennetta kuvailtiin opiskelijamy\u00f6nteiseksi ja v\u00e4litt\u00e4v\u00e4ksi, ja lis\u00e4ksi h\u00e4n osaa tehd\u00e4 my\u00f6s ei niin kiinnostavista aiheista kiinnostavia. Vaikka h\u00e4n v\u00e4\u00e4nt\u00e4\u00e4 tarvittaessa asiat rautalangasta, on h\u00e4nell\u00e4 kuitenkin aina pilke silm\u00e4kulmassa.<\/p>\n\n\n\n<p>Jani valittiin vuoden opettajaksi nyt jo kuudetta kertaa. P\u00e4\u00e4timme jututtaa Jania ja selvitt\u00e4\u00e4, mit\u00e4 on vuoden opettajan tittelin saavuttamisen taustalla. Kysyt\u00e4\u00e4n aluksi ihan klassikkokysymys:<\/p>\n\n\n\n<p><strong>Milt\u00e4 nyt tuntuu, kun sinut on valittu vuoden 2021 opettajaksi?<\/strong><\/p>\n\n\n\n<p>Eritt\u00e4in mukavalta. Olen sanonutkin joka kerta aiemminkin valittaessa, ett\u00e4 t\u00e4m\u00e4 on suurin tunnustus, jonka Pelastusopistolla voi saada \ud83d\ude0a<\/p>\n\n\n\n<p><strong>Kuinka kauan olet toiminut opettajana? Mit\u00e4 olet opettajavuosien aikana oppinut?<\/strong><\/p>\n\n\n\n<p>Tulin Pelastusopistolle t\u00f6ihin 1.2.2006, eli kohta 16 vuotta. Olen itse oppinut huimasti lis\u00e4\u00e4 opettamistani aiheista, koulutussuunnittelusta ja my\u00f6s valtakunnallisesta kehitt\u00e4misest\u00e4. Olemme tiimin\u00e4 ja opettajina monessa mukana ja eritt\u00e4in tiiviiss\u00e4 yhteisty\u00f6ss\u00e4 pelastuslaitosten kumppanuusverkoston ja muiden kent\u00e4n sidosryhmien kanssa.<\/p>\n\n\n\n<p>Lis\u00e4ksi olen pyrkinyt vaikuttamaan vahvasti siihen, ett\u00e4 integroimme pelastustoiminnan, johtamisen ja rakennusten paloturvallisuuden aiheita opetuksessa aiempaa tehokkaammin. Siin\u00e4 on menty kaikissa tutkinnoissa huimasti eteenp\u00e4in, kokemukset ja opiskelijapalatteet ovat todella hyvi\u00e4.<\/p>\n\n\n\n<p><strong>Mik\u00e4 opetusty\u00f6ss\u00e4 on parasta?<\/strong><\/p>\n\n\n\n<p>Opiskelijoiden kohtaaminen ja opettaminen. Se, kun huomaa ett\u00e4 saa asiat ymm\u00e4rretyksi ja opiskelijat kehittyv\u00e4t. Paras palkinto on se, kun opiskelijoiden osaaminen kehittyy.<\/p>\n\n\n\n<p><strong>Millaisia Pelastusopiston opiskelijat mielest\u00e4si ovat?<\/strong><\/p>\n\n\n\n<p>Eritt\u00e4in motivoituneita, mukavia, kohteliaita ja hyvin k\u00e4ytt\u00e4ytyvi\u00e4. Ja kiinnostuneita, keskustelevia sek\u00e4 sopivasti opettajaa haastavia opetuksessa ja keskusteluissa.<\/p>\n\n\n\n<p><strong>Millaisia terveisi\u00e4 haluat l\u00e4hett\u00e4\u00e4 opiskelijoille?<\/strong><\/p>\n\n\n\n<p>Tsemppi\u00e4 kaikille opintoihin koronan keskell\u00e4. Olette kouluttautumassa arvostetulle ja hienolle alalle, ottakaa opiskeluajasta kaikki irti \ud83d\ude0a<\/p>\n\n\n\n<p><img decoding=\"async\" class=\"wp-image-28397\" style=\"width: 400px;\" src=\"https:\/\/www.pelastusopisto.fi\/wp-content\/uploads\/IMG_0184-scaled.jpg\" alt=\"\"><\/p>\n","protected":false},"excerpt":{"rendered":"<p>Pelastusopiston oppilasyhdistys ry valitsi vuoden 2021 opettajaksi Onnettomuuksien ehk\u00e4isyn tiiminvet\u00e4j\u00e4 [&hellip;]<\/p>\n","protected":false},"author":103,"featured_media":26926,"comment_status":"closed","ping_status":"closed","sticky":false,"template":"","format":"standard","meta":{"_acf_changed":false,"_genesis_hide_title":false,"_genesis_hide_breadcrumbs":false,"_genesis_hide_singular_image":false,"_genesis_hide_footer_widgets":false,"_genesis_custom_body_class":"","_genesis_custom_post_class":"","_genesis_layout":"","footnotes":""},"categories":[91],"tags":[],"class_list":{"0":"post-28396","1":"post","2":"type-post","3":"status-publish","4":"format-standard","5":"has-post-thumbnail","7":"category-uutisia","8":"entry"},"acf":[],"gutentor_comment":0,"yoast_head":"<!-- This site is optimized with the Yoast SEO plugin v27.5 - https:\/\/yoast.com\/product\/yoast-seo-wordpress\/ -->\n<title>Jani J\u00e4ms\u00e4 Vuoden opettaja 2021 - Pelastusopisto<\/title>\n<meta name=\"robots\" content=\"index, follow, max-snippet:-1, max-image-preview:large, max-video-preview:-1\" \/>\n<link rel=\"canonical\" href=\"https:\/\/www.pelastusopisto.fi\/en\/uutisia\/jani-jamsa-vuoden-opettaja-2021\/\" \/>\n<meta property=\"og:locale\" content=\"en_US\" \/>\n<meta property=\"og:type\" content=\"article\" \/>\n<meta property=\"og:title\" content=\"Jani J\u00e4ms\u00e4 Vuoden opettaja 2021 - Pelastusopisto\" \/>\n<meta property=\"og:description\" content=\"Pelastusopiston oppilasyhdistys ry valitsi vuoden 2021 opettajaksi Onnettomuuksien ehk\u00e4isyn tiiminvet\u00e4j\u00e4 [&hellip;]\" \/>\n<meta property=\"og:url\" content=\"https:\/\/www.pelastusopisto.fi\/en\/uutisia\/jani-jamsa-vuoden-opettaja-2021\/\" \/>\n<meta property=\"og:site_name\" content=\"Pelastusopisto\" \/>\n<meta property=\"article:publisher\" content=\"https:\/\/www.facebook.com\/Pelastusopisto\/\" \/>\n<meta property=\"article:published_time\" content=\"2022-01-04T10:42:04+00:00\" \/>\n<meta property=\"og:image\" content=\"https:\/\/www.pelastusopisto.fi\/wp-content\/uploads\/JaniJamsaRajattu-1-1.jpg\" \/>\n\t<meta property=\"og:image:width\" content=\"600\" \/>\n\t<meta property=\"og:image:height\" content=\"338\" \/>\n\t<meta property=\"og:image:type\" content=\"image\/jpeg\" \/>\n<meta name=\"author\" content=\"Viestinta-Peo\" \/>\n<meta name=\"twitter:card\" content=\"summary_large_image\" \/>\n<meta name=\"twitter:creator\" content=\"@Pelastusopisto\" \/>\n<meta name=\"twitter:site\" content=\"@Pelastusopisto\" \/>\n<meta name=\"twitter:label1\" content=\"Written by\" \/>\n\t<meta name=\"twitter:data1\" content=\"Viestinta-Peo\" \/>\n\t<meta name=\"twitter:label2\" content=\"Est. reading time\" \/>\n\t<meta name=\"twitter:data2\" content=\"2 minutes\" \/>\n<script type=\"application\/ld+json\" class=\"yoast-schema-graph\">{\"@context\":\"https:\\\/\\\/schema.org\",\"@graph\":[{\"@type\":\"Article\",\"@id\":\"https:\\\/\\\/www.pelastusopisto.fi\\\/en\\\/uutisia\\\/jani-jamsa-vuoden-opettaja-2021\\\/#article\",\"isPartOf\":{\"@id\":\"https:\\\/\\\/www.pelastusopisto.fi\\\/en\\\/uutisia\\\/jani-jamsa-vuoden-opettaja-2021\\\/\"},\"author\":{\"name\":\"Viestinta-Peo\",\"@id\":\"https:\\\/\\\/www.pelastusopisto.fi\\\/en\\\/#\\\/schema\\\/person\\\/152cef2bb81e815d963aaf12ae9b26eb\"},\"headline\":\"Jani J\u00e4ms\u00e4 Vuoden opettaja 2021\",\"datePublished\":\"2022-01-04T10:42:04+00:00\",\"mainEntityOfPage\":{\"@id\":\"https:\\\/\\\/www.pelastusopisto.fi\\\/en\\\/uutisia\\\/jani-jamsa-vuoden-opettaja-2021\\\/\"},\"wordCount\":273,\"publisher\":{\"@id\":\"https:\\\/\\\/www.pelastusopisto.fi\\\/en\\\/#organization\"},\"image\":{\"@id\":\"https:\\\/\\\/www.pelastusopisto.fi\\\/en\\\/uutisia\\\/jani-jamsa-vuoden-opettaja-2021\\\/#primaryimage\"},\"thumbnailUrl\":\"https:\\\/\\\/www.pelastusopisto.fi\\\/wp-content\\\/uploads\\\/JaniJamsaRajattu-1-1.jpg\",\"articleSection\":[\"Uutisia\"],\"inLanguage\":\"en-US\"},{\"@type\":\"WebPage\",\"@id\":\"https:\\\/\\\/www.pelastusopisto.fi\\\/en\\\/uutisia\\\/jani-jamsa-vuoden-opettaja-2021\\\/\",\"url\":\"https:\\\/\\\/www.pelastusopisto.fi\\\/en\\\/uutisia\\\/jani-jamsa-vuoden-opettaja-2021\\\/\",\"name\":\"Jani J\u00e4ms\u00e4 Vuoden opettaja 2021 - Pelastusopisto\",\"isPartOf\":{\"@id\":\"https:\\\/\\\/www.pelastusopisto.fi\\\/en\\\/#website\"},\"primaryImageOfPage\":{\"@id\":\"https:\\\/\\\/www.pelastusopisto.fi\\\/en\\\/uutisia\\\/jani-jamsa-vuoden-opettaja-2021\\\/#primaryimage\"},\"image\":{\"@id\":\"https:\\\/\\\/www.pelastusopisto.fi\\\/en\\\/uutisia\\\/jani-jamsa-vuoden-opettaja-2021\\\/#primaryimage\"},\"thumbnailUrl\":\"https:\\\/\\\/www.pelastusopisto.fi\\\/wp-content\\\/uploads\\\/JaniJamsaRajattu-1-1.jpg\",\"datePublished\":\"2022-01-04T10:42:04+00:00\",\"breadcrumb\":{\"@id\":\"https:\\\/\\\/www.pelastusopisto.fi\\\/en\\\/uutisia\\\/jani-jamsa-vuoden-opettaja-2021\\\/#breadcrumb\"},\"inLanguage\":\"en-US\",\"potentialAction\":[{\"@type\":\"ReadAction\",\"target\":[\"https:\\\/\\\/www.pelastusopisto.fi\\\/en\\\/uutisia\\\/jani-jamsa-vuoden-opettaja-2021\\\/\"]}]},{\"@type\":\"ImageObject\",\"inLanguage\":\"en-US\",\"@id\":\"https:\\\/\\\/www.pelastusopisto.fi\\\/en\\\/uutisia\\\/jani-jamsa-vuoden-opettaja-2021\\\/#primaryimage\",\"url\":\"https:\\\/\\\/www.pelastusopisto.fi\\\/wp-content\\\/uploads\\\/JaniJamsaRajattu-1-1.jpg\",\"contentUrl\":\"https:\\\/\\\/www.pelastusopisto.fi\\\/wp-content\\\/uploads\\\/JaniJamsaRajattu-1-1.jpg\",\"width\":600,\"height\":338,\"caption\":\"Kuvituskuva Jani J\u00e4ms\u00e4st\u00e4 paloautojen vieress\u00e4.\"},{\"@type\":\"BreadcrumbList\",\"@id\":\"https:\\\/\\\/www.pelastusopisto.fi\\\/en\\\/uutisia\\\/jani-jamsa-vuoden-opettaja-2021\\\/#breadcrumb\",\"itemListElement\":[{\"@type\":\"ListItem\",\"position\":1,\"name\":\"Home\",\"item\":\"https:\\\/\\\/www.pelastusopisto.fi\\\/en\\\/\"},{\"@type\":\"ListItem\",\"position\":2,\"name\":\"Jani J\u00e4ms\u00e4 Vuoden opettaja 2021\"}]},{\"@type\":\"WebSite\",\"@id\":\"https:\\\/\\\/www.pelastusopisto.fi\\\/en\\\/#website\",\"url\":\"https:\\\/\\\/www.pelastusopisto.fi\\\/en\\\/\",\"name\":\"Pelastusopisto\",\"description\":\"Pelastusopisto\",\"publisher\":{\"@id\":\"https:\\\/\\\/www.pelastusopisto.fi\\\/en\\\/#organization\"},\"potentialAction\":[{\"@type\":\"SearchAction\",\"target\":{\"@type\":\"EntryPoint\",\"urlTemplate\":\"https:\\\/\\\/www.pelastusopisto.fi\\\/en\\\/?s={search_term_string}\"},\"query-input\":{\"@type\":\"PropertyValueSpecification\",\"valueRequired\":true,\"valueName\":\"search_term_string\"}}],\"inLanguage\":\"en-US\"},{\"@type\":\"Organization\",\"@id\":\"https:\\\/\\\/www.pelastusopisto.fi\\\/en\\\/#organization\",\"name\":\"Pelastusopisto\",\"url\":\"https:\\\/\\\/www.pelastusopisto.fi\\\/en\\\/\",\"logo\":{\"@type\":\"ImageObject\",\"inLanguage\":\"en-US\",\"@id\":\"https:\\\/\\\/www.pelastusopisto.fi\\\/en\\\/#\\\/schema\\\/logo\\\/image\\\/\",\"url\":\"https:\\\/\\\/www.pelastusopisto.fi\\\/wp-content\\\/uploads\\\/pelastusopisto-logo-net.png\",\"contentUrl\":\"https:\\\/\\\/www.pelastusopisto.fi\\\/wp-content\\\/uploads\\\/pelastusopisto-logo-net.png\",\"width\":387,\"height\":71,\"caption\":\"Pelastusopisto\"},\"image\":{\"@id\":\"https:\\\/\\\/www.pelastusopisto.fi\\\/en\\\/#\\\/schema\\\/logo\\\/image\\\/\"},\"sameAs\":[\"https:\\\/\\\/www.facebook.com\\\/Pelastusopisto\\\/\",\"https:\\\/\\\/x.com\\\/Pelastusopisto\",\"https:\\\/\\\/www.instagram.com\\\/pelastusopisto\\\/\",\"https:\\\/\\\/fi.linkedin.com\\\/school\\\/pelastusopisto\\\/\",\"https:\\\/\\\/www.youtube.com\\\/channel\\\/UCQjXYneFsnDYnJtZBfr9Ajg\"]},{\"@type\":\"Person\",\"@id\":\"https:\\\/\\\/www.pelastusopisto.fi\\\/en\\\/#\\\/schema\\\/person\\\/152cef2bb81e815d963aaf12ae9b26eb\",\"name\":\"Viestinta-Peo\",\"url\":\"https:\\\/\\\/www.pelastusopisto.fi\\\/en\\\/author\\\/viestinta-peo\\\/\"}]}<\/script>\n<!-- \/ Yoast SEO plugin. -->","yoast_head_json":{"title":"Jani J\u00e4ms\u00e4 Vuoden opettaja 2021 - Pelastusopisto","robots":{"index":"index","follow":"follow","max-snippet":"max-snippet:-1","max-image-preview":"max-image-preview:large","max-video-preview":"max-video-preview:-1"},"canonical":"https:\/\/www.pelastusopisto.fi\/en\/uutisia\/jani-jamsa-vuoden-opettaja-2021\/","og_locale":"en_US","og_type":"article","og_title":"Jani J\u00e4ms\u00e4 Vuoden opettaja 2021 - Pelastusopisto","og_description":"Pelastusopiston oppilasyhdistys ry valitsi vuoden 2021 opettajaksi Onnettomuuksien ehk\u00e4isyn tiiminvet\u00e4j\u00e4 [&hellip;]","og_url":"https:\/\/www.pelastusopisto.fi\/en\/uutisia\/jani-jamsa-vuoden-opettaja-2021\/","og_site_name":"Pelastusopisto","article_publisher":"https:\/\/www.facebook.com\/Pelastusopisto\/","article_published_time":"2022-01-04T10:42:04+00:00","og_image":[{"width":600,"height":338,"url":"https:\/\/www.pelastusopisto.fi\/wp-content\/uploads\/JaniJamsaRajattu-1-1.jpg","type":"image\/jpeg"}],"author":"Viestinta-Peo","twitter_card":"summary_large_image","twitter_creator":"@Pelastusopisto","twitter_site":"@Pelastusopisto","twitter_misc":{"Written by":"Viestinta-Peo","Est. reading time":"2 minutes"},"schema":{"@context":"https:\/\/schema.org","@graph":[{"@type":"Article","@id":"https:\/\/www.pelastusopisto.fi\/en\/uutisia\/jani-jamsa-vuoden-opettaja-2021\/#article","isPartOf":{"@id":"https:\/\/www.pelastusopisto.fi\/en\/uutisia\/jani-jamsa-vuoden-opettaja-2021\/"},"author":{"name":"Viestinta-Peo","@id":"https:\/\/www.pelastusopisto.fi\/en\/#\/schema\/person\/152cef2bb81e815d963aaf12ae9b26eb"},"headline":"Jani J\u00e4ms\u00e4 Vuoden opettaja 2021","datePublished":"2022-01-04T10:42:04+00:00","mainEntityOfPage":{"@id":"https:\/\/www.pelastusopisto.fi\/en\/uutisia\/jani-jamsa-vuoden-opettaja-2021\/"},"wordCount":273,"publisher":{"@id":"https:\/\/www.pelastusopisto.fi\/en\/#organization"},"image":{"@id":"https:\/\/www.pelastusopisto.fi\/en\/uutisia\/jani-jamsa-vuoden-opettaja-2021\/#primaryimage"},"thumbnailUrl":"https:\/\/www.pelastusopisto.fi\/wp-content\/uploads\/JaniJamsaRajattu-1-1.jpg","articleSection":["Uutisia"],"inLanguage":"en-US"},{"@type":"WebPage","@id":"https:\/\/www.pelastusopisto.fi\/en\/uutisia\/jani-jamsa-vuoden-opettaja-2021\/","url":"https:\/\/www.pelastusopisto.fi\/en\/uutisia\/jani-jamsa-vuoden-opettaja-2021\/","name":"Jani J\u00e4ms\u00e4 Vuoden opettaja 2021 - Pelastusopisto","isPartOf":{"@id":"https:\/\/www.pelastusopisto.fi\/en\/#website"},"primaryImageOfPage":{"@id":"https:\/\/www.pelastusopisto.fi\/en\/uutisia\/jani-jamsa-vuoden-opettaja-2021\/#primaryimage"},"image":{"@id":"https:\/\/www.pelastusopisto.fi\/en\/uutisia\/jani-jamsa-vuoden-opettaja-2021\/#primaryimage"},"thumbnailUrl":"https:\/\/www.pelastusopisto.fi\/wp-content\/uploads\/JaniJamsaRajattu-1-1.jpg","datePublished":"2022-01-04T10:42:04+00:00","breadcrumb":{"@id":"https:\/\/www.pelastusopisto.fi\/en\/uutisia\/jani-jamsa-vuoden-opettaja-2021\/#breadcrumb"},"inLanguage":"en-US","potentialAction":[{"@type":"ReadAction","target":["https:\/\/www.pelastusopisto.fi\/en\/uutisia\/jani-jamsa-vuoden-opettaja-2021\/"]}]},{"@type":"ImageObject","inLanguage":"en-US","@id":"https:\/\/www.pelastusopisto.fi\/en\/uutisia\/jani-jamsa-vuoden-opettaja-2021\/#primaryimage","url":"https:\/\/www.pelastusopisto.fi\/wp-content\/uploads\/JaniJamsaRajattu-1-1.jpg","contentUrl":"https:\/\/www.pelastusopisto.fi\/wp-content\/uploads\/JaniJamsaRajattu-1-1.jpg","width":600,"height":338,"caption":"Kuvituskuva Jani J\u00e4ms\u00e4st\u00e4 paloautojen vieress\u00e4."},{"@type":"BreadcrumbList","@id":"https:\/\/www.pelastusopisto.fi\/en\/uutisia\/jani-jamsa-vuoden-opettaja-2021\/#breadcrumb","itemListElement":[{"@type":"ListItem","position":1,"name":"Home","item":"https:\/\/www.pelastusopisto.fi\/en\/"},{"@type":"ListItem","position":2,"name":"Jani J\u00e4ms\u00e4 Vuoden opettaja 2021"}]},{"@type":"WebSite","@id":"https:\/\/www.pelastusopisto.fi\/en\/#website","url":"https:\/\/www.pelastusopisto.fi\/en\/","name":"Pelastusopisto","description":"Pelastusopisto","publisher":{"@id":"https:\/\/www.pelastusopisto.fi\/en\/#organization"},"potentialAction":[{"@type":"SearchAction","target":{"@type":"EntryPoint","urlTemplate":"https:\/\/www.pelastusopisto.fi\/en\/?s={search_term_string}"},"query-input":{"@type":"PropertyValueSpecification","valueRequired":true,"valueName":"search_term_string"}}],"inLanguage":"en-US"},{"@type":"Organization","@id":"https:\/\/www.pelastusopisto.fi\/en\/#organization","name":"Pelastusopisto","url":"https:\/\/www.pelastusopisto.fi\/en\/","logo":{"@type":"ImageObject","inLanguage":"en-US","@id":"https:\/\/www.pelastusopisto.fi\/en\/#\/schema\/logo\/image\/","url":"https:\/\/www.pelastusopisto.fi\/wp-content\/uploads\/pelastusopisto-logo-net.png","contentUrl":"https:\/\/www.pelastusopisto.fi\/wp-content\/uploads\/pelastusopisto-logo-net.png","width":387,"height":71,"caption":"Pelastusopisto"},"image":{"@id":"https:\/\/www.pelastusopisto.fi\/en\/#\/schema\/logo\/image\/"},"sameAs":["https:\/\/www.facebook.com\/Pelastusopisto\/","https:\/\/x.com\/Pelastusopisto","https:\/\/www.instagram.com\/pelastusopisto\/","https:\/\/fi.linkedin.com\/school\/pelastusopisto\/","https:\/\/www.youtube.com\/channel\/UCQjXYneFsnDYnJtZBfr9Ajg"]},{"@type":"Person","@id":"https:\/\/www.pelastusopisto.fi\/en\/#\/schema\/person\/152cef2bb81e815d963aaf12ae9b26eb","name":"Viestinta-Peo","url":"https:\/\/www.pelastusopisto.fi\/en\/author\/viestinta-peo\/"}]}},"featured_image_src":"https:\/\/www.pelastusopisto.fi\/wp-content\/uploads\/JaniJamsaRajattu-1-1.jpg","featured_image_src_square":"https:\/\/www.pelastusopisto.fi\/wp-content\/uploads\/JaniJamsaRajattu-1-1.jpg","author_info":{"display_name":"Viestinta-Peo","author_link":"https:\/\/www.pelastusopisto.fi\/en\/author\/viestinta-peo\/"},"_links":{"self":[{"href":"https:\/\/www.pelastusopisto.fi\/en\/wp-json\/wp\/v2\/posts\/28396","targetHints":{"allow":["GET"]}}],"collection":[{"href":"https:\/\/www.pelastusopisto.fi\/en\/wp-json\/wp\/v2\/posts"}],"about":[{"href":"https:\/\/www.pelastusopisto.fi\/en\/wp-json\/wp\/v2\/types\/post"}],"author":[{"embeddable":true,"href":"https:\/\/www.pelastusopisto.fi\/en\/wp-json\/wp\/v2\/users\/103"}],"replies":[{"embeddable":true,"href":"https:\/\/www.pelastusopisto.fi\/en\/wp-json\/wp\/v2\/comments?post=28396"}],"version-history":[{"count":0,"href":"https:\/\/www.pelastusopisto.fi\/en\/wp-json\/wp\/v2\/posts\/28396\/revisions"}],"wp:featuredmedia":[{"embeddable":true,"href":"https:\/\/www.pelastusopisto.fi\/en\/wp-json\/wp\/v2\/media\/26926"}],"wp:attachment":[{"href":"https:\/\/www.pelastusopisto.fi\/en\/wp-json\/wp\/v2\/media?parent=28396"}],"wp:term":[{"taxonomy":"category","embeddable":true,"href":"https:\/\/www.pelastusopisto.fi\/en\/wp-json\/wp\/v2\/categories?post=28396"},{"taxonomy":"post_tag","embeddable":true,"href":"https:\/\/www.pelastusopisto.fi\/en\/wp-json\/wp\/v2\/tags?post=28396"}],"curies":[{"name":"wp","href":"https:\/\/api.w.org\/{rel}","templated":true}]}}