{"id":23702,"date":"2021-03-29T09:01:57","date_gmt":"2021-03-29T06:01:57","guid":{"rendered":"https:\/\/www.pelastusopisto.fi\/?p=23702"},"modified":"2021-03-29T09:01:57","modified_gmt":"2021-03-29T06:01:57","slug":"koronavirustartunta-pelastusopiston-harjoittelujaksolla-olevalla-opiskelijalla","status":"publish","type":"post","link":"https:\/\/www.pelastusopisto.fi\/en\/uutisia\/koronavirustartunta-pelastusopiston-harjoittelujaksolla-olevalla-opiskelijalla\/","title":{"rendered":"Koronavirustartunta Pelastusopiston harjoittelujaksolla olevalla opiskelijalla."},"content":{"rendered":"\n<p>Pelastusopiston opiskelijalla on todettu koronavirustartunta. Kyseess\u00e4 on yksitt\u00e4istapaus ja tartunta on todettu harjoittelujaksolla olevalla opiskelijalla. Opiskelija ei ole ollut tekemisiss\u00e4 Pelastusopiston muiden opiskelijoiden tai henkil\u00f6st\u00f6n kanssa harjoittelujakson aikana.<\/p>\n\n\n\n<p>Tapaus on alueellisten tartuntatautiviranomaisten tiedossa ja tartuntaketjujen selvityst\u00e4 tehd\u00e4\u00e4n harjoittelupaikassa ja -paikkakunnalla. Tapauksessa noudatetaan&nbsp;asianmukaista terveysviranomaisen m\u00e4\u00e4r\u00e4\u00e4m\u00e4\u00e4 eristyst\u00e4.<\/p>\n\n\n\n<p>Altistumisketjujen selvityksi\u00e4 ei tarvitse tehd\u00e4 Pelastuspistolla, eik\u00e4 tapaus vaikuta Pelastusopiston toimintaan.<\/p>\n\n\n\n<p>Minna Hirvonen<br>vs. rehtori<br>Pelastusopisto<\/p>\n","protected":false},"excerpt":{"rendered":"<p>Pelastusopiston opiskelijalla on todettu koronavirustartunta. Kyseess\u00e4 on yksitt\u00e4istapaus ja tartunta [&hellip;]<\/p>\n","protected":false},"author":65,"featured_media":43996,"comment_status":"closed","ping_status":"closed","sticky":false,"template":"","format":"standard","meta":{"_acf_changed":false,"_genesis_hide_title":false,"_genesis_hide_breadcrumbs":false,"_genesis_hide_singular_image":false,"_genesis_hide_footer_widgets":false,"_genesis_custom_body_class":"","_genesis_custom_post_class":"","_genesis_layout":"","footnotes":""},"categories":[91],"tags":[],"class_list":{"0":"post-23702","1":"post","2":"type-post","3":"status-publish","4":"format-standard","5":"has-post-thumbnail","7":"category-uutisia","8":"entry"},"acf":[],"gutentor_comment":0,"yoast_head":"<!-- This site is optimized with the Yoast SEO plugin v27.5 - https:\/\/yoast.com\/product\/yoast-seo-wordpress\/ -->\n<title>Koronavirustartunta Pelastusopiston harjoittelujaksolla olevalla opiskelijalla. - Pelastusopisto<\/title>\n<meta name=\"description\" content=\"Pelastusopiston opiskelijalla on todettu koronavirustartunta. Kyseess\u00e4 on yksitt\u00e4istapaus ja tartunta on todettu harjoittelujaksolla olevalla opiskelijalla. Opiskelija ei ole ollut tekemisiss\u00e4 Pelastusopiston muiden opiskelijoiden tai henkil\u00f6st\u00f6n kanssa harjoittelujakson aikana.\" \/>\n<meta name=\"robots\" content=\"index, follow, max-snippet:-1, max-image-preview:large, max-video-preview:-1\" \/>\n<link rel=\"canonical\" href=\"https:\/\/www.pelastusopisto.fi\/en\/uutisia\/koronavirustartunta-pelastusopiston-harjoittelujaksolla-olevalla-opiskelijalla\/\" \/>\n<meta property=\"og:locale\" content=\"en_US\" \/>\n<meta property=\"og:type\" content=\"article\" \/>\n<meta property=\"og:title\" content=\"Koronavirustartunta Pelastusopiston harjoittelujaksolla olevalla opiskelijalla. - Pelastusopisto\" \/>\n<meta property=\"og:description\" content=\"Pelastusopiston opiskelijalla on todettu koronavirustartunta. Kyseess\u00e4 on yksitt\u00e4istapaus ja tartunta on todettu harjoittelujaksolla olevalla opiskelijalla. Opiskelija ei ole ollut tekemisiss\u00e4 Pelastusopiston muiden opiskelijoiden tai henkil\u00f6st\u00f6n kanssa harjoittelujakson aikana.\" \/>\n<meta property=\"og:url\" content=\"https:\/\/www.pelastusopisto.fi\/en\/uutisia\/koronavirustartunta-pelastusopiston-harjoittelujaksolla-olevalla-opiskelijalla\/\" \/>\n<meta property=\"og:site_name\" content=\"Pelastusopisto\" \/>\n<meta property=\"article:publisher\" content=\"https:\/\/www.facebook.com\/Pelastusopisto\/\" \/>\n<meta property=\"article:published_time\" content=\"2021-03-29T06:01:57+00:00\" \/>\n<meta property=\"og:image\" content=\"https:\/\/www.pelastusopisto.fi\/wp-content\/uploads\/placeholder.png\" \/>\n\t<meta property=\"og:image:width\" content=\"900\" \/>\n\t<meta property=\"og:image:height\" content=\"600\" \/>\n\t<meta property=\"og:image:type\" content=\"image\/png\" \/>\n<meta name=\"author\" content=\"Virve Kyll\u00f6nen\" \/>\n<meta name=\"twitter:card\" content=\"summary_large_image\" \/>\n<meta name=\"twitter:creator\" content=\"@Pelastusopisto\" \/>\n<meta name=\"twitter:site\" content=\"@Pelastusopisto\" \/>\n<meta name=\"twitter:label1\" content=\"Written by\" \/>\n\t<meta name=\"twitter:data1\" content=\"Virve Kyll\u00f6nen\" \/>\n\t<meta name=\"twitter:label2\" content=\"Est. reading time\" \/>\n\t<meta name=\"twitter:data2\" content=\"1 minute\" \/>\n<script type=\"application\/ld+json\" class=\"yoast-schema-graph\">{\"@context\":\"https:\\\/\\\/schema.org\",\"@graph\":[{\"@type\":\"Article\",\"@id\":\"https:\\\/\\\/www.pelastusopisto.fi\\\/en\\\/uutisia\\\/koronavirustartunta-pelastusopiston-harjoittelujaksolla-olevalla-opiskelijalla\\\/#article\",\"isPartOf\":{\"@id\":\"https:\\\/\\\/www.pelastusopisto.fi\\\/en\\\/uutisia\\\/koronavirustartunta-pelastusopiston-harjoittelujaksolla-olevalla-opiskelijalla\\\/\"},\"author\":{\"name\":\"Virve Kyll\u00f6nen\",\"@id\":\"https:\\\/\\\/www.pelastusopisto.fi\\\/en\\\/#\\\/schema\\\/person\\\/5f3474c0d0f844f798a8e940f44d5a43\"},\"headline\":\"Koronavirustartunta Pelastusopiston harjoittelujaksolla olevalla opiskelijalla.\",\"datePublished\":\"2021-03-29T06:01:57+00:00\",\"mainEntityOfPage\":{\"@id\":\"https:\\\/\\\/www.pelastusopisto.fi\\\/en\\\/uutisia\\\/koronavirustartunta-pelastusopiston-harjoittelujaksolla-olevalla-opiskelijalla\\\/\"},\"wordCount\":72,\"publisher\":{\"@id\":\"https:\\\/\\\/www.pelastusopisto.fi\\\/en\\\/#organization\"},\"image\":{\"@id\":\"https:\\\/\\\/www.pelastusopisto.fi\\\/en\\\/uutisia\\\/koronavirustartunta-pelastusopiston-harjoittelujaksolla-olevalla-opiskelijalla\\\/#primaryimage\"},\"thumbnailUrl\":\"https:\\\/\\\/www.pelastusopisto.fi\\\/wp-content\\\/uploads\\\/placeholder.png\",\"articleSection\":[\"Uutisia\"],\"inLanguage\":\"en-US\"},{\"@type\":\"WebPage\",\"@id\":\"https:\\\/\\\/www.pelastusopisto.fi\\\/en\\\/uutisia\\\/koronavirustartunta-pelastusopiston-harjoittelujaksolla-olevalla-opiskelijalla\\\/\",\"url\":\"https:\\\/\\\/www.pelastusopisto.fi\\\/en\\\/uutisia\\\/koronavirustartunta-pelastusopiston-harjoittelujaksolla-olevalla-opiskelijalla\\\/\",\"name\":\"Koronavirustartunta Pelastusopiston harjoittelujaksolla olevalla opiskelijalla. - Pelastusopisto\",\"isPartOf\":{\"@id\":\"https:\\\/\\\/www.pelastusopisto.fi\\\/en\\\/#website\"},\"primaryImageOfPage\":{\"@id\":\"https:\\\/\\\/www.pelastusopisto.fi\\\/en\\\/uutisia\\\/koronavirustartunta-pelastusopiston-harjoittelujaksolla-olevalla-opiskelijalla\\\/#primaryimage\"},\"image\":{\"@id\":\"https:\\\/\\\/www.pelastusopisto.fi\\\/en\\\/uutisia\\\/koronavirustartunta-pelastusopiston-harjoittelujaksolla-olevalla-opiskelijalla\\\/#primaryimage\"},\"thumbnailUrl\":\"https:\\\/\\\/www.pelastusopisto.fi\\\/wp-content\\\/uploads\\\/placeholder.png\",\"datePublished\":\"2021-03-29T06:01:57+00:00\",\"description\":\"Pelastusopiston opiskelijalla on todettu koronavirustartunta. Kyseess\u00e4 on yksitt\u00e4istapaus ja tartunta on todettu harjoittelujaksolla olevalla opiskelijalla. Opiskelija ei ole ollut tekemisiss\u00e4 Pelastusopiston muiden opiskelijoiden tai henkil\u00f6st\u00f6n kanssa harjoittelujakson aikana.\",\"breadcrumb\":{\"@id\":\"https:\\\/\\\/www.pelastusopisto.fi\\\/en\\\/uutisia\\\/koronavirustartunta-pelastusopiston-harjoittelujaksolla-olevalla-opiskelijalla\\\/#breadcrumb\"},\"inLanguage\":\"en-US\",\"potentialAction\":[{\"@type\":\"ReadAction\",\"target\":[\"https:\\\/\\\/www.pelastusopisto.fi\\\/en\\\/uutisia\\\/koronavirustartunta-pelastusopiston-harjoittelujaksolla-olevalla-opiskelijalla\\\/\"]}]},{\"@type\":\"ImageObject\",\"inLanguage\":\"en-US\",\"@id\":\"https:\\\/\\\/www.pelastusopisto.fi\\\/en\\\/uutisia\\\/koronavirustartunta-pelastusopiston-harjoittelujaksolla-olevalla-opiskelijalla\\\/#primaryimage\",\"url\":\"https:\\\/\\\/www.pelastusopisto.fi\\\/wp-content\\\/uploads\\\/placeholder.png\",\"contentUrl\":\"https:\\\/\\\/www.pelastusopisto.fi\\\/wp-content\\\/uploads\\\/placeholder.png\",\"width\":900,\"height\":600},{\"@type\":\"BreadcrumbList\",\"@id\":\"https:\\\/\\\/www.pelastusopisto.fi\\\/en\\\/uutisia\\\/koronavirustartunta-pelastusopiston-harjoittelujaksolla-olevalla-opiskelijalla\\\/#breadcrumb\",\"itemListElement\":[{\"@type\":\"ListItem\",\"position\":1,\"name\":\"Home\",\"item\":\"https:\\\/\\\/www.pelastusopisto.fi\\\/en\\\/\"},{\"@type\":\"ListItem\",\"position\":2,\"name\":\"Koronavirustartunta Pelastusopiston harjoittelujaksolla olevalla opiskelijalla.\"}]},{\"@type\":\"WebSite\",\"@id\":\"https:\\\/\\\/www.pelastusopisto.fi\\\/en\\\/#website\",\"url\":\"https:\\\/\\\/www.pelastusopisto.fi\\\/en\\\/\",\"name\":\"Pelastusopisto\",\"description\":\"Pelastusopisto\",\"publisher\":{\"@id\":\"https:\\\/\\\/www.pelastusopisto.fi\\\/en\\\/#organization\"},\"potentialAction\":[{\"@type\":\"SearchAction\",\"target\":{\"@type\":\"EntryPoint\",\"urlTemplate\":\"https:\\\/\\\/www.pelastusopisto.fi\\\/en\\\/?s={search_term_string}\"},\"query-input\":{\"@type\":\"PropertyValueSpecification\",\"valueRequired\":true,\"valueName\":\"search_term_string\"}}],\"inLanguage\":\"en-US\"},{\"@type\":\"Organization\",\"@id\":\"https:\\\/\\\/www.pelastusopisto.fi\\\/en\\\/#organization\",\"name\":\"Pelastusopisto\",\"url\":\"https:\\\/\\\/www.pelastusopisto.fi\\\/en\\\/\",\"logo\":{\"@type\":\"ImageObject\",\"inLanguage\":\"en-US\",\"@id\":\"https:\\\/\\\/www.pelastusopisto.fi\\\/en\\\/#\\\/schema\\\/logo\\\/image\\\/\",\"url\":\"https:\\\/\\\/www.pelastusopisto.fi\\\/wp-content\\\/uploads\\\/pelastusopisto-logo-net.png\",\"contentUrl\":\"https:\\\/\\\/www.pelastusopisto.fi\\\/wp-content\\\/uploads\\\/pelastusopisto-logo-net.png\",\"width\":387,\"height\":71,\"caption\":\"Pelastusopisto\"},\"image\":{\"@id\":\"https:\\\/\\\/www.pelastusopisto.fi\\\/en\\\/#\\\/schema\\\/logo\\\/image\\\/\"},\"sameAs\":[\"https:\\\/\\\/www.facebook.com\\\/Pelastusopisto\\\/\",\"https:\\\/\\\/x.com\\\/Pelastusopisto\",\"https:\\\/\\\/www.instagram.com\\\/pelastusopisto\\\/\",\"https:\\\/\\\/fi.linkedin.com\\\/school\\\/pelastusopisto\\\/\",\"https:\\\/\\\/www.youtube.com\\\/channel\\\/UCQjXYneFsnDYnJtZBfr9Ajg\"]},{\"@type\":\"Person\",\"@id\":\"https:\\\/\\\/www.pelastusopisto.fi\\\/en\\\/#\\\/schema\\\/person\\\/5f3474c0d0f844f798a8e940f44d5a43\",\"name\":\"Virve Kyll\u00f6nen\",\"url\":\"https:\\\/\\\/www.pelastusopisto.fi\\\/en\\\/author\\\/virv-kyll\\\/\"}]}<\/script>\n<!-- \/ Yoast SEO plugin. -->","yoast_head_json":{"title":"Koronavirustartunta Pelastusopiston harjoittelujaksolla olevalla opiskelijalla. - Pelastusopisto","description":"Pelastusopiston opiskelijalla on todettu koronavirustartunta. Kyseess\u00e4 on yksitt\u00e4istapaus ja tartunta on todettu harjoittelujaksolla olevalla opiskelijalla. Opiskelija ei ole ollut tekemisiss\u00e4 Pelastusopiston muiden opiskelijoiden tai henkil\u00f6st\u00f6n kanssa harjoittelujakson aikana.","robots":{"index":"index","follow":"follow","max-snippet":"max-snippet:-1","max-image-preview":"max-image-preview:large","max-video-preview":"max-video-preview:-1"},"canonical":"https:\/\/www.pelastusopisto.fi\/en\/uutisia\/koronavirustartunta-pelastusopiston-harjoittelujaksolla-olevalla-opiskelijalla\/","og_locale":"en_US","og_type":"article","og_title":"Koronavirustartunta Pelastusopiston harjoittelujaksolla olevalla opiskelijalla. - Pelastusopisto","og_description":"Pelastusopiston opiskelijalla on todettu koronavirustartunta. Kyseess\u00e4 on yksitt\u00e4istapaus ja tartunta on todettu harjoittelujaksolla olevalla opiskelijalla. Opiskelija ei ole ollut tekemisiss\u00e4 Pelastusopiston muiden opiskelijoiden tai henkil\u00f6st\u00f6n kanssa harjoittelujakson aikana.","og_url":"https:\/\/www.pelastusopisto.fi\/en\/uutisia\/koronavirustartunta-pelastusopiston-harjoittelujaksolla-olevalla-opiskelijalla\/","og_site_name":"Pelastusopisto","article_publisher":"https:\/\/www.facebook.com\/Pelastusopisto\/","article_published_time":"2021-03-29T06:01:57+00:00","og_image":[{"width":900,"height":600,"url":"https:\/\/www.pelastusopisto.fi\/wp-content\/uploads\/placeholder.png","type":"image\/png"}],"author":"Virve Kyll\u00f6nen","twitter_card":"summary_large_image","twitter_creator":"@Pelastusopisto","twitter_site":"@Pelastusopisto","twitter_misc":{"Written by":"Virve Kyll\u00f6nen","Est. reading time":"1 minute"},"schema":{"@context":"https:\/\/schema.org","@graph":[{"@type":"Article","@id":"https:\/\/www.pelastusopisto.fi\/en\/uutisia\/koronavirustartunta-pelastusopiston-harjoittelujaksolla-olevalla-opiskelijalla\/#article","isPartOf":{"@id":"https:\/\/www.pelastusopisto.fi\/en\/uutisia\/koronavirustartunta-pelastusopiston-harjoittelujaksolla-olevalla-opiskelijalla\/"},"author":{"name":"Virve Kyll\u00f6nen","@id":"https:\/\/www.pelastusopisto.fi\/en\/#\/schema\/person\/5f3474c0d0f844f798a8e940f44d5a43"},"headline":"Koronavirustartunta Pelastusopiston harjoittelujaksolla olevalla opiskelijalla.","datePublished":"2021-03-29T06:01:57+00:00","mainEntityOfPage":{"@id":"https:\/\/www.pelastusopisto.fi\/en\/uutisia\/koronavirustartunta-pelastusopiston-harjoittelujaksolla-olevalla-opiskelijalla\/"},"wordCount":72,"publisher":{"@id":"https:\/\/www.pelastusopisto.fi\/en\/#organization"},"image":{"@id":"https:\/\/www.pelastusopisto.fi\/en\/uutisia\/koronavirustartunta-pelastusopiston-harjoittelujaksolla-olevalla-opiskelijalla\/#primaryimage"},"thumbnailUrl":"https:\/\/www.pelastusopisto.fi\/wp-content\/uploads\/placeholder.png","articleSection":["Uutisia"],"inLanguage":"en-US"},{"@type":"WebPage","@id":"https:\/\/www.pelastusopisto.fi\/en\/uutisia\/koronavirustartunta-pelastusopiston-harjoittelujaksolla-olevalla-opiskelijalla\/","url":"https:\/\/www.pelastusopisto.fi\/en\/uutisia\/koronavirustartunta-pelastusopiston-harjoittelujaksolla-olevalla-opiskelijalla\/","name":"Koronavirustartunta Pelastusopiston harjoittelujaksolla olevalla opiskelijalla. - Pelastusopisto","isPartOf":{"@id":"https:\/\/www.pelastusopisto.fi\/en\/#website"},"primaryImageOfPage":{"@id":"https:\/\/www.pelastusopisto.fi\/en\/uutisia\/koronavirustartunta-pelastusopiston-harjoittelujaksolla-olevalla-opiskelijalla\/#primaryimage"},"image":{"@id":"https:\/\/www.pelastusopisto.fi\/en\/uutisia\/koronavirustartunta-pelastusopiston-harjoittelujaksolla-olevalla-opiskelijalla\/#primaryimage"},"thumbnailUrl":"https:\/\/www.pelastusopisto.fi\/wp-content\/uploads\/placeholder.png","datePublished":"2021-03-29T06:01:57+00:00","description":"Pelastusopiston opiskelijalla on todettu koronavirustartunta. Kyseess\u00e4 on yksitt\u00e4istapaus ja tartunta on todettu harjoittelujaksolla olevalla opiskelijalla. Opiskelija ei ole ollut tekemisiss\u00e4 Pelastusopiston muiden opiskelijoiden tai henkil\u00f6st\u00f6n kanssa harjoittelujakson aikana.","breadcrumb":{"@id":"https:\/\/www.pelastusopisto.fi\/en\/uutisia\/koronavirustartunta-pelastusopiston-harjoittelujaksolla-olevalla-opiskelijalla\/#breadcrumb"},"inLanguage":"en-US","potentialAction":[{"@type":"ReadAction","target":["https:\/\/www.pelastusopisto.fi\/en\/uutisia\/koronavirustartunta-pelastusopiston-harjoittelujaksolla-olevalla-opiskelijalla\/"]}]},{"@type":"ImageObject","inLanguage":"en-US","@id":"https:\/\/www.pelastusopisto.fi\/en\/uutisia\/koronavirustartunta-pelastusopiston-harjoittelujaksolla-olevalla-opiskelijalla\/#primaryimage","url":"https:\/\/www.pelastusopisto.fi\/wp-content\/uploads\/placeholder.png","contentUrl":"https:\/\/www.pelastusopisto.fi\/wp-content\/uploads\/placeholder.png","width":900,"height":600},{"@type":"BreadcrumbList","@id":"https:\/\/www.pelastusopisto.fi\/en\/uutisia\/koronavirustartunta-pelastusopiston-harjoittelujaksolla-olevalla-opiskelijalla\/#breadcrumb","itemListElement":[{"@type":"ListItem","position":1,"name":"Home","item":"https:\/\/www.pelastusopisto.fi\/en\/"},{"@type":"ListItem","position":2,"name":"Koronavirustartunta Pelastusopiston harjoittelujaksolla olevalla opiskelijalla."}]},{"@type":"WebSite","@id":"https:\/\/www.pelastusopisto.fi\/en\/#website","url":"https:\/\/www.pelastusopisto.fi\/en\/","name":"Pelastusopisto","description":"Pelastusopisto","publisher":{"@id":"https:\/\/www.pelastusopisto.fi\/en\/#organization"},"potentialAction":[{"@type":"SearchAction","target":{"@type":"EntryPoint","urlTemplate":"https:\/\/www.pelastusopisto.fi\/en\/?s={search_term_string}"},"query-input":{"@type":"PropertyValueSpecification","valueRequired":true,"valueName":"search_term_string"}}],"inLanguage":"en-US"},{"@type":"Organization","@id":"https:\/\/www.pelastusopisto.fi\/en\/#organization","name":"Pelastusopisto","url":"https:\/\/www.pelastusopisto.fi\/en\/","logo":{"@type":"ImageObject","inLanguage":"en-US","@id":"https:\/\/www.pelastusopisto.fi\/en\/#\/schema\/logo\/image\/","url":"https:\/\/www.pelastusopisto.fi\/wp-content\/uploads\/pelastusopisto-logo-net.png","contentUrl":"https:\/\/www.pelastusopisto.fi\/wp-content\/uploads\/pelastusopisto-logo-net.png","width":387,"height":71,"caption":"Pelastusopisto"},"image":{"@id":"https:\/\/www.pelastusopisto.fi\/en\/#\/schema\/logo\/image\/"},"sameAs":["https:\/\/www.facebook.com\/Pelastusopisto\/","https:\/\/x.com\/Pelastusopisto","https:\/\/www.instagram.com\/pelastusopisto\/","https:\/\/fi.linkedin.com\/school\/pelastusopisto\/","https:\/\/www.youtube.com\/channel\/UCQjXYneFsnDYnJtZBfr9Ajg"]},{"@type":"Person","@id":"https:\/\/www.pelastusopisto.fi\/en\/#\/schema\/person\/5f3474c0d0f844f798a8e940f44d5a43","name":"Virve Kyll\u00f6nen","url":"https:\/\/www.pelastusopisto.fi\/en\/author\/virv-kyll\/"}]}},"featured_image_src":"https:\/\/www.pelastusopisto.fi\/wp-content\/uploads\/placeholder-600x400.png","featured_image_src_square":"https:\/\/www.pelastusopisto.fi\/wp-content\/uploads\/placeholder-600x600.png","author_info":{"display_name":"Virve Kyll\u00f6nen","author_link":"https:\/\/www.pelastusopisto.fi\/en\/author\/virv-kyll\/"},"_links":{"self":[{"href":"https:\/\/www.pelastusopisto.fi\/en\/wp-json\/wp\/v2\/posts\/23702","targetHints":{"allow":["GET"]}}],"collection":[{"href":"https:\/\/www.pelastusopisto.fi\/en\/wp-json\/wp\/v2\/posts"}],"about":[{"href":"https:\/\/www.pelastusopisto.fi\/en\/wp-json\/wp\/v2\/types\/post"}],"author":[{"embeddable":true,"href":"https:\/\/www.pelastusopisto.fi\/en\/wp-json\/wp\/v2\/users\/65"}],"replies":[{"embeddable":true,"href":"https:\/\/www.pelastusopisto.fi\/en\/wp-json\/wp\/v2\/comments?post=23702"}],"version-history":[{"count":0,"href":"https:\/\/www.pelastusopisto.fi\/en\/wp-json\/wp\/v2\/posts\/23702\/revisions"}],"wp:featuredmedia":[{"embeddable":true,"href":"https:\/\/www.pelastusopisto.fi\/en\/wp-json\/wp\/v2\/media\/43996"}],"wp:attachment":[{"href":"https:\/\/www.pelastusopisto.fi\/en\/wp-json\/wp\/v2\/media?parent=23702"}],"wp:term":[{"taxonomy":"category","embeddable":true,"href":"https:\/\/www.pelastusopisto.fi\/en\/wp-json\/wp\/v2\/categories?post=23702"},{"taxonomy":"post_tag","embeddable":true,"href":"https:\/\/www.pelastusopisto.fi\/en\/wp-json\/wp\/v2\/tags?post=23702"}],"curies":[{"name":"wp","href":"https:\/\/api.w.org\/{rel}","templated":true}]}}